{"id":43565,"date":"2024-09-06T09:00:00","date_gmt":"2024-09-06T12:00:00","guid":{"rendered":"https:\/\/latinoamerica21.com\/?p=43565"},"modified":"2024-09-05T05:38:22","modified_gmt":"2024-09-05T08:38:22","slug":"deportacion-de-brasilenos-una-tragedia-silenciosa","status":"publish","type":"post","link":"https:\/\/latinoamerica21.com\/es\/deportacion-de-brasilenos-una-tragedia-silenciosa\/","title":{"rendered":"Deportaci\u00f3n de brasile\u00f1os: una tragedia silenciosa"},"content":{"rendered":"\n<p>Desde 2019, con los<a href=\"https:\/\/www.cartacapital.com.br\/politica\/bolsonaro-defende-direito-de-trump-de-deportar-brasileiros-dos-eua\/\"> gobiernos de Jair Bolsonaro y Donald Trump<\/a>, existe un tema recurrente en los medios brasile\u00f1os: la presencia de aviones fletados por el gobierno estadounidense en el Aeropuerto Internacional de Confins trayendo brasile\u00f1os deportados. Entre octubre de 2019 y julio de este a\u00f1o, alcanzamos la marca de 9.885 brasile\u00f1os en m\u00e1s de 100 vuelos fletados. En este per\u00edodo de 4 a\u00f1os y 10 meses, el estado de Minas Gerais (MG) recibi\u00f3 un promedio mensual de 170 deportados.<\/p>\n\n\n\n<p>Este tema gan\u00f3 visibilidad durante los a\u00f1os de la pandemia y durante las \u00faltimas elecciones presidenciales en ambos pa\u00edses. Sin embargo, lo que vemos es una fuerte tendencia a reducir el debate s\u00f3lo al n\u00famero de deportados que llegan a Minas Gerais cada mes, y un intento de se\u00f1alar si las deportaciones aumentar\u00e1n o no en un futuro pr\u00f3ximo.<\/p>\n\n\n\n<p>La deportaci\u00f3n por v\u00eda a\u00e9rea a Minas Gerais es s\u00f3lo uno de los tipos de deportaciones que sufren los emigrantes brasile\u00f1os. A esto se a\u00f1ade el hecho de que es s\u00f3lo una etapa de un largo proceso de violencia sufrido por muchos de estos compatriotas que buscan mejores sus condiciones de vida en EE. UU.<\/p>\n\n\n\n<p><strong>\u00bfPor qu\u00e9 no denunciamos otras deportaciones en vigor?<\/strong><\/p>\n\n\n\n<p>El primer punto es que las cifras del aeropuerto de Confins no revelan el n\u00famero total de brasile\u00f1os deportados. Se trata s\u00f3lo de los que fueron deportados en vuelos fletados de EE. UU a Minas Gerais. Hay al menos otros dos tipos de deportaci\u00f3n que desconocemos num\u00e9ricamente. La m\u00e1s antigua y continua es la de los brasile\u00f1os que son deportados a trav\u00e9s de asientos vac\u00edos en vuelos comerciales y que no llegan necesariamente a Brasil a trav\u00e9s de Minas Gerais.<\/p>\n\n\n\n<p>La otra, la m\u00e1s cr\u00edtica y muy poco conocida, es la deportaci\u00f3n de brasile\u00f1os a pa\u00edses distintos de Brasil. Establecida por el gobierno estadounidense en 2019, la pol\u00edtica migratoria<a href=\"https:\/\/www.hrw.org\/es\/tag\/quedate-en-mexico\"> \u00abQu\u00e9date en M\u00e9xico\u00bb<\/a>, por ejemplo, ha sido responsable de detener o devolver a territorio mexicano a solicitantes de asilo brasile\u00f1os. Adem\u00e1s de violar el Estatuto del Refugiado de las Naciones Unidas al negar la protecci\u00f3n a personas que huyen de la persecuci\u00f3n y la tortura, esta pol\u00edtica migratoria deja a estos solicitantes de asilo expuestos en M\u00e9xico, sin acceso a ayuda humanitaria. En estos casos de deportados, no tenemos informaci\u00f3n sobre el n\u00famero de brasile\u00f1os ni qu\u00e9 tipo de violencia sufren cuando son detenidos o devueltos a M\u00e9xico.<\/p>\n\n\n\n<p>Sin embargo, los controles migratorios estadounidenses no parecen limitarse a suelo mexicano. Recientemente, han ampliado su presencia en Panam\u00e1. El gobierno de Biden estableci\u00f3 6 millones de d\u00f3lares en \u00abayuda\u00bb para que el gobierno paname\u00f1o compre equipo, transporte y log\u00edstica para<a href=\"https:\/\/www.bbc.com\/mundo\/articles\/cm2nvv7j1nzo\"> deportar a los migrantes<\/a> que no tienen motivos legales para permanecer en el pa\u00eds y que podr\u00edan dirigirse a los propios EE. UU. La idea parece ser cercar los dos extremos de Centroam\u00e9rica.<\/p>\n\n\n\n<p>Tambi\u00e9n se sabe que se han producido decisiones arbitrarias contra brasile\u00f1os en territorio estadounidense. Es el caso de 47 ni\u00f1os brasile\u00f1os, hijos de haitianos, que fueron deportados sumariamente a Hait\u00ed.<\/p>\n\n\n\n<p><strong>Minas Gerais y la respuesta del gobierno brasile\u00f1o<\/strong><\/p>\n\n\n\n<p>El segundo punto que vale destacar es la elecci\u00f3n por parte de EE. UU. del aeropuerto internacional de Confins como destino \u00fanico y final de los vuelos fletados. El propio gobierno estadounidense argumenta que la gran mayor\u00eda de los brasile\u00f1os deportados proceden de Minas Gerais, un estado hist\u00f3ricamente conocido por sus redes migratorias establecidas. Sin embargo, informes period\u00edsticos muestran que muchos de los brasile\u00f1os que llegan a Confins proceden de otros estados brasile\u00f1os.<\/p>\n\n\n\n<p>El tercer punto es la decisi\u00f3n unilateral que est\u00e1 detr\u00e1s de estas deportaciones. Desde 2006, durante el segundo mandato del actual presidente, Lula, Brasil hab\u00eda abolido esta pr\u00e1ctica de deportaci\u00f3n a trav\u00e9s de vuelos fletados. En 2019, esta pr\u00e1ctica se reactiv\u00f3 justo antes de la pandemia. En <a href=\"https:\/\/latinoamerica21.com\/es\/un-brasil-para-el-tio-sam\/\">una decisi\u00f3n unilateral adoptada por la administraci\u00f3n Trump<\/a>, Bolsonaro la acat\u00f3 inmediatamente. Desde octubre de 2019 hasta el final de su gobierno, 7.639 brasile\u00f1os fueron deportados en vuelos fletados desde EE. UU.<\/p>\n\n\n\n<p>Despu\u00e9s de estos turbulentos gobiernos de extrema derecha, tanto en Brasil como en EE. UU., los actuales gobiernos no han llegado a un acuerdo para poner fin a estas deportaciones. A pesar de que Biden hab\u00eda se\u00f1alado el fin de las deportaciones aceleradas, el proceso continu\u00f3. Adem\u00e1s, pese a que el gobierno de Lula hab\u00eda dado se\u00f1ales claras de que podr\u00eda anular las medidas diplom\u00e1ticas tomadas por la administraci\u00f3n de Jair Bolsonaro, las deportaciones continuaron. El compromiso de ambas partes se ha enfriado. Desde el inicio del tercer mandato de Lula, poco m\u00e1s de 2.000 brasile\u00f1os han aterrizado en Minas Gerais.<\/p>\n\n\n\n<p><strong>\u00bfDe qu\u00e9 compa\u00f1\u00edas a\u00e9reas se trata?<\/strong><\/p>\n\n\n\n<p>El cuarto punto detr\u00e1s de estas deportaciones tiene que ver con las denuncias de violencia causadas por las compa\u00f1\u00edas a\u00e9reas. Informes elaborados por el<a href=\"https:\/\/jsis.washington.edu\/humanrights\/2019\/04\/23\/ice-air\/\"> Centro de Derechos Humanos de la Universidad de Washington<\/a> revelan que las operaciones a\u00e9reas del ICE desatienden una serie de actos violentos llevados a cabo por aerol\u00edneas que ha contratado mediante contratos secretos. Entre ellas se encuentran <em>iAero Airways<\/em>, responsable de casi el 80% de los poco m\u00e1s de 100 vuelos a Brasil, y <em>Omni Air International<\/em>, responsable de 9 vuelos.<\/p>\n\n\n\n<p>Los informes de los propios brasile\u00f1os deportados muestran que hombres adultos fueron tratados como criminales en estos vuelos. Embarcaron en el mismo vuelo en espacios separados de sus familias, incluidos menores de edad, les encadenaron las piernas y las manos en EE. UU. y s\u00f3lo se los quitaron horas antes de que el avi\u00f3n aterrizara en Minas Gerais.<\/p>\n\n\n\n<p>En otros t\u00e9rminos, los deportados sobrevolaron el territorio brasile\u00f1o siendo encadenados por las autoridades estadounidenses, en violaci\u00f3n de la legislaci\u00f3n brasile\u00f1a.<\/p>\n\n\n\n<p><strong>La migraci\u00f3n es un derecho humano<\/strong><\/p>\n\n\n\n<p>El \u00faltimo punto, no menos importante, es c\u00f3mo tratamos a estos brasile\u00f1os. Aunque hay evidencia de que hab\u00eda personas buscadas por la Polic\u00eda Federal entre estos casi 10.000 deportados, no podemos generalizar. Es com\u00fan encontrar en los art\u00edculos adjetivos como \u00abilegales\u00bb, \u00abclandestinos\u00bb o \u00abalima\u00f1as\u00bb capaces de \u00abinfestar\u00bb o \u00abempobrecer\u00bb a la autoproclamada \u00abAm\u00e9rica\u00bb. La emigraci\u00f3n no es un delito, sino un derecho humano a unas mejores condiciones de vida.<\/p>\n\n\n\n<p>En noviembre de este a\u00f1o habr\u00e1 nuevas elecciones presidenciales en EE. UU. En un pa\u00eds que est\u00e1 perdiendo gradualmente su hegemon\u00eda econ\u00f3mica y militar, que apoya desesperadamente a gobiernos abusivos y antidemocr\u00e1ticos en todo el mundo y que ve c\u00f3mo su clase media se aleja cada vez m\u00e1s del \u00abAmerican Way of Life\u00bb, la migraci\u00f3n vuelve a convertirse en un tema de campa\u00f1a. Kamala Harris y Donald Trump han prometido, cada uno a su manera, mantener una pol\u00edtica ofensiva contra los migrantes.<\/p>\n\n\n\n<p>Por otro lado, contrariamente a lo indicado por el gobierno brasile\u00f1o, las medidas que van en contra de los ciudadanos brasile\u00f1os y ponen en peligro su protecci\u00f3n no han sido revocadas por el Estado a partir de 2022. Mientras tanto, la deportaci\u00f3n de brasile\u00f1os a trav\u00e9s de vuelos ch\u00e1rter de EE. UU. a Minas Gerais, con todos sus abusos, contin\u00faa mensualmente. No sabemos nada de los devueltos a otros pa\u00edses.<\/p>\n","protected":false},"excerpt":{"rendered":"<p>La deportaci\u00f3n de brasile\u00f1os a trav\u00e9s de vuelos ch\u00e1rter de EE. UU. a Minas Gerais, con todos sus abusos, contin\u00faa mensualmente. No sabemos nada de los devueltos a otros pa\u00edses.<\/p>\n","protected":false},"author":278,"featured_media":43566,"comment_status":"closed","ping_status":"closed","sticky":false,"template":"","format":"standard","meta":{"_acf_changed":false,"episode_type":"","audio_file":"","cover_image":"","cover_image_id":"","duration":"","filesize":"","filesize_raw":"","date_recorded":"","explicit":"","block":"","itunes_episode_number":"","itunes_title":"","itunes_season_number":"","itunes_episode_type":"","footnotes":""},"categories":[16487,16520],"tags":[14126],"gps":[],"class_list":{"0":"post-43565","1":"post","2":"type-post","3":"status-publish","4":"format-standard","5":"has-post-thumbnail","7":"category-brasil","8":"category-migracion","9":"tag-debates-br-es"},"acf":[],"_links":{"self":[{"href":"https:\/\/latinoamerica21.com\/es\/wp-json\/wp\/v2\/posts\/43565","targetHints":{"allow":["GET"]}}],"collection":[{"href":"https:\/\/latinoamerica21.com\/es\/wp-json\/wp\/v2\/posts"}],"about":[{"href":"https:\/\/latinoamerica21.com\/es\/wp-json\/wp\/v2\/types\/post"}],"author":[{"embeddable":true,"href":"https:\/\/latinoamerica21.com\/es\/wp-json\/wp\/v2\/users\/278"}],"replies":[{"embeddable":true,"href":"https:\/\/latinoamerica21.com\/es\/wp-json\/wp\/v2\/comments?post=43565"}],"version-history":[{"count":0,"href":"https:\/\/latinoamerica21.com\/es\/wp-json\/wp\/v2\/posts\/43565\/revisions"}],"wp:featuredmedia":[{"embeddable":true,"href":"https:\/\/latinoamerica21.com\/es\/wp-json\/wp\/v2\/media\/43566"}],"wp:attachment":[{"href":"https:\/\/latinoamerica21.com\/es\/wp-json\/wp\/v2\/media?parent=43565"}],"wp:term":[{"taxonomy":"category","embeddable":true,"href":"https:\/\/latinoamerica21.com\/es\/wp-json\/wp\/v2\/categories?post=43565"},{"taxonomy":"post_tag","embeddable":true,"href":"https:\/\/latinoamerica21.com\/es\/wp-json\/wp\/v2\/tags?post=43565"},{"taxonomy":"gps","embeddable":true,"href":"https:\/\/latinoamerica21.com\/es\/wp-json\/wp\/v2\/gps?post=43565"}],"curies":[{"name":"wp","href":"https:\/\/api.w.org\/{rel}","templated":true}]}}