{"id":43642,"date":"2024-09-07T09:04:00","date_gmt":"2024-09-07T12:04:00","guid":{"rendered":"https:\/\/latinoamerica21.com\/?p=43642"},"modified":"2024-09-06T11:22:53","modified_gmt":"2024-09-06T14:22:53","slug":"la-crisis-en-venezuela-y-el-riesgo-de-una-nueva-ola-migratoria","status":"publish","type":"post","link":"https:\/\/latinoamerica21.com\/es\/la-crisis-en-venezuela-y-el-riesgo-de-una-nueva-ola-migratoria\/","title":{"rendered":"La crisis en Venezuela y el riesgo de una nueva ola migratoria"},"content":{"rendered":"\n<p>Las pasadas elecciones presidenciales, realizadas el domingo 28 de julio, culminaron con la proclamaci\u00f3n del presidente Nicol\u00e1s Maduro como vencedor de la elecci\u00f3n sin haber cumplido con etapas fundamentales del proceso de escrutinio y totalizaci\u00f3n de los resultados por mesa de votaci\u00f3n, por parte de la autoridad electoral, tal como establecen las leyes del pa\u00eds.<\/p>\n\n\n\n<p>La falta de transparencia e integridad en la conducci\u00f3n del proceso electoral fue ratificada por misiones de observaci\u00f3n imparciales como las misiones enviadas por el<a href=\"https:\/\/www.cartercenter.org\/news\/pr\/2024\/venezuela-073024-spanish.pdf\"> Centro Carter<\/a> y el<a href=\"https:\/\/news.un.org\/en\/sites\/news.un.org.en\/files\/atoms\/files\/Interim_Report_PoE_Venezuela_090824.pdf\"> panel de expertos electorales de la ONU<\/a>, quienes adem\u00e1s coincidieron en se\u00f1alar que los resultados presentados por el CNE no reflejan la realidad.<\/p>\n\n\n\n<p>El rechazo a los resultados por parte de la oposici\u00f3n y diversos sectores de la ciudadan\u00eda dio lugar a un preocupando ciclo de represi\u00f3n estatal, arrojando cifras alarmantes<a href=\"https:\/\/news.un.org\/en\/story\/2024\/08\/1153081\"> de violaciones a los derechos fundamentales<\/a> de la poblaci\u00f3n civil venezolana. En consecuencia, 25 personas han sido asesinadas en el contexto de protestas pac\u00edficas por parte de los cuerpos de seguridad del Estado o grupos armados irregulares bajo amparo del Estado. De acuerdo con<a href=\"https:\/\/foropenal.com\/\"> reportes de la organizaci\u00f3n Foro Penal<\/a>, hasta el 22 de agosto hab\u00eda 1,503 personas detenidas, de las cuales 129 son adolescentes, 14 son ind\u00edgenas, 18 corresponden a personas con discapacidad, enfermedades cr\u00f3nicas o necesidades especiales y 200 son mujeres. En la mayor\u00eda de los casos, estas detenciones han ocurrido de manera arbitraria y sin ofrecer garant\u00edas de debido proceso como acceso a un abogado de confianza o conocer los cargos que se les imputa.<\/p>\n\n\n\n<p>A la represi\u00f3n directa se suman los intentos por <a href=\"https:\/\/latinoamerica21.com\/es\/la-consolidacion-autoritaria-en-venezuela\/\">cerrar a\u00fan m\u00e1s el espacio c\u00edvico en el pa\u00eds<\/a>. La promulgaci\u00f3n durante la \u00faltima semana de la llamada \u201cLey de Fiscalizaci\u00f3n, Regularizaci\u00f3n, Actuaci\u00f3n y Financiamiento de las Organizaciones No Gubernamentales y Organizaciones Sociales Sin Fines de Lucro\u201d amenaza la existencia de miles de organizaciones que brindan asistencia humanitaria y defienden los derechos humanos en Venezuela.<\/p>\n\n\n\n<p><strong>La posibilidad de una nueva ola de desplazamiento forzado<\/strong><\/p>\n\n\n\n<p>Desde hace m\u00e1s de una d\u00e9cada, Venezuela enfrenta una compleja crisis pol\u00edtica, econ\u00f3mica, social y humanitaria que ha provocado el desplazamiento forzado de m\u00e1s de 7.7 millones de personas, de las cuales 6.5 millones se encuentran en pa\u00edses de Am\u00e9rica Latina y el Caribe.<\/p>\n\n\n\n<p>Las elecciones ven\u00edan siendo acompa\u00f1adas con atenci\u00f3n por la comunidad internacional debido a la posibilidad de sentar las bases para una transici\u00f3n pac\u00edfica a la democracia y, con ello, atender las causas que ya han llevado a m\u00e1s del 20% de la poblaci\u00f3n venezolana a abandonar su pa\u00eds durante los \u00faltimos a\u00f1os.<\/p>\n\n\n\n<p>Durante la campa\u00f1a electoral, un estudio realizado por la encuestadora Poder y Estrategia el 20 de julio de este a\u00f1o revel\u00f3 que el 18% de los encuestados expresaron un deseo de emigrar, aunque no contaban con planes concretos para hacerlo. Por otro lado, el 6% de los participantes afirmaron tener ya planes establecidos para abandonar el pa\u00eds.<\/p>\n\n\n\n<p>Como consecuencia de la agudizaci\u00f3n de la crisis pol\u00edtica, los datos de los flujos migratorios en los pa\u00edses con los que Venezuela comparte frontera terrestre evidencian un aumento en los cruces fronterizos, especialmente en Brasil, un leve incremento en comparaci\u00f3n con los promedios diarios en Colombia, y un notable crecimiento en la proporci\u00f3n de personas que huyen de Venezuela debido a violaciones de derechos humanos y represi\u00f3n pol\u00edtica.<\/p>\n\n\n\n<p>La posibilidad de una nueva ola migratoria acontece en un momento de retroceso en las decisiones de pol\u00edtica migratoria de los pa\u00edses del hemisferio. En este sentido, la creciente militarizaci\u00f3n de las fronteras en algunos pa\u00edses de la regi\u00f3n, la falta de mecanismos para garantizar la regularizaci\u00f3n migratoria, la poca disposici\u00f3n para la aplicaci\u00f3n de la Declaraci\u00f3n de Cartagena sobre los Refugiados, la creciente exigencia de visados para permitir la entrada de migrantes, y los planes de deportaci\u00f3n generan gran preocupaci\u00f3n, pues solo contribuyen en la creaci\u00f3n de mayores riesgos para las personas desplazadas.<\/p>\n\n\n\n<p>Como agravante, los fondos de cooperaci\u00f3n internacional destinados a apoyar la respuesta humanitaria ante el flujo migratorio venezolano en la regi\u00f3n est\u00e1n muy por debajo de lo necesario. Seg\u00fan<a href=\"https:\/\/www.r4v.info\/\"> cifras<\/a> de la Plataforma R4V, al 12 de agosto de este a\u00f1o, solo el 12,5% de los recursos requeridos para financiar el plan de respuesta para refugiados y migrantes en 2024, estimado en poco m\u00e1s de 1.500 millones de d\u00f3lares, hab\u00edan sido efectivamente cubiertos.<\/p>\n\n\n\n<p><strong>Urge proteger a las personas desplazadas<\/strong><\/p>\n\n\n\n<p>Ante esta situaci\u00f3n, es fundamental que los pa\u00edses del hemisferio tomen medidas para garantizar que las personas desplazadas por la crisis en Venezuela tengan garant\u00edas de protecci\u00f3n internacional, o mecanismos expeditos para su regularizaci\u00f3n migratoria.<\/p>\n\n\n\n<p>La crisis venezolana es un recordatorio de la necesidad de actualizar los marcos de protecci\u00f3n a las personas desplazadas en el hemisferio y garantizar respuestas adecuadas a los desaf\u00edos que enfrenta el continente en los tiempos actuales. En este contexto, la definici\u00f3n de refugiado establecida en la Declaraci\u00f3n de Cartagena proporciona un marco normativo claro para proteger a los desplazados venezolanos como refugiados de manera autom\u00e1tica.<\/p>\n\n\n\n<p>Dada la evidencia documentada por organismos internacionales imparciales, como el Alto Comisionado de las Naciones Unidas para los Derechos Humanos (ACNUDH) y la Comisi\u00f3n Interamericana de Derechos Humanos (CIDH), sobre la situaci\u00f3n de los derechos humanos en Venezuela, reconocer la condici\u00f3n de refugiados de los ciudadanos venezolanos es una postura coherente y alineada con el derecho internacional de los derechos humanos. Esta medida no debe interpretarse en ning\u00fan momento como una acci\u00f3n inamistosa hacia el Estado de origen de las personas desplazadas.<\/p>\n\n\n\n<p>En este sentido, ya existen casos ejemplares como la decisi\u00f3n del Estado brasile\u00f1o de adherir a la definici\u00f3n de refugiado establecida en la Declaraci\u00f3n de Cartagena, permitiendo otorgar protecci\u00f3n internacional a<a href=\"https:\/\/brazil.iom.int\/sites\/g\/files\/tmzbdl1496\/files\/documents\/2024-08\/informe_migracao-venezuelana_jan2017-jun2024.pdf\"> m\u00e1s de 130.000 ciudadanos venezolanos en el pa\u00eds<\/a>.<\/p>\n\n\n\n<p>Por otra parte, resulta crucial alertar a los pa\u00edses de la comunidad internacional sobre la necesidad de reactivar los programas de asistencia a sus pares latinoamericanos en los esfuerzos de recepci\u00f3n, protecci\u00f3n e integraci\u00f3n de migrantes venezolanos. Es imperativo renovar los compromisos de cooperaci\u00f3n y financiamiento para los planes de respuesta ante esta crisis migratoria en la regi\u00f3n.<\/p>\n\n\n\n<p>La crisis en Venezuela y sus impactos en las Am\u00e9ricas demandan la solidaridad de todos. Es urgente implementar acciones coordinadas que coloquen a las v\u00edctimas en el centro de las medidas.<\/p>\n","protected":false},"excerpt":{"rendered":"<p>El nuevo episodio de la crisis pol\u00edtica que atraviesa la Rep\u00fablica Bolivariana de Venezuela amenaza con provocar una nueva ola de desplazamiento forzado en el hemisferio.<\/p>\n","protected":false},"author":266,"featured_media":43643,"comment_status":"closed","ping_status":"closed","sticky":false,"template":"","format":"standard","meta":{"_acf_changed":false,"episode_type":"","audio_file":"","cover_image":"","cover_image_id":"","duration":"","filesize":"","filesize_raw":"","date_recorded":"","explicit":"","block":"","itunes_episode_number":"","itunes_title":"","itunes_season_number":"","itunes_episode_type":"","footnotes":""},"categories":[16480,16520],"tags":[14126],"gps":[],"class_list":{"0":"post-43642","1":"post","2":"type-post","3":"status-publish","4":"format-standard","5":"has-post-thumbnail","7":"category-venezuela","8":"category-migracion","9":"tag-debates-br-es"},"acf":[],"_links":{"self":[{"href":"https:\/\/latinoamerica21.com\/es\/wp-json\/wp\/v2\/posts\/43642","targetHints":{"allow":["GET"]}}],"collection":[{"href":"https:\/\/latinoamerica21.com\/es\/wp-json\/wp\/v2\/posts"}],"about":[{"href":"https:\/\/latinoamerica21.com\/es\/wp-json\/wp\/v2\/types\/post"}],"author":[{"embeddable":true,"href":"https:\/\/latinoamerica21.com\/es\/wp-json\/wp\/v2\/users\/266"}],"replies":[{"embeddable":true,"href":"https:\/\/latinoamerica21.com\/es\/wp-json\/wp\/v2\/comments?post=43642"}],"version-history":[{"count":0,"href":"https:\/\/latinoamerica21.com\/es\/wp-json\/wp\/v2\/posts\/43642\/revisions"}],"wp:featuredmedia":[{"embeddable":true,"href":"https:\/\/latinoamerica21.com\/es\/wp-json\/wp\/v2\/media\/43643"}],"wp:attachment":[{"href":"https:\/\/latinoamerica21.com\/es\/wp-json\/wp\/v2\/media?parent=43642"}],"wp:term":[{"taxonomy":"category","embeddable":true,"href":"https:\/\/latinoamerica21.com\/es\/wp-json\/wp\/v2\/categories?post=43642"},{"taxonomy":"post_tag","embeddable":true,"href":"https:\/\/latinoamerica21.com\/es\/wp-json\/wp\/v2\/tags?post=43642"},{"taxonomy":"gps","embeddable":true,"href":"https:\/\/latinoamerica21.com\/es\/wp-json\/wp\/v2\/gps?post=43642"}],"curies":[{"name":"wp","href":"https:\/\/api.w.org\/{rel}","templated":true}]}}