{"id":43701,"date":"2024-09-09T09:00:00","date_gmt":"2024-09-09T12:00:00","guid":{"rendered":"https:\/\/latinoamerica21.com\/?p=43701"},"modified":"2024-09-10T09:57:03","modified_gmt":"2024-09-10T12:57:03","slug":"latinoamerica-condenada-a-repetir-su-historia","status":"publish","type":"post","link":"https:\/\/latinoamerica21.com\/es\/latinoamerica-condenada-a-repetir-su-historia\/","title":{"rendered":"Latinoam\u00e9rica, condenada a repetir su historia"},"content":{"rendered":"\n<p><strong>Pocas naciones logran aprender lecciones de su trayectoria para cambiarla<\/strong><\/p>\n\n\n\n<p>En Guatemala, un prolongado conflicto armado interno que cost\u00f3 miles de vidas se cerr\u00f3 definitivamente en 1996 al completarse la firma de una serie de acuerdos, entre el gobierno y la guerrilla, que delineaban el perfil de una nueva sociedad. Menos discriminatoria y m\u00e1s justa, en esa sociedad no deb\u00eda volver a ocurrir un enfrentamiento tr\u00e1gico como el que se prolong\u00f3 durante d\u00e9cadas.<\/p>\n\n\n\n<p>Fui testigo del esfuerzo que se hizo en favor de ese cambio desde la Misi\u00f3n que Naciones Unidas estableci\u00f3 en el pa\u00eds para supervisar los acuerdos de paz. Un amigo con quien trabaj\u00e9 me escribe esta nota:<\/p>\n\n\n\n<p>\u201cA Julio Ariz Leiva \u201447 a\u00f1os, entrenador del club San Pedro de Guatemala\u2014 lo llamaron por celular el domingo pasado, al mediod\u00eda. Almorzaba con el plantel en el restaurante Texas, de Huehuetenango. Sali\u00f3 a la puerta. Hombres con chalecos policiales se bajaron de un auto. Lo acribillaron de 15 disparos. Una hip\u00f3tesis de la investigaci\u00f3n indica que se hab\u00eda negado a <em>arreglar<\/em> el partido que San Pedro jugar\u00eda horas m\u00e1s tarde ante La Democracia por la cuarta fecha del Torneo Apertura de la segunda divisi\u00f3n de Guatemala. Otra, que hab\u00eda seducido a una mujer \u00abprohibida\u00bb de una familia del narcotr\u00e1fico. Ariz Leiva acostumbraba a decir: \u00abEl f\u00fatbol me cambi\u00f3 la vida\u00bb. Acaso tambi\u00e9n lo llev\u00f3 a la muerte\u201d.<\/p>\n\n\n\n<p>En la Guatemala de hoy nunca ser\u00e1 posible saber con certeza qu\u00e9 lo llev\u00f3 a la muerte. El sistema de justicia, que tratamos en vano de \u201cfortalecer\u201d en el pa\u00eds, es hoy en d\u00eda absolutamente ineficaz, mucho peor que aquel de un cuarto de siglo atr\u00e1s. Ilusamente, cre\u00edmos entonces que con una serie de instrumentos legales y organizativos podr\u00eda cambiarse el curso de aquello que hab\u00eda sido producto de una terrible trayectoria hist\u00f3rica.<\/p>\n\n\n\n<p><strong>Argentina y Per\u00fa, tan diferentes, en un entrampamiento similar&nbsp;<\/strong><\/p>\n\n\n\n<p><a href=\"https:\/\/latinoamerica21.com\/es\/el-campo-agonico-de-la-politica-en-mexico\/\">Guatemala no es una excepci\u00f3n<\/a>. T\u00f3mese el caso peruano y, para tener alg\u00fan criterio comparativo, cot\u00e9jeselo con Argentina, pa\u00eds que no es andino, hecho por inmigrantes a partir de otro tipo de recursos. Sin haber llegado al caso sin duda extremo de Guatemala, ambos pa\u00edses parecen encadenados a su propia historia, incapaces de superar una huella en la que las sociedades mismas han generado estados ineficientes y corruptos.&nbsp;<\/p>\n\n\n\n<p>La elite argentina fue bastante mejor que la peruana. Los recursos naturales del Per\u00fa fueron y son bastante m\u00e1s variados que los argentinos. Mientras que la sociedad argentina alcanz\u00f3 cierta homogeneidad \u2014al costo de exterminar sangrientamente a la poblaci\u00f3n aborigen\u2014, la peruana mantuvo, aunque de mala manera, una gran diversidad cultural. No obstante las marcadas diferencias entre un caso y otro, dos siglos despu\u00e9s de proclamarse su independencia de Espa\u00f1a, ambos pa\u00edses se hallan enfangados en una condici\u00f3n deplorable.&nbsp;<\/p>\n\n\n\n<p>A miradas de corto plazo, ese panorama sin salida no siempre aparece evidente. En los dos pa\u00edses, como en muchos, se producen momentos de auge econ\u00f3mico que conducen a una mejora de ingresos entre los sectores de abajo y, entonces, el espejismo de un futuro diferente se proyecta en las expectativas ciudadanas. Argentina ha vivido eso en cada repunte de sus exportaciones, ayer de trigo, hoy de soja. Per\u00fa ha pasado por lo mismo en cada subida de los precios de los minerales en el mercado internacional, pero antes ya hab\u00eda ocurrido con el guano y no hace tanto con la harina de pescado.<\/p>\n\n\n\n<p>De otro lado, la escena pol\u00edtica tambi\u00e9n conoce algo as\u00ed como estrellas fugaces de las cuales al cabo de pocos a\u00f1os no queda huella. En Argentina eso fue Ra\u00fal Alfons\u00edn, quien luego de la \u00faltima y sangrienta dictadura militar intent\u00f3 la reconstrucci\u00f3n nacional. En el Per\u00fa fue Juan Velasco, quien siendo militar se propuso cambiar el pa\u00eds de arriba a abajo. Ambos intentos fueron lapidados por mezquindades, ambiciones e incomprensiones que, por supuesto, aprovecharon una crisis econ\u00f3mica para liquidarlos.&nbsp;&nbsp;<\/p>\n\n\n\n<p><strong>No para todos hay un futuro mejor<\/strong><\/p>\n\n\n\n<p>En la historia no siempre ha ocurrido as\u00ed. El establecimiento del Parlamento en el siglo XIII en Inglaterra y su evoluci\u00f3n como instituci\u00f3n pol\u00edtica no solo limit\u00f3 el poder del monarca y redujo el papel de la nobleza; fue la v\u00eda de democratizaci\u00f3n del pa\u00eds. Cinco siglos despu\u00e9s, con grandes derramamientos de sangre, la Revoluci\u00f3n Francesa cambi\u00f3 el rumbo del pa\u00eds y del mundo. Ambos ejemplos son los m\u00e1s reconocidos de diversos casos en los que una sociedad determinada logr\u00f3 cancelar su pasado para emprender el camino hacia un ser distinto.<\/p>\n\n\n\n<p>En Am\u00e9rica Latina se puso una gran esperanza en la Revoluci\u00f3n Cubana, que derroc\u00f3 a Fulgencio Batista en 1958 para luego entronizar otra dictadura, la de los Castro y su c\u00edrculo. Similar camino ha seguido Nicaragua, donde la satrap\u00eda de Somoza tambi\u00e9n fue derrotada con las armas por el Frente Sandinista para que ahora la pareja Ortega-Murillo ejerza a\u00fan m\u00e1s desp\u00f3ticamente el poder. Y la corrupci\u00f3n entronizada en la Venezuela del petr\u00f3leo gobernada por gobiernos democr\u00e1ticos ha sido sustituida por la dictadura de Ch\u00e1vez, primero, y Maduro despu\u00e9s.<\/p>\n\n\n\n<p>Pero esto no ha ocurrido solo en los pa\u00edses tropicales de nuestra Am\u00e9rica. En el resto de la regi\u00f3n hemos permanecido dispuestos a glorificar a h\u00e9roes que no supieron o no pudieron cambiar verdaderamente aquello que no tenemos m\u00e1s remedio que reconocer como nuestro destino. Que es el de un sube y baja, entre econ\u00f3mico y pol\u00edtico, que se presenta en ciclos en los que peri\u00f3dicamente a la ca\u00edda sucede la desesperanza. Miles de ciudadanos abandonan entonces cada pa\u00eds en busca de un futuro mejor, un futuro personal, claro est\u00e1, porque el de su pa\u00eds no parece posible. Escarmentados, pocos son los que vuelven cuando el ciclo recomienza y, de nuevo, el futuro parece prometedor.<\/p>\n\n\n\n<p>\u00bfQu\u00e9 es lo que nos encadena a esta trayectoria al parecer insuperable? Como no solo ocurre entre nosotros, el asunto ha sido estudiado por quienes han postulado <a href=\"https:\/\/www.elperiodico.com\/es\/economia\/20130802\/path-dependency-2552170\">la teor\u00eda de <em>path dependency<\/em><\/a>. Esto es, en t\u00e9rminos simplificados, que la trayectoria que sigue una sociedad condiciona, en determinada medida, el camino que en el futuro puede seguir. Es algo as\u00ed como lo que se dice de las personas: cada quien construye su porvenir. De un modo equivalente, cuando se toma una decisi\u00f3n y se adopta una ruta, luego no puede tomarse otra porque resulta muy dif\u00edcil, es muy costoso o simplemente ya no tenemos el criterio para percatarnos de lo equivocado que fue tomar este rumbo y poder cambiarlo.<\/p>\n\n\n\n<p>Esa \u00faltima raz\u00f3n parece la que m\u00e1s peso tiene en nuestras sociedades, que no atinan a darse cuenta del rumbo equivocado en el que se encuentran y, entonces, dan palos de ciego al elegir a Pedro Castillo o a Javier Milei. Y esos nombres son solo ejemplos recientes. La lista de desatinos surgidos de las urnas es muy larga. Y no dudamos en afirmar con aparente convicci\u00f3n que la culpa es de los pol\u00edticos, sin preguntarnos de d\u00f3nde salieron y por qu\u00e9 los elegimos.<\/p>\n\n\n\n<p>El hecho m\u00e1s grave es que la <em>path dependency<\/em> est\u00e1 conduciendo a sociedades cada vez m\u00e1s degradadas, en las que un futuro mejor parece casi imposible. Pero en Argentina pervivir\u00e1 la ilusi\u00f3n de ganar el pr\u00f3ximo Mundial de f\u00fatbol, en el que millones creer\u00e1n que el pa\u00eds se har\u00e1 grande. Y en el caso del Per\u00fa, aunque muy pocos sigan creyendo en aquello de que \u201cDios es peruano\u201d, se seguir\u00e1 comprando una fracci\u00f3n de la loter\u00eda, a ver si \u201cla suerte\u201d cambia.<\/p>\n","protected":false},"excerpt":{"rendered":"<p>La path dependency est\u00e1 conduciendo a sociedades cada vez m\u00e1s degradadas, en las que un futuro mejor parece casi imposible. <\/p>\n","protected":false},"author":54,"featured_media":43702,"comment_status":"closed","ping_status":"closed","sticky":false,"template":"","format":"standard","meta":{"_acf_changed":false,"episode_type":"","audio_file":"","cover_image":"","cover_image_id":"","duration":"","filesize":"","filesize_raw":"","date_recorded":"","explicit":"","block":"","itunes_episode_number":"","itunes_title":"","itunes_season_number":"","itunes_episode_type":"","footnotes":""},"categories":[16468,16483],"tags":[14128],"gps":[],"class_list":{"0":"post-43701","1":"post","2":"type-post","3":"status-publish","4":"format-standard","5":"has-post-thumbnail","7":"category-politica","8":"category-historia","9":"tag-ideas-en-es"},"acf":[],"_links":{"self":[{"href":"https:\/\/latinoamerica21.com\/es\/wp-json\/wp\/v2\/posts\/43701","targetHints":{"allow":["GET"]}}],"collection":[{"href":"https:\/\/latinoamerica21.com\/es\/wp-json\/wp\/v2\/posts"}],"about":[{"href":"https:\/\/latinoamerica21.com\/es\/wp-json\/wp\/v2\/types\/post"}],"author":[{"embeddable":true,"href":"https:\/\/latinoamerica21.com\/es\/wp-json\/wp\/v2\/users\/54"}],"replies":[{"embeddable":true,"href":"https:\/\/latinoamerica21.com\/es\/wp-json\/wp\/v2\/comments?post=43701"}],"version-history":[{"count":0,"href":"https:\/\/latinoamerica21.com\/es\/wp-json\/wp\/v2\/posts\/43701\/revisions"}],"wp:featuredmedia":[{"embeddable":true,"href":"https:\/\/latinoamerica21.com\/es\/wp-json\/wp\/v2\/media\/43702"}],"wp:attachment":[{"href":"https:\/\/latinoamerica21.com\/es\/wp-json\/wp\/v2\/media?parent=43701"}],"wp:term":[{"taxonomy":"category","embeddable":true,"href":"https:\/\/latinoamerica21.com\/es\/wp-json\/wp\/v2\/categories?post=43701"},{"taxonomy":"post_tag","embeddable":true,"href":"https:\/\/latinoamerica21.com\/es\/wp-json\/wp\/v2\/tags?post=43701"},{"taxonomy":"gps","embeddable":true,"href":"https:\/\/latinoamerica21.com\/es\/wp-json\/wp\/v2\/gps?post=43701"}],"curies":[{"name":"wp","href":"https:\/\/api.w.org\/{rel}","templated":true}]}}