{"id":4373,"date":"2021-03-21T05:40:00","date_gmt":"2021-03-21T08:40:00","guid":{"rendered":"http:\/\/latinoamerica21.com\/?p=4373"},"modified":"2023-12-20T05:26:37","modified_gmt":"2023-12-20T08:26:37","slug":"sudamerica-un-espacio-migratorio-casi-perfecto","status":"publish","type":"post","link":"https:\/\/latinoamerica21.com\/es\/sudamerica-un-espacio-migratorio-casi-perfecto\/","title":{"rendered":"Sudam\u00e9rica: un espacio migratorio \u201ccasi perfecto\u201d"},"content":{"rendered":"\n<p>Am\u00e9rica del Sur constituye, seg\u00fan algunos expertos, un espacio migratorio regional \u201ccasi perfecto\u201d, en la medida en que <a href=\"http:\/\/latinoamerica21.com\/es\/america-latina-como-destino-de-la-emigracion-latinoamericana\/\" target=\"_blank\" rel=\"noreferrer noopener\">sus migrantes son en su inmensa mayor\u00eda nativos de la misma regi\u00f3n<\/a>. El subcontinente es conocido por su diversidad cultural, \u00e9tnica y ling\u00fc\u00edstica, gracias tanto a su antigua herencia ind\u00edgena como a las progresivas aportaciones migratorias de todos los rincones del planeta. En este contexto, la movilidad humana en general, y las migraciones transnacionales en particular, constituyen una verdadera m\u00e1quina de diversificaci\u00f3n e integraci\u00f3n de las poblaciones y culturas del mundo.<\/p>\n\n\n\n<p><strong>El crecimiento de la migraci\u00f3n intrarregional<\/strong><\/p>\n\n\n\n<p>La diversificaci\u00f3n se produce desde la perspectiva local de la sociedad receptora. Y la integraci\u00f3n se produce a nivel regional, debido al aumento y consolidaci\u00f3n de los intercambios materiales y simb\u00f3licos entre las sociedades y los pa\u00edses vecinos o cercanos. Este es un hecho de gran relevancia al considerarse que uno de los principales cambios ocurridos en el paisaje migratorio transnacional contempor\u00e1neo es la reorientaci\u00f3n regional de sus flujos.<\/p>\n\n\n\n<p>Seg\u00fan la Organizaci\u00f3n Internacional de las Migraciones (OIM), el volumen de las migraciones Sur-Sur ya es superior al de las migraciones Sur-Norte. De los 258 millones de migrantes registrados en el mundo en 2017, unos 100 millones (o casi el 40% de este total) emigraron de un pa\u00eds del Sur a otro pa\u00eds tambi\u00e9n del Sur, frente a solo 86 millones (o algo m\u00e1s del 30%) de personas que emigraron del Sur al Norte. En este escenario, el ejemplo sudamericano es uno de los m\u00e1s emblem\u00e1ticos.<\/p>\n\n\n\n<p><strong>El legado de los procesos de integraci\u00f3n regional<\/strong><\/p>\n\n\n\n<p>Sudam\u00e9rica tiene una poblaci\u00f3n de casi 430 millones de habitantes, lo que representa el 65% de la poblaci\u00f3n latinoamericana y el 42% de los habitantes de las Am\u00e9ricas. Seg\u00fan la ONU, a nivel social y pol\u00edtico, Am\u00e9rica del Sur sigue enfrent\u00e1ndose a los retos de la desigualdad social y la falta de coordinaci\u00f3n pol\u00edtica y econ\u00f3mica regional.<\/p>\n\n\n\n<p>Estos retos se hacen evidentes sobre todo si consideramos la crisis generalizada que atraviesan las principales organizaciones regionales: la Uni\u00f3n de Naciones Suramericanas (Unasur) en un avanzado proceso de desintegraci\u00f3n; la Comunidad Andina (CAN) pr\u00e1cticamente paralizada; y el Mercado Com\u00fan del Sur (Mercosur) luchando por su supervivencia.<\/p>\n\n\n\n<p>No obstante, hay que reconocer que las tres instituciones tuvieron el m\u00e9rito de elaborar pol\u00edticas migratorias impregnadas de los principios universales de los derechos humanos y de los ideales de igualdad y justicia social.<\/p>\n\n\n\n<p>Seg\u00fan el estudio <a href=\"https:\/\/www.celag.org\/wp-content\/uploads\/2016\/10\/hacia-el-Sur_Vfinal-16-03-2.pdf\">\u201c<em>Hacia el Sur<\/em>. La construcci\u00f3n de la ciudadan\u00eda suramericana y la movilidad intrarregional\u201d<\/a>, estas pol\u00edticas sentaron las bases de una integraci\u00f3n regional progresiva que garantizara a los ciudadanos del subcontinente el derecho al libre tr\u00e1nsito, la residencia en cualquiera de los pa\u00edses miembros de estas organizaciones, la equiparaci\u00f3n de los derechos sociales y laborales con los nacionales del pa\u00eds receptor, la simplificaci\u00f3n y estandarizaci\u00f3n de documentos, tr\u00e1mites y procedimientos legales y administrativos.<\/p>\n\n\n\n<p>En la pr\u00e1ctica, el pasado esclavista y colonial de la regi\u00f3n, la rigidez de sus jerarqu\u00edas sociales, de clase y \u00e9tnicas, el nacionalismo, la xenofobia y el racismo institucional terminan por obstaculizar la implementaci\u00f3n y el cumplimiento del ideal de una ciudadan\u00eda sudamericana.<\/p>\n\n\n\n<p>Esto tambi\u00e9n ocurre como consecuencia del desconocimiento de los acuerdos y de los derechos que de ellos se derivan tanto por parte de los ciudadanos como, en ocasiones, de los propios funcionarios del Estado.<\/p>\n\n\n\n<p><strong>Un espacio migratorio regional \u201ccasi perfecto\u201d<\/strong><\/p>\n\n\n\n<p>Las migraciones intrarregionales constituyen una experiencia bastante nueva para Sudam\u00e9rica. Hasta mediados del siglo XX, el subcontinente era conocido m\u00e1s bien como destino de inmigrantes internacionales, en su mayor\u00eda europeos. En un segundo momento, la tendencia se invirti\u00f3 y Sudam\u00e9rica se convirti\u00f3 en una regi\u00f3n de emigraci\u00f3n principalmente hacia Norteam\u00e9rica y Europa.<\/p>\n\n\n\n<p>Sin embargo, si la emigraci\u00f3n sigue siendo una realidad estructural del paisaje social de todos los pa\u00edses sudamericanos, desde el final del siglo pasado del siglo XX, esas migraciones se volvieron cada vez m\u00e1s intrarregionales, benefici\u00e1ndose en primer lugar Argentina, Chile y Venezuela, antes que los flujos comenzaran a diversificarse, sum\u00e1ndose Brasil y otros pa\u00edses de la regi\u00f3n.<\/p>\n\n\n\n<p>Estas poblaciones buscan mejores condiciones de vida, como en el caso de los bolivianos que migran hasta Argentina y Brasil para trabajar en sectores como la industria textil, o los colombianos que buscan protecci\u00f3n internacional como consecuencia de la violencia y del conflicto armado que afecta al pa\u00eds hace m\u00e1s de medio siglo.<\/p>\n\n\n\n<p>Seg\u00fan la OIM, en 2015 la regi\u00f3n ten\u00eda unos 5 millones de inmigrantes frente a una docena de millones de emigrantes. Entre 2010 y 2015, adem\u00e1s de registrar un aumento progresivo y considerable de las migraciones que supera el 10%, cabe destacar que el 70% del contingente de inmigrantes presentes en el subcontinente estaba compuesto por nacionales de la misma regi\u00f3n.<\/p>\n\n\n\n<p>Sin embargo, para evaluar mejor este espectacular crecimiento, no podemos ignorar el n\u00famero actual de ciudadanos venezolanos que abandonan su patria como consecuencia de la crisis social y pol\u00edtica que asola el pa\u00eds. Seg\u00fan las proyecciones del ACNUR y la OIM, en 2020 el n\u00famero de migrantes y refugiados venezolanos habr\u00e1 alcanzado los 6,4 millones.<\/p>\n\n\n\n<p>De esta forma, si calculamos que al menos 2\/3 de la poblaci\u00f3n venezolana migrada permanecer\u00e1 en la regi\u00f3n, podemos deducir que las migraciones intrarregionales en Am\u00e9rica del Sur deber\u00e1n alcanzar futuramente un volumen que se aproxima a 8 millones de individuos.<\/p>\n\n\n\n<p>Y, aunque consideremos que, hasta 2015, Venezuela acogi\u00f3 a m\u00e1s de 1,5 millones de migrantes, en su mayor\u00eda intrarregionales, de los cuales una parte puede haber salido del pa\u00eds, sigue siendo aceptable mantener la estimaci\u00f3n de m\u00e1s de 7 millones de migrantes intrarregionales en el subcontinente. Esto significa que cerca del 90% del conjunto de las migraciones tienen lugar en Am\u00e9rica del Sur.<\/p>\n\n\n\n<p>En cualquier caso, no son las cifras en s\u00ed las que nos interesan sino el hecho, observado por estudios como <a href=\"https:\/\/hal.archives-ouvertes.fr\/hal-02951450\/\">\u201cRadiographie des flux\u201d (2019)<\/a>, de que Sudam\u00e9rica ser\u00eda un espacio migratorio regional \u201ccasi perfecto\u201d. As\u00ed, m\u00e1s que la cantidad y la densidad de los flujos, cabe destacar su significado humano y cultural.<\/p>\n\n\n\n<p>En una regi\u00f3n relativamente joven y a\u00fan en proceso de formaci\u00f3n social y cultural, es necesario observar el fen\u00f3meno migratorio intrarregional como factor de producci\u00f3n de una identidad sudamericana y vector de integraci\u00f3n regional de \u201cabajo hacia arriba\u201d.<\/p>\n\n\n\n<p>Si, como hemos visto, las principales instituciones interestatales de la regi\u00f3n no han demostrado la fuerza suficiente para acelerar este proceso de integraci\u00f3n, no se puede negar que uno de sus principales legados: el Acuerdo de Residencia y Libre Tr\u00e1nsito (establecido por el Mercosur), demuestra que no s\u00f3lo existe una demanda real de movilidad humana en la regi\u00f3n, sino que a medida que el Acuerdo se arraigue en el imaginario social de la regi\u00f3n, se producir\u00e1 una mayor integraci\u00f3n de forma natural.<\/p>\n\n\n\n<hr class=\"wp-block-separator\"\/>\n\n\n\n<p class=\"has-text-align-right\"><strong><em>Episodio relacionado de nuestro\u00a0<a href=\"http:\/\/latinoamerica21.com\/podcast\/\">podcast<\/a><\/em>:<\/strong><\/p>\n\n\n\n<figure class=\"wp-block-embed is-type-rich is-provider-spotify wp-block-embed-spotify wp-embed-aspect-21-9 wp-has-aspect-ratio\"><div class=\"wp-block-embed__wrapper\">\n<iframe title=\"Spotify Embed: La crisis migratoria venezolana\" style=\"border-radius: 12px\" width=\"100%\" height=\"152\" frameborder=\"0\" allowfullscreen allow=\"autoplay; clipboard-write; encrypted-media; fullscreen; picture-in-picture\" loading=\"lazy\" src=\"https:\/\/open.spotify.com\/embed\/episode\/7FcPyzOjUI016bMdtsgv3G?si=0PAtMwONS5OSUwBFE5WoYA&#038;utm_source=oembed\"><\/iframe>\n<\/div><\/figure>\n","protected":false},"excerpt":{"rendered":"<p>Am\u00e9rica del Sur constituye un espacio migratorio regional \u201ccasi perfecto\u201d, ya que sus migrantes son en su mayor\u00eda nativos de la misma regi\u00f3n. La movilidad humana en general, y las migraciones transnacionales en particular, constituyen una verdadera m\u00e1quina de diversificaci\u00f3n e integraci\u00f3n de las poblaciones y culturas del mundo.<\/p>\n","protected":false},"author":199,"featured_media":4320,"comment_status":"closed","ping_status":"closed","sticky":false,"template":"","format":"standard","meta":{"_acf_changed":false,"episode_type":"","audio_file":"","cover_image":"","cover_image_id":"","duration":"","filesize":"","filesize_raw":"","date_recorded":"","explicit":"","block":"","itunes_episode_number":"","itunes_title":"","itunes_season_number":"","itunes_episode_type":"","footnotes":""},"categories":[16518,16518,16534,16534,16520,16520],"tags":[14128],"gps":[],"class_list":{"0":"post-4373","1":"post","2":"type-post","3":"status-publish","4":"format-standard","5":"has-post-thumbnail","7":"category-relaiciones-internacionales","9":"category-sudamerica","11":"category-migracion","13":"tag-ideas-en-es"},"acf":[],"_links":{"self":[{"href":"https:\/\/latinoamerica21.com\/es\/wp-json\/wp\/v2\/posts\/4373","targetHints":{"allow":["GET"]}}],"collection":[{"href":"https:\/\/latinoamerica21.com\/es\/wp-json\/wp\/v2\/posts"}],"about":[{"href":"https:\/\/latinoamerica21.com\/es\/wp-json\/wp\/v2\/types\/post"}],"author":[{"embeddable":true,"href":"https:\/\/latinoamerica21.com\/es\/wp-json\/wp\/v2\/users\/199"}],"replies":[{"embeddable":true,"href":"https:\/\/latinoamerica21.com\/es\/wp-json\/wp\/v2\/comments?post=4373"}],"version-history":[{"count":0,"href":"https:\/\/latinoamerica21.com\/es\/wp-json\/wp\/v2\/posts\/4373\/revisions"}],"wp:featuredmedia":[{"embeddable":true,"href":"https:\/\/latinoamerica21.com\/es\/wp-json\/wp\/v2\/media\/4320"}],"wp:attachment":[{"href":"https:\/\/latinoamerica21.com\/es\/wp-json\/wp\/v2\/media?parent=4373"}],"wp:term":[{"taxonomy":"category","embeddable":true,"href":"https:\/\/latinoamerica21.com\/es\/wp-json\/wp\/v2\/categories?post=4373"},{"taxonomy":"post_tag","embeddable":true,"href":"https:\/\/latinoamerica21.com\/es\/wp-json\/wp\/v2\/tags?post=4373"},{"taxonomy":"gps","embeddable":true,"href":"https:\/\/latinoamerica21.com\/es\/wp-json\/wp\/v2\/gps?post=4373"}],"curies":[{"name":"wp","href":"https:\/\/api.w.org\/{rel}","templated":true}]}}