{"id":43912,"date":"2024-09-14T09:00:00","date_gmt":"2024-09-14T12:00:00","guid":{"rendered":"https:\/\/latinoamerica21.com\/?p=43912"},"modified":"2024-09-14T19:24:01","modified_gmt":"2024-09-14T22:24:01","slug":"peru-rinde-honores-a-fujimori-el-ex-presidente-sentenciado-por-crimenes-contra-la-humanidad","status":"publish","type":"post","link":"https:\/\/latinoamerica21.com\/es\/peru-rinde-honores-a-fujimori-el-ex-presidente-sentenciado-por-crimenes-contra-la-humanidad\/","title":{"rendered":"Per\u00fa rinde honores a Fujimori, el ex presidente sentenciado por cr\u00edmenes contra la humanidad"},"content":{"rendered":"\n<p>Las eternas discusiones sobre el \u00e9xito de las medidas econ\u00f3micas y antiterroristas de Alberto Fujimori no acabar\u00e1n, aunque su vida haya llegado a su fin. Su presencia en <a href=\"https:\/\/latinoamerica21.com\/es\/el-peru-fracturado\/\">la pol\u00edtica peruana<\/a>, desde aquel 28 de julio de 1990 en que sorpresivamente lleg\u00f3 al poder, ha marcado al pa\u00eds andino, que est\u00e1 dividido electoral y socialmente en dos, entre los que son fujimoristas y los que son antifujimoristas.<\/p>\n\n\n\n<p>M\u00e1s all\u00e1 de las percepciones y pasiones en torno a su figura, y al indulto humanitario que recientemente le permiti\u00f3 salir de prisi\u00f3n, lo f\u00e1ctico es que fue condenado por cometer delitos de corrupci\u00f3n, tr\u00e1fico de armas, malversaci\u00f3n de fondos y graves violaciones a los derechos humanos, por <a href=\"https:\/\/www.infobae.com\/peru\/2024\/09\/11\/las-matanzas-de-barrios-altos-y-la-cantuta-la-historia-detras-de-los-crimenes-por-los-que-fue-condenado-alberto-fujimori\/\">las matanzas de Barrios Altos y La Cantuta<\/a>.<\/p>\n\n\n\n<p>Por estos \u00faltimos casos, en 2009, la Sala Penal Especial de la Corte Suprema lo hall\u00f3 responsable como \u201cautor mediato\u201d, una calificaci\u00f3n que se da a quienes sin ejecutar directamente el il\u00edcito, lo realizan a trav\u00e9s de intermediarios con perfecto conocimiento e instrumentalizaci\u00f3n de los medios para perpetrar los hechos.<\/p>\n\n\n\n<p>El tipo penal fue homicidio calificado con alevos\u00eda, lesiones graves y secuestro agravado. Durante el juicio, tambi\u00e9n se estableci\u00f3 que fue responsable del secuestro del periodista Gustavo Gorriti y del empresario Samuel Dyer. Ambos estuvieron retenidos en los calabozos del Servicio de Inteligencia.<\/p>\n\n\n\n<p>Tras el fallo, Fujimori fue condenado a 25 a\u00f1os de c\u00e1rcel. Aquella fue la primera vez en la historia de Am\u00e9rica Latina que un expresidente era juzgado y sentenciado en su propio pa\u00eds por este tipo de cr\u00edmenes contra la humanidad, que violan el Derecho Internacional Penal.<\/p>\n\n\n\n<p>La Corte Interamericana de Derechos Humanos (Corte IDH) calific\u00f3 el caso Barrios Altos como de graves violaciones a los derechos humanos, y el caso La Cantuta como cr\u00edmenes de lesa humanidad.<\/p>\n\n\n\n<p>Las matanzas fueron ejecutadas por los miembros del Grupo Colina, un destacamento de inteligencia y escuadr\u00f3n de la muerte dirigido por el mayor del Ej\u00e9rcito Santiago Mart\u00edn Rivas que, bajo el control y las \u00f3rdenes de Fujimori, elimin\u00f3 a civiles sospechosos de ser terroristas en plena guerra antisubversiva, contra organizaciones como Sendero Luminoso y el MRTA (Movimiento Revolucionario T\u00fapac Amaru).<\/p>\n\n\n\n<p>El primero de los hechos, ocurrido el 3 de noviembre de 1991, consisti\u00f3 en el asesinato de 15 personas en una vivienda ubicada en la zona de Barrios Altos, en el centro de la ciudad de Lima, muy cerca de Palacio de Gobierno. Estas personas participaban de una pollada, una festividad familiar o amical que se celebra en Per\u00fa en la que se vende platos de comida para recaudar fondos con alg\u00fan fin en particular, y fueron sorprendidos por individuos encapuchados y armados que irrumpieron en la vivienda. Tras ordenarles que se tiren en el piso, les dispararon sin vacilaciones.<\/p>\n\n\n\n<p>Uno de los asesinados fue un ni\u00f1o de tan solo 8 a\u00f1os. Adem\u00e1s de los muertos, otras 4 personas quedaron gravemente heridas. Los pistoleros eran miembros del Grupo Colina, quienes confundieron la reuni\u00f3n con una fiesta secreta de miembros de Sendero Luminoso.<\/p>\n\n\n\n<p>El segundo caso se remonta al 18 de julio de 1992, tres meses despu\u00e9s del autogolpe por el que Fujimori disolvi\u00f3 el Congreso e intervino todas las instituciones p\u00fablicas del pa\u00eds para mantenerse en el poder. Aquel d\u00eda, nueve estudiantes y un profesor de la Universidad Nacional de Educaci\u00f3n Enrique Guzm\u00e1n y Valle, m\u00e1s conocida como La Cantuta, fueron secuestrados durante la madrugada y posteriormente desaparecidos, tambi\u00e9n por miembros del Grupo Colina.<\/p>\n\n\n\n<p>Los restos de dos de ellos fueron hallados recubiertos con cal en fosas clandestinas ubicadas en el Cerro Santa Rosa, en el distrito de Lurigancho-Chosica, mientras que el cuerpo del docente Hugo Mu\u00f1oz S\u00e1nchez fue quemado, por lo que se complic\u00f3 su identificaci\u00f3n. Tras una denuncia p\u00fablica del entonces congresista Henry Pease, se desenterraron los cuerpos para incinerarlos y trasladarlos a nuevas fosas clandestinas en el distrito de Cieneguilla, apartado de la ciudad. Los restos de cinco v\u00edctimas a\u00fan tienen paradero desconocido.<\/p>\n\n\n\n<p>Seg\u00fan el informe final de la Comisi\u00f3n de la Verdad y Reconciliaci\u00f3n, creada en julio de 2021 durante el gobierno de transici\u00f3n de Valent\u00edn Paniagua para investigar los cr\u00edmenes y violaciones de derechos humanos ocurridos entre mayo de 1980 y noviembre del a\u00f1o 2000 por el Estado y los grupos terroristas, este tipo de ataques fue una pr\u00e1ctica sistem\u00e1tica y generalizada de ejecuciones arbitrarias y desapariciones forzadas como parte de la estrategia antisubversiva.<\/p>\n\n\n\n<p>Fujimori, seg\u00fan la justicia nacional e internacional, fue la mente detr\u00e1s de estos sangrientos embates. Tras su fallecimiento, el 11 de septiembre a la edad de 86 a\u00f1os, el gobierno actual dispuso rendirle honores, seg\u00fan el protocolo oficial a seguir sobre las exequias de un expresidente.<\/p>\n\n\n\n<p>El tiempo juzgar\u00e1 su lugar en la historia.<\/p>\n","protected":false},"excerpt":{"rendered":"<p>M\u00e1s all\u00e1 de las percepciones y pasiones en torno a su figura, lo f\u00e1ctico es que fue condenado por cometer delitos de corrupci\u00f3n, tr\u00e1fico de armas, malversaci\u00f3n de fondos y graves violaciones a los derechos humanos.<\/p>\n","protected":false},"author":621,"featured_media":43906,"comment_status":"closed","ping_status":"closed","sticky":false,"template":"","format":"standard","meta":{"_acf_changed":false,"episode_type":"","audio_file":"","cover_image":"","cover_image_id":"","duration":"","filesize":"","filesize_raw":"","date_recorded":"","explicit":"","block":"","itunes_episode_number":"","itunes_title":"","itunes_season_number":"","itunes_episode_type":"","footnotes":""},"categories":[16579,16493],"tags":[14126],"gps":[],"class_list":{"0":"post-43912","1":"post","2":"type-post","3":"status-publish","4":"format-standard","5":"has-post-thumbnail","7":"category-lideres-politicos","8":"category-peru","9":"tag-debates-br-es"},"acf":[],"_links":{"self":[{"href":"https:\/\/latinoamerica21.com\/es\/wp-json\/wp\/v2\/posts\/43912","targetHints":{"allow":["GET"]}}],"collection":[{"href":"https:\/\/latinoamerica21.com\/es\/wp-json\/wp\/v2\/posts"}],"about":[{"href":"https:\/\/latinoamerica21.com\/es\/wp-json\/wp\/v2\/types\/post"}],"author":[{"embeddable":true,"href":"https:\/\/latinoamerica21.com\/es\/wp-json\/wp\/v2\/users\/621"}],"replies":[{"embeddable":true,"href":"https:\/\/latinoamerica21.com\/es\/wp-json\/wp\/v2\/comments?post=43912"}],"version-history":[{"count":0,"href":"https:\/\/latinoamerica21.com\/es\/wp-json\/wp\/v2\/posts\/43912\/revisions"}],"wp:featuredmedia":[{"embeddable":true,"href":"https:\/\/latinoamerica21.com\/es\/wp-json\/wp\/v2\/media\/43906"}],"wp:attachment":[{"href":"https:\/\/latinoamerica21.com\/es\/wp-json\/wp\/v2\/media?parent=43912"}],"wp:term":[{"taxonomy":"category","embeddable":true,"href":"https:\/\/latinoamerica21.com\/es\/wp-json\/wp\/v2\/categories?post=43912"},{"taxonomy":"post_tag","embeddable":true,"href":"https:\/\/latinoamerica21.com\/es\/wp-json\/wp\/v2\/tags?post=43912"},{"taxonomy":"gps","embeddable":true,"href":"https:\/\/latinoamerica21.com\/es\/wp-json\/wp\/v2\/gps?post=43912"}],"curies":[{"name":"wp","href":"https:\/\/api.w.org\/{rel}","templated":true}]}}