{"id":4410,"date":"2021-03-22T08:45:00","date_gmt":"2021-03-22T11:45:00","guid":{"rendered":"http:\/\/latinoamerica21.com\/?p=4410"},"modified":"2023-10-25T07:07:34","modified_gmt":"2023-10-25T10:07:34","slug":"el-aislamiento-de-brasil-en-la-lucha-contra-el-covid-19","status":"publish","type":"post","link":"https:\/\/latinoamerica21.com\/es\/el-aislamiento-de-brasil-en-la-lucha-contra-el-covid-19\/","title":{"rendered":"El aislamiento de Brasil en la lucha contra el Covid-19"},"content":{"rendered":"\n<p><strong><em>Coautora Rafaela Rodrigues<\/em><\/strong><\/p>\n\n\n\n<p>Mucho se ha hablado, dentro y fuera del Brasil, de la hecatombe que ha sufrido el pa\u00eds desde el inicio de la pandemia. Recientemente, Brasil fue considerado el pa\u00eds con la peor respuesta a la crisis sanitaria del SARS-CoV-2 en el mundo, seg\u00fan el Instituto Lowy, de Australia. Y en las \u00faltimas semanas, el Director General de la Organizaci\u00f3n Mundial de la Salud (OMS) lleg\u00f3 a afirmar que la situaci\u00f3n de la pandemia en Brasil es una amenaza para Am\u00e9rica Latina y el mundo.<\/p>\n\n\n\n<p><strong>Brasil en las ant\u00edpodas de su pol\u00edtica exterior<\/strong><\/p>\n\n\n\n<p>Brasil es hoy uno de los pa\u00edses con m\u00e1s restricciones en el extranjero para los viajeros. No podr\u00eda ser diferente, teniendo en cuenta <a href=\"http:\/\/latinoamerica21.com\/es\/el-covid-19-y-la-eliminacion-de-lo-social-en-brasil\/\" target=\"_blank\" rel=\"noreferrer noopener\">la constante e in\u00e9dita violaci\u00f3n del derecho a la vida y a la salud de los brasile\u00f1os<\/a>, promovida directamente por el Gobierno Federal y sus representantes.<\/p>\n\n\n\n<p>La cortina de humo levantada a trav\u00e9s de las <em>fake news<\/em> y la guerra de odio que se ha instalado en el pa\u00eds desde las \u00faltimas elecciones de 2018, potencia una mara\u00f1a de informaci\u00f3n de diferentes hechos y versiones. En este escenario, la actuaci\u00f3n del presidente Jair Bolsonaro, actualmente sin partido, pretende a menudo enmascarar la situaci\u00f3n real, alejando el foco de la mala gesti\u00f3n del Ejecutivo Federal \u2014especialmente del Ministerio de Salud\u2014 en la lucha contra la pandemia.<\/p>\n\n\n\n<p>En retrospectiva, la suma de actos contra la salud p\u00fablica durante la pandemia refleja un movimiento sistem\u00e1ticamente contrario a la historia propositiva del pa\u00eds, tanto en el contexto de las pol\u00edticas de salud como en los acuerdos de cooperaci\u00f3n internacional en el \u00e1rea. Es lamentable que, a\u00fan teniendo uno de los mayores sistemas de salud p\u00fablica y universal (SUS) del mundo, el ex ministro de Salud, Eduardo Pazuello, haya dicho que, antes de asumir el cargo, \u201cni siquiera sab\u00eda lo que era el SUS\u201d.<\/p>\n\n\n\n<p>Ideolog\u00edas pol\u00edticas aparte, nada de lo que ocurre hoy en Brasil representa la historia de la acci\u00f3n del pa\u00eds en el \u00e1mbito de la salud, ni en pol\u00edtica exterior.<\/p>\n\n\n\n<p><strong>Apogeo y crisis de la diplomacia brasile\u00f1a en la salud<\/strong><\/p>\n\n\n\n<p>Durante la mayor parte de su historia republicana, la diplomacia brasile\u00f1a se gui\u00f3 por la autonom\u00eda y el pragmatismo, paradigmas abandonados por el actual gobierno. Los gobiernos de Fernando Henrique Cardoso (PSDB), por ejemplo, ampliaron las asociaciones internacionales y la participaci\u00f3n en diversos foros mundiales. Algunas iniciativas, muchas de ellas lideradas por el entonces ministro de sanidad, Jos\u00e9 Serra, reforzaron una pol\u00edtica innovadora de acceso a medicamentos para el VIH\/SIDA, al asociar la salud al concepto de derecho humano fundamental.<\/p>\n\n\n\n<p>En el \u00e1mbito de la Organizaci\u00f3n Mundial del Comercio (OMC), <a href=\"https:\/\/bioeticaediplomacia.org\/wp-content\/uploads\/2013\/10\/Declaracao-sobre-o-Acordo-de-TRIPS.pdf\">la Declaraci\u00f3n de Doha sobre los ADPIC (Acuerdo sobre los Aspectos de los Derechos de Propiedad Intelectual)&nbsp;y la Salud P\u00fablica<\/a>, de 2001, es un ejemplo del protagonismo de Brasil al proponer la reuni\u00f3n interministerial que permiti\u00f3 interpretar los acuerdos internacionales de propiedad intelectual a la luz del inter\u00e9s p\u00fablico. De esta manera se defend\u00eda la primac\u00eda de la salud sobre las normas del comercio internacional.&nbsp;<\/p>\n\n\n\n<p>A ra\u00edz de la reducci\u00f3n de costes de los medicamentos antirretrovirales, Brasil decret\u00f3 por primera vez, en 2007, la ruptura de la patente de un medicamento extranjero. El entonces presidente Lula da Silva y el ministro de Salud, Jos\u00e9 Gomes Tempor\u00e3o, iniciaron el proceso con la publicaci\u00f3n de una ordenanza, que declaraba de inter\u00e9s p\u00fablico el medicamento Efavirenz, del laboratorio estadounidense Merck. Los gobiernos del PT de Lula y Dilma Rousseff impulsaron la acci\u00f3n internacional de Brasil en la agenda de salud, que se bas\u00f3 en gran medida en el fortalecimiento de la cooperaci\u00f3n entre los pa\u00edses del llamado Sur Global.<\/p>\n\n\n\n<p>En 2011, los BRICS promovieron una reuni\u00f3n de sus ministros de Sanidad en China, cuyo objetivo era permitir el acceso universal a los medicamentos. En esa ocasi\u00f3n se aprob\u00f3 la transferencia de tecnolog\u00eda entre los miembros del bloque y otros pa\u00edses en desarrollo para aumentar la capacidad de producci\u00f3n de medicamentos asequibles.<\/p>\n\n\n\n<p>Para Brasil, uno de los mayores importadores de suministros hospitalarios y de laboratorio de China e India, continuar con las pol\u00edticas de cooperaci\u00f3n y las alianzas comerciales de anta\u00f1o maximizar\u00eda los beneficios pol\u00edticos, econ\u00f3micos y sociales a corto plazo, especialmente durante la pandemia.<\/p>\n\n\n\n<p>Sin embargo, el actual canciller brasile\u00f1o, Ernesto Ara\u00fajo, insiste en la teor\u00eda del \u201cvirus chino\u201d como forma de dominaci\u00f3n de otros pa\u00edses, adem\u00e1s de atacar p\u00fablicamente a la OMS, organismo en el que Brasil ya ocup\u00f3 uno de los 34 puestos del Consejo Ejecutivo entre 2004 y 2007, habiendo sido reelegido por otros tres a\u00f1os, entre 2008 y 2011. Estas acciones no tuvieron otro efecto que el de retrasar a\u00fan m\u00e1s el env\u00edo de nuevas vacunas a Brasil.<\/p>\n\n\n\n<p><strong>La defensa de la salud como derecho humano fundamental<\/strong><\/p>\n\n\n\n<p>Una mirada hacia atr\u00e1s nos trae una sensaci\u00f3n de distop\u00eda. Al presentarse al mundo con un mensaje negacionista, que descalifica a la ciencia, difunde informaciones falsas y promueve institucionalmente el aumento del n\u00famero de muertes al no combatir la pandemia, Brasil pierde, adem\u00e1s de vidas, estatus internacional en el \u00e1rea de la salud.<\/p>\n\n\n\n<p>Con esta postura, se pierde adem\u00e1s la oportunidad de articularse en bloque para que los pa\u00edses del Sur Global reciban m\u00e1s dosis, ya que China, India y Rusia ya han desarrollado sus propias vacunas, adem\u00e1s de Estados Unidos y Reino Unido. <a href=\"https:\/\/www.who.int\/director-general\/speeches\/detail\/who-director-general-s-opening-remarks-at-148th-session-of-the-executive-board\">Seg\u00fan las cifras publicadas en enero por la OMS<\/a>, por cada 39 millones de dosis de vacunas contra el covid-19 repartidas entre 49 pa\u00edses desarrollados, un pa\u00eds pobre s\u00f3lo recibe 25 dosis.<\/p>\n\n\n\n<p>La igualdad en la inmunizaci\u00f3n es un supuesto b\u00e1sico para acabar con la pandemia. Sin embargo, tras d\u00e9cadas de reconocidos programas de vacunaci\u00f3n en Brasil, el presidente Bolsonaro afirma p\u00fablicamente que no se vacunar\u00e1 contra el Covid-19 y anima a la poblaci\u00f3n a hacer lo mismo, aludiendo a los posibles efectos secundarios.<\/p>\n\n\n\n<p>Las consecuencias no terminan ah\u00ed. Si bien el pa\u00eds fue premiado internacionalmente por sus programas sociales de referencia en la lucha contra el hambre, Brasil ha dado un paso atr\u00e1s. En 2021, tras el fin de las ayudas de emergencia, Brasil contar\u00e1 con m\u00e1s de 60 millones de personas bajo el umbral de la pobreza.<\/p>\n\n\n\n<p>Es necesario combatir la propaganda institucionalizada del Gobierno Federal contraria a las pr\u00e1cticas sanitarias actuales, la difusi\u00f3n de noticias falsas o cient\u00edficamente no comprobadas, y los reiterados actos contrarios a la salud p\u00fablica, incluyendo los que restringen o retrasan las respuestas de los gobiernos estatales y municipales a la pandemia.<\/p>\n\n\n\n<p>La movilizaci\u00f3n pol\u00edtica y, sobre todo, de la sociedad en torno a la salud como derecho humano fundamental sigue siendo crucial para consolidar los logros alcanzados en el pasado. Hay que evitar nuevos retrocesos y promover avances inmediatos en el contexto de la mayor crisis sanitaria del siglo.&nbsp;<\/p>\n\n\n\n<p><em><sub>Rafaela Rodrigues es doctoranda en Pol\u00edtica y Relaciones Internacionales en el \u201cCentro de Pesquisa e Documenta\u00e7\u00e3o de Hist\u00f3ria Contempor\u00e2nea do Brasil\u201d (CPDOC) de la Fundaci\u00f3n Get\u00falio Vargas (FGV).<\/sub><\/em><\/p>\n\n\n\n<p><sub><em>Foto de Eduardo.Coutinho<\/em><\/sub><\/p>\n","protected":false},"excerpt":{"rendered":"<p>Coautora Rafaela Rodrigues<br \/>\nLos actos contra la salud p\u00fablica durante la pandemia refleja un movimiento sistem\u00e1ticamente contrario a la historia propositiva del pa\u00eds. Ideolog\u00edas pol\u00edticas aparte, nada de lo que ocurre hoy en Brasil representa lo hecho en el pasado.<\/p>\n","protected":false},"author":200,"featured_media":4411,"comment_status":"closed","ping_status":"closed","sticky":false,"template":"","format":"standard","meta":{"_acf_changed":false,"episode_type":"","audio_file":"","cover_image":"","cover_image_id":"","duration":"","filesize":"","filesize_raw":"","date_recorded":"","explicit":"","block":"","itunes_episode_number":"","itunes_title":"","itunes_season_number":"","itunes_episode_type":"","footnotes":""},"categories":[16544,16544,16518,16518,16487,16487],"tags":[14126],"gps":[],"class_list":{"0":"post-4410","1":"post","2":"type-post","3":"status-publish","4":"format-standard","5":"has-post-thumbnail","7":"category-covid-19-es","9":"category-relaiciones-internacionales","11":"category-brasil","13":"tag-debates-br-es"},"acf":[],"_links":{"self":[{"href":"https:\/\/latinoamerica21.com\/es\/wp-json\/wp\/v2\/posts\/4410","targetHints":{"allow":["GET"]}}],"collection":[{"href":"https:\/\/latinoamerica21.com\/es\/wp-json\/wp\/v2\/posts"}],"about":[{"href":"https:\/\/latinoamerica21.com\/es\/wp-json\/wp\/v2\/types\/post"}],"author":[{"embeddable":true,"href":"https:\/\/latinoamerica21.com\/es\/wp-json\/wp\/v2\/users\/200"}],"replies":[{"embeddable":true,"href":"https:\/\/latinoamerica21.com\/es\/wp-json\/wp\/v2\/comments?post=4410"}],"version-history":[{"count":0,"href":"https:\/\/latinoamerica21.com\/es\/wp-json\/wp\/v2\/posts\/4410\/revisions"}],"wp:featuredmedia":[{"embeddable":true,"href":"https:\/\/latinoamerica21.com\/es\/wp-json\/wp\/v2\/media\/4411"}],"wp:attachment":[{"href":"https:\/\/latinoamerica21.com\/es\/wp-json\/wp\/v2\/media?parent=4410"}],"wp:term":[{"taxonomy":"category","embeddable":true,"href":"https:\/\/latinoamerica21.com\/es\/wp-json\/wp\/v2\/categories?post=4410"},{"taxonomy":"post_tag","embeddable":true,"href":"https:\/\/latinoamerica21.com\/es\/wp-json\/wp\/v2\/tags?post=4410"},{"taxonomy":"gps","embeddable":true,"href":"https:\/\/latinoamerica21.com\/es\/wp-json\/wp\/v2\/gps?post=4410"}],"curies":[{"name":"wp","href":"https:\/\/api.w.org\/{rel}","templated":true}]}}