{"id":4437,"date":"2021-03-24T15:45:00","date_gmt":"2021-03-24T18:45:00","guid":{"rendered":"http:\/\/latinoamerica21.com\/?p=4437"},"modified":"2021-03-25T07:20:19","modified_gmt":"2021-03-25T10:20:19","slug":"bolivia-atrapada-en-un-circulo-vicioso","status":"publish","type":"post","link":"https:\/\/latinoamerica21.com\/es\/bolivia-atrapada-en-un-circulo-vicioso\/","title":{"rendered":"Bolivia atrapada en un c\u00edrculo vicioso"},"content":{"rendered":"\n<p>La instrumentalizaci\u00f3n pol\u00edtica del poder judicial ha sido una pr\u00e1ctica recurrente de todos los gobiernos en Bolivia. El pa\u00eds ha quedado atrapado en un c\u00edrculo vicioso: abuso permanente del Estado contra el individuo. Actualmente, con el gobierno de Arce, nadie est\u00e1 seguro y muchos desconf\u00edan de la promesa de \u201cun nuevo tiempo\u201d. El vicepresidente, David Choquehuanca, en su discurso inaugural anunci\u00f3: \u201cDebemos superar la divisi\u00f3n, el odio, el racismo, la discriminaci\u00f3n entre compatriotas, ya no m\u00e1s persecuci\u00f3n a la libertad de expresi\u00f3n, ya no m\u00e1s judicializaci\u00f3n de la pol\u00edtica\u201d. Sin embargo, tras cuatro meses en el poder sus acciones no han hecho m\u00e1s que contradecir el discurso.<\/p>\n\n\n\n<p>Con base en la presuposici\u00f3n del golpe de Estado contra Evo Morales en noviembre del 2019, el gobierno de Arce y Choquehuanca ha construido un relato para justificar sus acciones. Con acusaciones de \u201csedici\u00f3n, conspiraci\u00f3n y terrorismo\u201d, <a href=\"https:\/\/www.bbc.com\/mundo\/noticias-america-latina-56389150\" target=\"_blank\" rel=\"noreferrer noopener\">la expresidenta \u00c1\u00f1ez fue detenida el s\u00e1bado 13 de marzo<\/a> con un gran despliegue de la polic\u00eda nacional bajo la direcci\u00f3n su comandante general, como si se tratara una delincuente peligrosa. El fin del gobiernos era demostrar a la opini\u00f3n p\u00fablica una suerte de trofeo de guerra y que nuevamente tienen el monopolio de la violencia leg\u00edtima para arremeter contra los enemigos pol\u00edticos.<\/p>\n\n\n\n<p>Un tuit de Evo Morales ilustra la concepci\u00f3n pol\u00edtica predominante en el MAS: \u201cPor justicia y verdad para las 36 v\u00edctimas fatales, los m\u00e1s de 800 heridos y m\u00e1s de 1.500 detenidos ilegalmente en el golpe de Estado. Que se investigue y sancione a los autores y c\u00f3mplices de la dictadura que saque\u00f3 la econom\u00eda y atent\u00f3 contra la vida y la democracia en Bolivia\u201d.<\/p>\n\n\n\n<p>\u00bfPor qu\u00e9 la aprehensi\u00f3n de la expresidenta Jeanine \u00c1\u00f1ez se basa en una presuposici\u00f3n?<\/p>\n\n\n\n<p><strong>Noviembre del 2019 no se puede entender sin febrero del 2016<\/strong><\/p>\n\n\n\n<p>Desde el 21 de febrero del a\u00f1o 2016, cuando se celebr\u00f3 el refer\u00e9ndum donde la mayor\u00eda rechaz\u00f3 la cuarta postulaci\u00f3n de Morales, hasta el 10 de noviembre de 2019 cuando Evo renuncia a la presidencia, se sucedieron una serie de acontecimientos sociopol\u00edticos y la acumulaci\u00f3n del malestar social contra la corrupci\u00f3n y autoritarismo de la tercera administraci\u00f3n consecutiva del MAS.<\/p>\n\n\n\n<p>Las irregularidades cometidas por el Tribunal Supremo Electoral (TSE) antes, durante y despu\u00e9s de las elecciones del 20 de octubre del 2019, denunciadas por la misi\u00f3n de observaci\u00f3n electoral de la OEA, fueron la chispa que prendi\u00f3 el encono colectivo acumulado. En otras palabras, se trat\u00f3 de una rebeli\u00f3n ciudadana, surgida en el departamento de Santa Cruz y que se expandi\u00f3 a todo el pa\u00eds, contra el poder autoritario y la manipulaci\u00f3n de un proceso electoral.&nbsp;<\/p>\n\n\n\n<p>Ante las protestas <a href=\"http:\/\/latinoamerica21.com\/es\/el-frustrado-autogolpe-en-bolivia\/\" target=\"_blank\" rel=\"noreferrer noopener\">Evo Morales tuvo que renunciar a su cargo,<\/a> a lo que le sucedieron una cadena de renuncias de senadores y diputados del MAS. Esto gener\u00f3 un vac\u00edo de poder por 48 horas que desemboc\u00f3 en que Jeanine \u00c1\u00f1ez, en su condici\u00f3n senadora opositora \u2014segunda vicepresidenta\u2014 fuera convocada para asumir la presidencia mediante la aplicaci\u00f3n del principio de continuidad administrativa.<\/p>\n\n\n\n<p>El hecho de que Morales renuncie a la presidencia por sugerencia de los militares es la base para fundamentar la idea de golpe de Estado. Sin embargo, el discurso niega visibilidad a la rebeli\u00f3n ciudadana y lo sucedido tras la transici\u00f3n constitucional donde los militares quedaron en sus cuarteles, el parlamento sigui\u00f3 cumpliendo sus funciones y se convoc\u00f3 a nuevas elecciones, suspendidas dos veces a causa de la pandemia. Esta sucesi\u00f3n de hechos fue considerado por el propio Luis Arce como una \u201cpresidencia transitoria constitucional\u201d.<\/p>\n\n\n\n<p>Seg\u00fan el experto boliviano en derechos humanos, Luis Ya\u00f1ez, \u201cexisten cuatro evidencias concretas de que el nuevo Gobierno ten\u00eda un origen constitucional y no as\u00ed de facto\u201d. En primer lugar, la Asamblea Legislativa Plurinacional \u2014de mayor\u00eda masista\u2014 aprob\u00f3, por unanimidad la Ley N\u00ba 1266 que dej\u00f3 sin efecto los resultados del fraude y convoc\u00f3 a nuevas elecciones. Segundo, la Declaraci\u00f3n Constitucional (001\/2020) extendi\u00f3 el mandato de la presidenta y de los propios asamble\u00edstas. En tercer lugar la Ley N\u00ba 1270 tambi\u00e9n dispuso la extensi\u00f3n se\u00f1alada y por \u00faltimo la bancada del MAS acept\u00f3 la renuncia de Morales al d\u00eda siguiente.\u00a0<\/p>\n\n\n\n<p><strong>Ojo por ojo<\/strong><\/p>\n\n\n\n<p>La vor\u00e1gine pol\u00edtica provocada por las aprehensiones, justificadas ideol\u00f3gicamente en la falsa tesis del golpe de Estado y la \u201cpasi\u00f3n por la justicia\u201d, ha atrapado a Bolivia en un c\u00edrculo vicioso bajo la l\u00f3gica del ojo por ojo. Esto ha recrudecido la polarizaci\u00f3n social y ha abonando un terreno fangoso que hace m\u00e1s dif\u00edcil la gesti\u00f3n p\u00fablica en tiempos de pandemia.<\/p>\n\n\n\n<p>En el gobierno interino de Jeanine A\u00f1ez tambi\u00e9n hubo persecuciones y aprehensiones. Y la l\u00ednea autoritaria del exministro de gobierno, Arturo Murillo, colabor\u00f3 en la degradaci\u00f3n de la democracia durante el a\u00f1o 2020. Pero no cabe duda que el actual gobierno del MAS est\u00e1 repitiendo el libreto de forma recargada. Confiado en su mayor\u00eda electoral (55%), considera que tiene luz verde para cometer atropellos a los derechos humanos en nombre de la verdad y para despreciar a la minor\u00eda opositora, as\u00ed como vigilar y castigar al individuo. \u00bfEs esto democracia?<\/p>\n\n\n\n<p>Cuando las acciones pol\u00edticas est\u00e1n determinadas por presupuestos ideol\u00f3gicos y \u00e1nimos revanchistas, no existe espacio para el acuerdo y el respeto. El circulo vicioso del ojo por ojo atrapa a los gobernantes, y sus discursos, \u2014basados en hip\u00f3tesis sin fundamentos\u2014 se convierten en justificantes para pr\u00e1cticas abusivas contra sus enemigos pol\u00edticos.<\/p>\n\n\n\n<p>El arresto de la expresidenta Jeanine \u00c1\u00f1ez ha vuelto a remover el sistema pol\u00edtico en tiempos de pandemia y ha reactivado la polarizaci\u00f3n discursiva que puede entorpecer la coordinaci\u00f3n interinstitucional entre el gobierno nacional y los gobiernos territoriales aut\u00f3nomos reci\u00e9n electos y donde el MAS carece de m\u00fasculo. Esto podr\u00eda complicar la gesti\u00f3n p\u00fablica para empezar a superar la crisis socioecon\u00f3mica provocada por la pandemia en Bolivia.<\/p>\n\n\n\n<p><em><sub>Foto de Brasil de Fato<\/sub><\/em><\/p>\n","protected":false},"excerpt":{"rendered":"<p>La instrumentalizaci\u00f3n pol\u00edtica del poder judicial ha sido una pr\u00e1ctica recurrente de todos los gobiernos en Bolivia. El pa\u00eds ha quedado atrapado en un c\u00edrculo vicioso y actualmente, con el gobierno de Arce, muchos desconf\u00edan de la promesa de \u201cun nuevo tiempo\u201d. Tras cuatro meses en el poder sus acciones contradicen el discurso.<\/p>\n","protected":false},"author":120,"featured_media":4438,"comment_status":"closed","ping_status":"closed","sticky":false,"template":"","format":"standard","meta":{"_acf_changed":false,"episode_type":"","audio_file":"","cover_image":"","cover_image_id":"","duration":"","filesize":"","filesize_raw":"","date_recorded":"","explicit":"","block":"","itunes_episode_number":"","itunes_title":"","itunes_season_number":"","itunes_episode_type":"","footnotes":""},"categories":[16470,16470,16589,16589],"tags":[],"gps":[],"class_list":{"0":"post-4437","1":"post","2":"type-post","3":"status-publish","4":"format-standard","5":"has-post-thumbnail","7":"category-bolivia","9":"category-lawfare-es"},"acf":[],"_links":{"self":[{"href":"https:\/\/latinoamerica21.com\/es\/wp-json\/wp\/v2\/posts\/4437","targetHints":{"allow":["GET"]}}],"collection":[{"href":"https:\/\/latinoamerica21.com\/es\/wp-json\/wp\/v2\/posts"}],"about":[{"href":"https:\/\/latinoamerica21.com\/es\/wp-json\/wp\/v2\/types\/post"}],"author":[{"embeddable":true,"href":"https:\/\/latinoamerica21.com\/es\/wp-json\/wp\/v2\/users\/120"}],"replies":[{"embeddable":true,"href":"https:\/\/latinoamerica21.com\/es\/wp-json\/wp\/v2\/comments?post=4437"}],"version-history":[{"count":0,"href":"https:\/\/latinoamerica21.com\/es\/wp-json\/wp\/v2\/posts\/4437\/revisions"}],"wp:featuredmedia":[{"embeddable":true,"href":"https:\/\/latinoamerica21.com\/es\/wp-json\/wp\/v2\/media\/4438"}],"wp:attachment":[{"href":"https:\/\/latinoamerica21.com\/es\/wp-json\/wp\/v2\/media?parent=4437"}],"wp:term":[{"taxonomy":"category","embeddable":true,"href":"https:\/\/latinoamerica21.com\/es\/wp-json\/wp\/v2\/categories?post=4437"},{"taxonomy":"post_tag","embeddable":true,"href":"https:\/\/latinoamerica21.com\/es\/wp-json\/wp\/v2\/tags?post=4437"},{"taxonomy":"gps","embeddable":true,"href":"https:\/\/latinoamerica21.com\/es\/wp-json\/wp\/v2\/gps?post=4437"}],"curies":[{"name":"wp","href":"https:\/\/api.w.org\/{rel}","templated":true}]}}