{"id":44530,"date":"2024-10-12T09:00:00","date_gmt":"2024-10-12T12:00:00","guid":{"rendered":"https:\/\/latinoamerica21.com\/?p=44530"},"modified":"2024-10-11T07:04:54","modified_gmt":"2024-10-11T10:04:54","slug":"el-dilema-de-claudia-sheinbaum-bajo-la-sombra-de-amlo","status":"publish","type":"post","link":"https:\/\/latinoamerica21.com\/es\/el-dilema-de-claudia-sheinbaum-bajo-la-sombra-de-amlo\/","title":{"rendered":"El dilema de Claudia Sheinbaum bajo la sombra de AMLO"},"content":{"rendered":"\n<p>Lleg\u00f3 formalmente el \u00faltimo d\u00eda de la gesti\u00f3n presidencial de Andr\u00e9s Manuel L\u00f3pez Obrador y <a href=\"https:\/\/latinoamerica21.com\/es\/mexico-en-septiembre\/\">el primer d\u00eda de la administraci\u00f3n de Claudia Sheinbaum Pardo<\/a>, una dial\u00e9ctica rutinaria en democracia, pero complicada en democracias defectuosas.\u00a0El cambio se hizo con toda la parafernalia en la sede de la C\u00e1mara de Diputados. Ah\u00ed estaban reunidos los miembros de los tres poderes de la Uni\u00f3n, los gobernadores e invitados especiales que fueron testigos de una ceremonia que, en M\u00e9xico, durante los tiempos del PRI hegem\u00f3nico, representaba claramente la m\u00e1xima de la monarqu\u00eda de Carlos VII: \u00a1el rey ha muerto, viva el rey!\u00a0\u00a0<\/p>\n\n\n\n<p>Solo que, en los tiempos de la llamada Cuarta Transformaci\u00f3n, se trata de una entelequia pol\u00edtica. Hoy lo novedoso es que \u201cel que se va, no se va\u201d, o, para decirlo en palabras ancladas en la historia de M\u00e9xico, estamos ante la inauguraci\u00f3n de un nuevo intento de Maximato, aquella pr\u00e1ctica antidemocr\u00e1tica que inaugur\u00f3 el presidente Plutarco El\u00edas Calles que consist\u00eda en imponer y controlar a los sucesores en el poder presidencial, hasta que lleg\u00f3 a su t\u00e9rmino con el presidente L\u00e1zaro C\u00e1rdenas del R\u00edo, que rompi\u00f3 y mand\u00f3 al exilio al llamado \u201cjefe m\u00e1ximo\u201d.&nbsp;&nbsp;<\/p>\n\n\n\n<p>Se trata de una rutina que otros presidentes han intentado implementar, pero todos con malos resultados, como fue el caso de Luis Echeverr\u00eda con Jos\u00e9 L\u00f3pez Portillo, quien, siguiendo la ense\u00f1anza cardenista, fue mandado al otro lado del mundo como embajador de las islas Fiji.&nbsp;&nbsp;&nbsp;<\/p>\n\n\n\n<p>Sucedi\u00f3, tambi\u00e9n, con Carlos Salinas de Gortari, que design\u00f3 como candidato del PRI, en sustituci\u00f3n del asesinado Luis Donaldo Colosio, nada m\u00e1s y nada menos que a su secretario de Educaci\u00f3n P\u00fablica, el economista Ernesto Zedillo Ponce de Le\u00f3n, quien ya con la presidencia de la Rep\u00fablica en funciones orden\u00f3 una investigaci\u00f3n contra un hermano del expresidente por presuntos nexos con una fracci\u00f3n del crimen organizado y lo puso en prisi\u00f3n. Su tutor pol\u00edtico tuvo que irse a vivir a Irlanda durante toda la gesti\u00f3n presidencial zedillista.&nbsp;&nbsp;<\/p>\n\n\n\n<p>Ya nadie despu\u00e9s lo intent\u00f3, y predomin\u00f3 una pr\u00e1ctica hasta hoy vigente, que consiste en impunidad por los delitos que hubiera cometido \u00e9l y\/o miembros de su familia o, peor, la no persecuci\u00f3n pol\u00edtica de parte del que llega obteniendo a cambio favores que le permitan una transici\u00f3n pac\u00edfica y ordenada, como lo negoci\u00f3 L\u00f3pez Obrador con Enrique Pe\u00f1a Nieto, que se fue a vivir un exilio dorado en Espa\u00f1a, donde vive hasta la actualidad.&nbsp;&nbsp;<\/p>\n\n\n\n<p>Sin embargo, en el proceso sucesorio de 2024, el relevo tiene otros ingredientes, pues L\u00f3pez Obrador se ha encargado de sitiar a la primera presidenta de M\u00e9xico. Le <a href=\"https:\/\/elpais.com\/mexico\/elecciones-mexicanas\/2024-10-01\/quien-es-quien-en-el-gabinete-de-claudia-sheinbaum.html\">ha impuesto a la mayor parte del gabinete<\/a>, la mayor\u00eda de los diputados y senadores que \u00e9l se encarg\u00f3 de seleccionar, as\u00ed como tambi\u00e9n a los gobernadores y candidatos a gobernar los estados que hoy Morena y sus aliados (PT y PVEM) tienen en su poder, 24 de las 32 entidades federativas y a cientos de alcaldes fieles a su l\u00edder. Adem\u00e1s, ha impuesto el programa pol\u00edtico bajo el techo ideol\u00f3gico de la llamada Cuarta Transformaci\u00f3n, y su hijo, que lleva su nombre, es el secretario de organizaci\u00f3n del partido Morena; es decir, ser\u00e1 este cachorro el encargado de las candidaturas morenistas en futuras contiendas electorales y hasta se especula en los medios que es su candidato presidencial para 2030.\u00a0\u00a0<\/p>\n\n\n\n<p>Y, por si fuera poco, ha dejado en herencia grandes compromisos econ\u00f3micos y conflictos con los que Claudia Sheinbaum no ten\u00eda por qu\u00e9 lidiar al inicio de su gesti\u00f3n como presidenta, entre los que resalta el \u201cperd\u00f3n\u201d que se le ha pedido al rey de Espa\u00f1a, Felipe VI, y que obtuvo como respuesta silencio diplom\u00e1tico.&nbsp;&nbsp;<\/p>\n\n\n\n<p>Entonces, los m\u00e1rgenes de actuaci\u00f3n de la primera presidenta son estrechos, reducidos a lo indispensable. Y, a ello, hay que sumarle a la tambi\u00e9n cient\u00edfica su escaso carisma y un discurso plano que no emociona a nadie, plegado a directrices preestablecidas. As\u00ed, ser\u00eda una revoluci\u00f3n dentro de la \u201ctransformaci\u00f3n\u201d tomar una decisi\u00f3n como las que tomaron en su momento los presidentes L\u00e1zaro C\u00e1rdenas y Ernesto Zedillo, que sacudieron sin rubor alguno a quienes intentaban estar moviendo los hilos del poder tras el trono.&nbsp;&nbsp;<\/p>\n\n\n\n<p>Sheinbaum, por lo tanto, est\u00e1 en un dilema pol\u00edtico y lo tiene que resolver, ya sea aceptando mimetizarse permanentemente en su tutor pol\u00edtico, como lo hizo en campa\u00f1a y lo ha hecho sin rubor en la toma de posesi\u00f3n del cargo presidencial, o rebel\u00e1ndose contra \u00e9l y haciendo un gobierno a su imagen y semejanza, lo que dar\u00eda una p\u00e1tina de dignidad a su paso por la historia nacional como la primera presidenta de M\u00e9xico.&nbsp;&nbsp;<\/p>\n","protected":false},"excerpt":{"rendered":"<p>En el proceso sucesorio de 2024, L\u00f3pez Obrador ha sitiado a la primera presidenta de M\u00e9xico imponiendole a la mayor parte del gabinete, legisladores y dem\u00e1s cargos.<\/p>\n","protected":false},"author":331,"featured_media":44531,"comment_status":"closed","ping_status":"closed","sticky":false,"template":"","format":"standard","meta":{"_acf_changed":false,"episode_type":"","audio_file":"","cover_image":"","cover_image_id":"","duration":"","filesize":"","filesize_raw":"","date_recorded":"","explicit":"","block":"","itunes_episode_number":"","itunes_title":"","itunes_season_number":"","itunes_episode_type":"","footnotes":""},"categories":[16466,16536],"tags":[14128],"gps":[],"class_list":{"0":"post-44530","1":"post","2":"type-post","3":"status-publish","4":"format-standard","5":"has-post-thumbnail","7":"category-mexico","8":"category-lopez-obrador","9":"tag-ideas-en-es"},"acf":[],"_links":{"self":[{"href":"https:\/\/latinoamerica21.com\/es\/wp-json\/wp\/v2\/posts\/44530","targetHints":{"allow":["GET"]}}],"collection":[{"href":"https:\/\/latinoamerica21.com\/es\/wp-json\/wp\/v2\/posts"}],"about":[{"href":"https:\/\/latinoamerica21.com\/es\/wp-json\/wp\/v2\/types\/post"}],"author":[{"embeddable":true,"href":"https:\/\/latinoamerica21.com\/es\/wp-json\/wp\/v2\/users\/331"}],"replies":[{"embeddable":true,"href":"https:\/\/latinoamerica21.com\/es\/wp-json\/wp\/v2\/comments?post=44530"}],"version-history":[{"count":0,"href":"https:\/\/latinoamerica21.com\/es\/wp-json\/wp\/v2\/posts\/44530\/revisions"}],"wp:featuredmedia":[{"embeddable":true,"href":"https:\/\/latinoamerica21.com\/es\/wp-json\/wp\/v2\/media\/44531"}],"wp:attachment":[{"href":"https:\/\/latinoamerica21.com\/es\/wp-json\/wp\/v2\/media?parent=44530"}],"wp:term":[{"taxonomy":"category","embeddable":true,"href":"https:\/\/latinoamerica21.com\/es\/wp-json\/wp\/v2\/categories?post=44530"},{"taxonomy":"post_tag","embeddable":true,"href":"https:\/\/latinoamerica21.com\/es\/wp-json\/wp\/v2\/tags?post=44530"},{"taxonomy":"gps","embeddable":true,"href":"https:\/\/latinoamerica21.com\/es\/wp-json\/wp\/v2\/gps?post=44530"}],"curies":[{"name":"wp","href":"https:\/\/api.w.org\/{rel}","templated":true}]}}