{"id":45247,"date":"2024-11-13T09:00:00","date_gmt":"2024-11-13T12:00:00","guid":{"rendered":"https:\/\/latinoamerica21.com\/?p=45247"},"modified":"2024-11-12T15:00:55","modified_gmt":"2024-11-12T18:00:55","slug":"vetan-en-peru-a-antauro-humala-el-hitler-peruano","status":"publish","type":"post","link":"https:\/\/latinoamerica21.com\/es\/vetan-en-peru-a-antauro-humala-el-hitler-peruano\/","title":{"rendered":"Vetan en Per\u00fa a Antauro Humala, el \u201cHitler peruano\u201d"},"content":{"rendered":"\n<p>En una decisi\u00f3n hist\u00f3rica que tiene como fin defender el sistema democr\u00e1tico del pa\u00eds, la justicia peruana resolvi\u00f3 en primera instancia <a href=\"https:\/\/www.infobae.com\/peru\/2024\/11\/06\/antauro-humala-apelara-fallo-del-poder-judicial-que-ordeno-disolucion-de-su-partido\/\">declarar ilegal el partido pol\u00edtico<\/a> Alianza Nacional de Trabajadores Agricultores Universitarios Reservistas y Obreros, cuyas siglas son A.N.T.A.U.R.O., acr\u00f3nimo del exmilitar Antauro Humala Tasso, quien a inicios de 2005 asesinara a cuatro polic\u00edas durante un levantamiento en la ciudad andina de Andahuaylas, a m\u00e1s de 750 km de Lima. Por este caso, denominado Andahuaylazo, fue condenado a 19 a\u00f1os de c\u00e1rcel por los delitos de homicidio, secuestro, da\u00f1os agravados, sustracci\u00f3n o arrebato de arma de fuego y rebeli\u00f3n.<\/p>\n\n\n\n<p>Humala, quien era el l\u00edder de facto de la agrupaci\u00f3n aunque no figuraba nominalmente en la l\u00ednea de mando, pretend\u00eda <a href=\"https:\/\/latinoamerica21.com\/es\/los-congresistas-mochasueldos-que-infectan-peru\/\">usar esta plataforma pol\u00edtica para postularse<\/a> a las elecciones presidenciales de abril de 2026 y petardear el Estado desde adentro. En m\u00e1s de una ocasi\u00f3n hab\u00eda propuesto fusilar a sus rivales pol\u00edticos, incluido su hermano, el ex presidente Ollanta Humala, investigado por actos de corrupci\u00f3n. \u201c\u00a1Carajo! Mi madre lo pari\u00f3, salimos del mismo \u00fatero, pero traicion\u00f3 pues. \u00bfAcaso yo soy mi hermano? \u00c9l traicion\u00f3 y tiene que ser fusilado igual\u201d, se le oye decir en un video difundido por TikTok en 2022, durante un acto proselitista.<\/p>\n\n\n\n<p>En febrero de este a\u00f1o, durante una entrevista radial, se\u00f1al\u00f3 que para \u201cmoralizar a las Fuerzas Armadas\u201d hay dos m\u00e9todos, uno que \u201ccuesta US$ 8.000 millones de d\u00f3lares\u201d y otro que \u201cte cuesta dos cacerinas, porque fusil\u00e1ndose a dos generales y tres coroneles del Ej\u00e9rcito en tres d\u00edas se pone operativo\u201d. Acto seguido, refiri\u00e9ndose a la posibilidad de disolver el Congreso de la Rep\u00fablica, sostuvo que \u201cun comandante general deber\u00eda dar un golpe de Estado no anodino\u201d.<\/p>\n\n\n\n<p>Por esto y m\u00e1s, la Fiscal\u00eda de la naci\u00f3n peruana present\u00f3 ante la Corte Suprema la solicitud para declarar ilegal a A.N.T.A.U.R.O., acogiendo, a su vez, un pedido del congresista Alejandro Mu\u00f1ante, quien formul\u00f3 la demanda en primer lugar ante el Jurado Nacional de Elecciones (JNE), el m\u00e1ximo ente electoral del pa\u00eds, que, lamentablemente, se lav\u00f3 las manos y decidi\u00f3 derivar el caso al terreno netamente judicial.<\/p>\n\n\n\n<p>La Fiscal\u00eda argument\u00f3 que la agrupaci\u00f3n de Humala promueve \u201cactividades antidemocr\u00e1ticas\u201d que \u201cvulneran sistem\u00e1ticamente las libertades y derechos fundamentales\u201d, y advirti\u00f3 de que alienta un \u201cdiscurso violento, de odio, discriminatorio\u201d. A\u00f1adi\u00f3 que la agrupaci\u00f3n pol\u00edtica establece principios de nacionalismo fundamentado en \u201cla estirpe\u201d, en el que la nacionalidad se define \u00fanicamente por la sangre, excluyendo a quienes no sean afines con \u201clo aut\u00f3ctono\u201d. En 2022, en una entrevista con <em>El Pa\u00eds<\/em>, Antauro se\u00f1al\u00f3 que \u201cel poder deben ejercerlo los de piel cobriza\u201d.<\/p>\n\n\n\n<p>La Sala de Derecho Constitucional y Social Permanente de la Corte Suprema de Per\u00fa, que dict\u00f3 el veredicto en mayor\u00eda, tambi\u00e9n decidi\u00f3 decretar la disoluci\u00f3n del partido pol\u00edtico y su anulaci\u00f3n en el registro oficial del JNE, con lo cual tambi\u00e9n orden\u00f3 el cierre de sus bases a nivel nacional y se prohibi\u00f3 su reinscripci\u00f3n. Sin embargo, no resolvi\u00f3 inhabilitar a sus dirigentes. El fallo se bas\u00f3 en jurisprudencia adoptada a ra\u00edz de las figuras de los c\u00e9lebres genocidas Adolf Hitler y Benito Mussolini.<\/p>\n\n\n\n<p>Las decisiones judiciales se har\u00e1n efectivas una vez que queden firmes, en \u00faltima instancia. El congresista \u00c1lex Flores, integrante de A.N.T.A.U.R.O., anunci\u00f3 que apelar\u00e1 el veto, el cual consider\u00f3 de \u201cantidemocr\u00e1tico, inconstitucional y arbitrario\u201d. El caso podr\u00eda llegar al Tribunal Constitucional (TC) peruano, cuya presidenta, la magistrada Luz Pacheco, sostuvo una reuni\u00f3n el 21 de octubre con el propio Antauro y con su pareja sentimental y abogada, Carmen Huidobro, quien tambi\u00e9n fue condenada por el Andahuaylazo, lo que ha sido cuestionado por la ciudadan\u00eda.<\/p>\n\n\n\n<p>A pesar de sus tremebundas declaraciones p\u00fablicas, el 27 de octubre, pocos d\u00edas antes de emitirse el fallo judicial con el veto de su partido pol\u00edtico, la encuestadora Ipsos Per\u00fa dio cuenta de que en las proyecciones de intenci\u00f3n de voto presidencial Antauro Humala se encontraba en el segundo lugar, solo detr\u00e1s de Keiko Fujimori.&nbsp;<\/p>\n\n\n\n<p>El proceso electoral reci\u00e9n ser\u00e1 convocado en abril de 2025, es decir, dentro de cinco meses, pero Antauro no podr\u00e1 postular al menos a la presidencia del Per\u00fa debido a que ya venci\u00f3 el plazo legal para hacerlo por otra agrupaci\u00f3n. S\u00ed podr\u00eda intentarlo como invitado, pero para integrar el Parlamento, que desde<a href=\"https:\/\/latinoamerica21.com\/es\/peru-vuelve-a-tener-un-congreso-bicameral\/\"> el pr\u00f3ximo quinquenio ser\u00e1 bicameral<\/a>.<\/p>\n\n\n\n<p>De todas formas, llegar\u00e1 el momento en el que la ciudadan\u00eda ratifique la firmeza del sistema de justicia y jubile a Antauro Humala y sus pr\u00e1cticas con su voto, o le otorgue el poder para destruir el pa\u00eds. Corren las apuestas.<\/p>\n","protected":false},"excerpt":{"rendered":"<p>La Fiscal\u00eda argumenta que la agrupaci\u00f3n de Humala promueve actividades antidemocr\u00e1ticas que vulneran los derechos fundamentales y advirti\u00f3 que alienta un discurso violento. <\/p>\n","protected":false},"author":621,"featured_media":45248,"comment_status":"closed","ping_status":"closed","sticky":false,"template":"","format":"standard","meta":{"_acf_changed":false,"episode_type":"","audio_file":"","cover_image":"","cover_image_id":"","duration":"","filesize":"","filesize_raw":"","date_recorded":"","explicit":"","block":"","itunes_episode_number":"","itunes_title":"","itunes_season_number":"","itunes_episode_type":"","footnotes":""},"categories":[16468,16493],"tags":[14126],"gps":[],"class_list":{"0":"post-45247","1":"post","2":"type-post","3":"status-publish","4":"format-standard","5":"has-post-thumbnail","7":"category-politica","8":"category-peru","9":"tag-debates-br-es"},"acf":[],"_links":{"self":[{"href":"https:\/\/latinoamerica21.com\/es\/wp-json\/wp\/v2\/posts\/45247","targetHints":{"allow":["GET"]}}],"collection":[{"href":"https:\/\/latinoamerica21.com\/es\/wp-json\/wp\/v2\/posts"}],"about":[{"href":"https:\/\/latinoamerica21.com\/es\/wp-json\/wp\/v2\/types\/post"}],"author":[{"embeddable":true,"href":"https:\/\/latinoamerica21.com\/es\/wp-json\/wp\/v2\/users\/621"}],"replies":[{"embeddable":true,"href":"https:\/\/latinoamerica21.com\/es\/wp-json\/wp\/v2\/comments?post=45247"}],"version-history":[{"count":0,"href":"https:\/\/latinoamerica21.com\/es\/wp-json\/wp\/v2\/posts\/45247\/revisions"}],"wp:featuredmedia":[{"embeddable":true,"href":"https:\/\/latinoamerica21.com\/es\/wp-json\/wp\/v2\/media\/45248"}],"wp:attachment":[{"href":"https:\/\/latinoamerica21.com\/es\/wp-json\/wp\/v2\/media?parent=45247"}],"wp:term":[{"taxonomy":"category","embeddable":true,"href":"https:\/\/latinoamerica21.com\/es\/wp-json\/wp\/v2\/categories?post=45247"},{"taxonomy":"post_tag","embeddable":true,"href":"https:\/\/latinoamerica21.com\/es\/wp-json\/wp\/v2\/tags?post=45247"},{"taxonomy":"gps","embeddable":true,"href":"https:\/\/latinoamerica21.com\/es\/wp-json\/wp\/v2\/gps?post=45247"}],"curies":[{"name":"wp","href":"https:\/\/api.w.org\/{rel}","templated":true}]}}