{"id":4538,"date":"2021-04-02T08:45:00","date_gmt":"2021-04-02T11:45:00","guid":{"rendered":"http:\/\/latinoamerica21.com\/?p=4538"},"modified":"2021-05-08T21:44:55","modified_gmt":"2021-05-09T00:44:55","slug":"justicia-climatica-en-america-latina","status":"publish","type":"post","link":"https:\/\/latinoamerica21.com\/es\/justicia-climatica-en-america-latina\/","title":{"rendered":"Justicia clim\u00e1tica en Am\u00e9rica Latina"},"content":{"rendered":"\n<p>En noviembre, hace apenas cinco meses, los huracanes&nbsp;Eta&nbsp;e Iota devastaron zonas de Panam\u00e1, Costa Rica, Honduras, Nicaragua, El Salvador, Guatemala y Belice dejando m\u00e1s de 200 muertos y m\u00e1s de medio mill\u00f3n de desplazados.&nbsp;Estos huracanes, as\u00ed como las inundaciones, sequ\u00edas,&nbsp;aumento del nivel del mar o la acidificaci\u00f3n del oc\u00e9ano, provocados por el cambio clim\u00e1tico, no afectan a los territorios por igual. Pese a tratarse de una problem\u00e1tica global, los efectos del cambio clim\u00e1tico se hacen especialmente patentes en pa\u00edses en v\u00edas de desarrollo. Muchos no cuentan con infraestructuras suficientes, mecanismos de control o capacidad de regeneraci\u00f3n tras un desastre ambiental. Adem\u00e1s, por sus caracter\u00edsticas geogr\u00e1ficas, la mayor\u00eda de los pa\u00edses en desarrollo con problemas clim\u00e1ticos est\u00e1n en zonas tropicales con mayor exposici\u00f3n a fen\u00f3menos extremos como huracanes o ciclones.<\/p>\n\n\n\n<p>Para tratar de hacer frente a los efectos del cambio clim\u00e1tico, en las \u00faltimas d\u00e9cadas la cuesti\u00f3n ambiental ha entrado en la agenda de gobiernos y organizaciones internacionales, con una presencia activa de la sociedad civil. Una de ellas son las semanas del clima regionales (SCR), foro donde individuos y organizaciones p\u00fablicas y privadas abordan un amplio abanico de cuestiones clim\u00e1ticas. Los impulsores de este proyecto, adem\u00e1s de gobiernos, son el Programa de las Naciones Unidas para el Desarrollo, el Programa de Naciones Unidas para el Medio Ambiente, el Programa de las Naciones Unidas para el Cambio Clim\u00e1tico y el Grupo del Banco Mundial.<\/p>\n\n\n\n<p><strong>Respuestas regionales a problemas globales<\/strong><\/p>\n\n\n\n<p>La principal particularidad de estas cumbres es que afrontan las cuestiones clim\u00e1ticas y ambientales desde una perspectiva regional. Es decir, se pone el foco en las condiciones concretas de cada \u00e1rea geogr\u00e1fica, tanto desde el punto de vista de los efectos del cambio clim\u00e1tico como de los recursos para hacerle frente. Las regiones participantes son Am\u00e9rica Latina y el Caribe, \u00c1frica, Asia y Pac\u00edfico, y Medio Oriente y Norte de \u00c1frica-Emiratos \u00c1rabes Unidos.<\/p>\n\n\n\n<p>Tras la postergaci\u00f3n de las reuniones planificadas para 2020 como consecuencia de la crisis sanitaria, la agenda se retom\u00f3 los d\u00edas 3 y 4 de marzo, con mesas regionales virtuales para marcar las directrices de 2021. La pr\u00f3xima cita para Am\u00e9rica Latina ser\u00e1n las sesiones tem\u00e1ticas virtuales programadas para mayo donde participar\u00e1n actores de la sociedad civil que discutir\u00e1n sobre la aplicaci\u00f3n, la gesti\u00f3n de riesgos clim\u00e1ticos y el aprovechamiento de oportunidades para implementar la agenda clim\u00e1tica. Por \u00faltimo, a finales de agosto ser\u00e1n las sesiones ministeriales, que incluir\u00e1n interacciones con la sociedad civil.<\/p>\n\n\n\n<p>En esta ocasi\u00f3n, con Rep\u00fablica Dominicana como anfitri\u00f3n, la principal reivindicaci\u00f3n gira en torno a la justicia ambiental. Pese a que Am\u00e9rica Latina y el Caribe es la regi\u00f3n que menos emisiones produce a nivel global, es una de las m\u00e1s afectadas el cambio clim\u00e1tico. De los diez pa\u00edses m\u00e1s afectados por cuestiones ambientales, cinco son latinoamericanos: Hait\u00ed, Puerto Rico, Dominica, Honduras y Nicaragua. Por ello, es urgente establecer mecanismos para equilibrar la balanza y que puedan ser recompensados por los efectos sobre su territorio derivados de la emisi\u00f3n de terceros pa\u00edses.<\/p>\n\n\n\n<p><strong>Desequilibrios en los efectos del cambio clim\u00e1tico<\/strong><\/p>\n\n\n\n<p>Pese a que la regi\u00f3n sufre las consecuencias ambientales, ning\u00fan pa\u00eds latinoamericano se encuentra entre los diez principales emisores de di\u00f3xido de carbono. Con el Acuerdo de Par\u00eds se acord\u00f3 crear un <a href=\"https:\/\/cincodias.elpais.com\/cincodias\/2019\/12\/12\/economia\/1576173414_002564.html\" target=\"_blank\" rel=\"noreferrer noopener\">mercado mundial de emisiones<\/a> y el financiamiento clim\u00e1tico, pero a d\u00eda de hoy este mecanismo no ha acabado de ser implementado de manera eficaz.<\/p>\n\n\n\n<p>La necesidad de corregir este desajuste es urgente. Los efectos del cambio clim\u00e1tico se multiplican en Am\u00e9rica Latina, acentuando la pobreza y extrema pobreza, y afectando nuevas dimensiones. Se espera que en los pr\u00f3ximos a\u00f1os disminuya la producci\u00f3n y calidad de los alimentos, consecuencia de las altas temperaturas, precipitaciones irregulares y fertilizaci\u00f3n por aumento del di\u00f3xido de carbono. Tambi\u00e9n se restringir\u00e1 la disponibilidad de recursos h\u00eddricos, sobre todo en regiones semi\u00e1ridas y dependientes del derretimiento de glaciares como los de la Cordillera de los Andes. El aumento de las temperaturas y la deforestaci\u00f3n en selvas, como el Amazonas, incrementar\u00e1 el riesgo de mega incendios.<\/p>\n\n\n\n<p>La estrategia regional debe abarcar, al menos, tres aspectos. Primero, evidenciar y reivindicar que los efectos del cambio clim\u00e1tico afectar\u00e1n con m\u00e1s virulencia a los pa\u00edses y comunidades m\u00e1s vulnerables de Am\u00e9rica Latina. Segundo, tomar en cuenta que gran parte de sus efectos trascienden las fronteras nacionales. Y tercero, orientar las respuestas con base a un principio de equidad que trate de paliar las desigualdades tanto con relaci\u00f3n al grado de afectaci\u00f3n como a la capacidad de respuesta.<\/p>\n\n\n\n<p><strong>La agenda ambiental en Latinoam\u00e9rica<\/strong><\/p>\n\n\n\n<p><a href=\"http:\/\/latinoamerica21.com\/es\/el-acuerdo-de-escazu-y-la-democracia-ambiental\/\" target=\"_blank\" rel=\"noreferrer noopener\">La firma del acuerdo de Escaz\u00fa<\/a> supuso un paso decisivo en la pol\u00edtica medioambiental latinoamericana. El tratado, acordado por veinticuatro pa\u00edses de Am\u00e9rica Latina y el Caribe, fue resultado de la Conferencia de Naciones Unidas sobre el Desarrollo Sostenible de 2012 y la Decisi\u00f3n de Santiago de 2014. Tras cuatro a\u00f1os de negociaciones, el acuerdo regional se firm\u00f3 el 4 de marzo de 2018.<\/p>\n\n\n\n<p>Entre sus prop\u00f3sitos, recoge la implementaci\u00f3n efectiva de los derechos de acceso a la informaci\u00f3n ambiental, la participaci\u00f3n p\u00fablica en los procesos de toma de decisiones ambientales y el acceso a la justicia en el \u00e1mbito medioambiental. Es un instrumento para, entre otras cosas, articular el crecimiento econ\u00f3mico y gestionar el medio ambiente bajo la premisa de la cooperaci\u00f3n.<\/p>\n\n\n\n<p>Sin embargo, esta agenda y mecanismos regionales ser\u00e1n insuficientes si no logran insertarse dentro del contexto global. La fractura norte\/sur est\u00e1 presente en la disponibilidad de recursos naturales y medios ambientales, el cambio clim\u00e1tico y el desarrollo sustentable. La naturaleza mundial del cambio clim\u00e1tico requiere del mayor grado posible de cooperaci\u00f3n entre pa\u00edses, estimulando la participaci\u00f3n de cada estado para generar una respuesta internacional efectiva, que tome en cuenta las responsabilidades comunes,\u00a0 las diferencias en las capacidades de respuesta y las desiguales condiciones sociales y econ\u00f3micas.<\/p>\n\n\n\n<hr class=\"wp-block-separator\" id=\"block-ad479456-90c3-41b5-ade0-586b2032ee7e\"\/>\n\n\n\n<p class=\"has-text-align-right\" id=\"block-829d7943-9f44-4450-a6f4-84aa58c3a0e4\"><strong><em>Episodio relacionado de nuestro\u00a0<a href=\"http:\/\/latinoamerica21.com\/podcast\/\">podcast<\/a><\/em>:<\/strong><\/p>\n\n\n\n<figure class=\"wp-block-embed is-type-rich is-provider-spotify wp-block-embed-spotify wp-embed-aspect-21-9 wp-has-aspect-ratio\"><div class=\"wp-block-embed__wrapper\">\n<iframe title=\"Spotify Embed: Puerto Rico: \u00bfindependencia o estadidad?\" style=\"border-radius: 12px\" width=\"100%\" height=\"152\" frameborder=\"0\" allowfullscreen allow=\"autoplay; clipboard-write; encrypted-media; fullscreen; picture-in-picture\" loading=\"lazy\" src=\"https:\/\/open.spotify.com\/embed\/episode\/0iiuUBhDtrl1VhlJKYl9Jj?si=HI1PoyCsRh63Y0f_pINDqA&#038;utm_source=oembed\"><\/iframe>\n<\/div><\/figure>\n","protected":false},"excerpt":{"rendered":"<p>En noviembre, los huracanes Eta e Iota devastaron zonas de Panam\u00e1, Costa Rica, Honduras, Nicaragua, El Salvador, Guatemala y Belice dejando m\u00e1s de 200 muertos y m\u00e1s de medio mill\u00f3n de desplazados. Los huracanes, as\u00ed como las inundaciones, sequ\u00edas o el aumento del nivel del mar provocados por el cambio clim\u00e1tico, no afectan a los territorios por igual.<\/p>\n","protected":false},"author":121,"featured_media":4535,"comment_status":"closed","ping_status":"closed","sticky":false,"template":"","format":"standard","meta":{"_acf_changed":false,"episode_type":"","audio_file":"","cover_image":"","cover_image_id":"","duration":"","filesize":"","filesize_raw":"","date_recorded":"","explicit":"","block":"","itunes_episode_number":"","itunes_title":"","itunes_season_number":"","itunes_episode_type":"","footnotes":""},"categories":[16580,16580,16507,16507],"tags":[],"gps":[],"class_list":{"0":"post-4538","1":"post","2":"type-post","3":"status-publish","4":"format-standard","5":"has-post-thumbnail","7":"category-cambio-climatico","9":"category-medioambiente"},"acf":[],"_links":{"self":[{"href":"https:\/\/latinoamerica21.com\/es\/wp-json\/wp\/v2\/posts\/4538","targetHints":{"allow":["GET"]}}],"collection":[{"href":"https:\/\/latinoamerica21.com\/es\/wp-json\/wp\/v2\/posts"}],"about":[{"href":"https:\/\/latinoamerica21.com\/es\/wp-json\/wp\/v2\/types\/post"}],"author":[{"embeddable":true,"href":"https:\/\/latinoamerica21.com\/es\/wp-json\/wp\/v2\/users\/121"}],"replies":[{"embeddable":true,"href":"https:\/\/latinoamerica21.com\/es\/wp-json\/wp\/v2\/comments?post=4538"}],"version-history":[{"count":0,"href":"https:\/\/latinoamerica21.com\/es\/wp-json\/wp\/v2\/posts\/4538\/revisions"}],"wp:featuredmedia":[{"embeddable":true,"href":"https:\/\/latinoamerica21.com\/es\/wp-json\/wp\/v2\/media\/4535"}],"wp:attachment":[{"href":"https:\/\/latinoamerica21.com\/es\/wp-json\/wp\/v2\/media?parent=4538"}],"wp:term":[{"taxonomy":"category","embeddable":true,"href":"https:\/\/latinoamerica21.com\/es\/wp-json\/wp\/v2\/categories?post=4538"},{"taxonomy":"post_tag","embeddable":true,"href":"https:\/\/latinoamerica21.com\/es\/wp-json\/wp\/v2\/tags?post=4538"},{"taxonomy":"gps","embeddable":true,"href":"https:\/\/latinoamerica21.com\/es\/wp-json\/wp\/v2\/gps?post=4538"}],"curies":[{"name":"wp","href":"https:\/\/api.w.org\/{rel}","templated":true}]}}