{"id":4551,"date":"2021-04-01T08:45:00","date_gmt":"2021-04-01T11:45:00","guid":{"rendered":"http:\/\/latinoamerica21.com\/?p=4551"},"modified":"2023-12-20T05:26:35","modified_gmt":"2023-12-20T08:26:35","slug":"los-genocidas-del-mercado-financiero","status":"publish","type":"post","link":"https:\/\/latinoamerica21.com\/es\/los-genocidas-del-mercado-financiero\/","title":{"rendered":"Los \u201cgenocidas\u201d del mercado financiero"},"content":{"rendered":"\n<p>Brasil vive uno de los momentos m\u00e1s tr\u00e1gicos de su historia, pero en 2020, que termin\u00f3 con 195.000 muertos por Covid-19 y un PIB que se contrajo un 4%, el movimiento financiero en la Bolsa de Valores (B3) bati\u00f3 r\u00e9cords de puntos. El \u00edndice Bovespa super\u00f3 la marca in\u00e9dita de 120 mil puntos y el volumen de negocio fue de 35 billones de reales, casi cinco veces el PIB del a\u00f1o. \u00bfC\u00f3mo ocurri\u00f3 esto?<\/p>\n\n\n\n<p><strong>El capitalismo financiero brasile\u00f1o<\/strong><\/p>\n\n\n\n<p>En el caso de Brasil, el paquete de rescate de 1,2 billones de reales del Banco Central para el sistema financiero, anunciado en marzo de 2020, contribuy\u00f3 a que las ganancias financieras crecieran en la misma proporci\u00f3n que las muertes de Covid-19 en el pa\u00eds. Cabe decir que la justificaci\u00f3n de dicho paquete era garantizar la liquidez de los bancos en sus operaciones con los clientes.<\/p>\n\n\n\n<p><a href=\"https:\/\/www.ie.ufrj.br\/images\/IE\/grupos\/OSF\/osf_restrospectiva2020_20210201_FINAL.pdf\">Un estudio del Instituto de Econom\u00eda de la Universidad Federal de R\u00edo de Janeiro (UFRJ)<\/a>, muestra que poco m\u00e1s del 10% de esta cantidad se puso efectivamente a disposici\u00f3n del cr\u00e9dito para las empresas en dificultades, en medio de la pandemia.<\/p>\n\n\n\n<p>Antonio Gramsci ya hab\u00eda se\u00f1alado que la funci\u00f3n pol\u00edtica del fascismo es poner a la peque\u00f1a burgues\u00eda y su discurso antisistema, bases del movimiento fascista, al servicio del capital monopolista financiero, en tiempos de crisis. El \u00abneofascismo\u00bb del actual presidente Jair Bolsonaro con su 20 a 30% de seguidores en la poblaci\u00f3n y la conducta econ\u00f3mica del ministro Paulo Guedes parecen confirmar el diagn\u00f3stico gramsciano.<\/p>\n\n\n\n<p>Lo que vemos hoy en el capitalismo brasile\u00f1o se viene gestando desde la crisis de 2008, que lleg\u00f3 a Brasil reci\u00e9n con la ca\u00edda de los precios de las materias primas en 2011. Asistimos, a partir de entonces, a un doble movimiento que desemboc\u00f3 en el Golpe de 2016; la profundizaci\u00f3n de la financiarizaci\u00f3n a escala global, incluido Brasil; y una renovada expansi\u00f3n del capital monopolista internacional sobre la econom\u00eda brasile\u00f1a.<\/p>\n\n\n\n<p>En medio de un entorno global de enormes masas de capital excedente en busca de revalorizaci\u00f3n, Brasil se encontr\u00f3 bajo la presi\u00f3n de los grandes grupos econ\u00f3micos para la desnacionalizaci\u00f3n, la privatizaci\u00f3n, la flexibilizaci\u00f3n de las relaciones laborales y la profundizaci\u00f3n del ajuste fiscal, la llamada \u00abagenda de reformas\u00bb, seg\u00fan los medios de comunicaci\u00f3n, o simplemente \u00abagenda ultraliberal\u00bb, en curso desde el gobierno de Michel Temer.<\/p>\n\n\n\n<p>No es casualidad que el volumen de negocio en el mercado de valores se haya duplicado con creces en los \u00faltimos cuatro a\u00f1os, separ\u00e1ndose r\u00e1pidamente de la econom\u00eda real. En 2016, a\u00f1o del golpe de Estado contra la ex presidenta Dilma Rousseff, este era algo m\u00e1s del doble del PIB, y hoy alcanza casi cinco veces.<\/p>\n\n\n\n<p><strong>Los agentes del mercado financiero<\/strong><\/p>\n\n\n\n<p>En el control de los grupos econ\u00f3micos (extranjeros y nacionales) suelen estar instituciones financieras como bancos, sociedades de cartera y fondos de inversi\u00f3n. Son las instituciones que dirigen el casino financiero, drenando hacia sus accionistas la riqueza generada por la poblaci\u00f3n, a trav\u00e9s de su trabajo y el pago de deudas, impuestos y tasas. Hoy est\u00e1n plenamente representados en el Ministerio de Econom\u00eda de Paulo Guedes (antiguo socio fundador del banco BTG Pactual) y en el ahora \u00abaut\u00f3nomo\u00bb Banco Central de Roberto Campos Neto (antiguo responsable de mercado del banco Santander).<\/p>\n\n\n\n<p>Son ellos quienes sostienen a Bolsonaro y a su camarilla en las Fuerzas Armadas, comandadas por un oficial de la generaci\u00f3n de 1964, intelectualmente indigente y pol\u00edticamente servil a la agenda neoliberal. Es, por lo tanto, en la \u00abFaria Lima\u00bb, avenida paulista donde se re\u00fane a la crema del sector financiero, que est\u00e1n los principales responsables, junto al t\u00edtere Bolsonaro, del estado de calamidad en el que ya se cuentan m\u00e1s de 300 mil muertos por Covid-19, fruto del negacionismo bolsonarista.<\/p>\n\n\n\n<p>En nombre de esas \u00abreformas econ\u00f3micas\u00bb, est\u00e1n dispuestos a sacrificar los principios democr\u00e1ticos liberales y apoyar las salidas autocr\u00e1ticas. Entre otras cosas, porque saben que el car\u00e1cter antisocial de estas reformas requiere <a href=\"http:\/\/latinoamerica21.com\/es\/que-piensa-bolsonaro-cuando-declara-que-brasil-esta-quebrado\/\" target=\"_blank\" rel=\"noreferrer noopener\">un gobierno capaz de imponerlas a la sociedad a sangre y fuego<\/a>. Por ejemplo, con la aprobaci\u00f3n por parte del gobierno de la llamada Propuesta de Enmienda Constitucional de Emergencia (PEC), que, a cambio de una ayuda de emergencia de unos m\u00edseros 250 reales, ahoga a\u00fan m\u00e1s el gasto p\u00fablico.<\/p>\n\n\n\n<p>Ciertamente, los de \u201cFaria Lima\u201d llevan tiempo trabajando para el \u201cgenocidio\u201d de la poblaci\u00f3n brasile\u00f1a, pero hoy, este \u201cnecro-gobierno\u201d que sostienen exige que no se pueda ocultar m\u00e1s su responsabilidad.<\/p>\n\n\n\n<p>Pero \u00bfqui\u00e9nes son? Una pista es observar las instituciones financieras que se re\u00fanen en torno a la Asociaci\u00f3n Nacional de Entidades Financieras y del Mercado de Capitales (ANBIMA). ANBIMA es responsable de la autorregulaci\u00f3n del mercado financiero, junto con la autarqu\u00eda p\u00fablica, la Comisi\u00f3n de Valores Mobiliarios (CVM).<\/p>\n\n\n\n<p><strong>La regulaci\u00f3n del mercado financiero como tarea pendiente<\/strong><\/p>\n\n\n\n<p>Se ha convertido en un lugar com\u00fan llamar la atenci\u00f3n sobre la \u00e9lite financiera como aquellos que, de hecho, mandan en la vida pol\u00edtica. Pero, ante la situaci\u00f3n extrema en la que vivimos en el pa\u00eds, esto resulta insuficiente. Es necesario nombrarlos, pedirles cuentas.<\/p>\n\n\n\n<p>Los ricos se han acostumbrado a ver c\u00f3mo se multiplican sus ingresos sin interesarse por sus implicaciones en el mundo real. Como ya ha dicho alguien por ah\u00ed, \u201cen la \u00f3rbita financiera no hay co\u00e1gulos de humanidad\u201d.<\/p>\n\n\n\n<p>Tras un r\u00e1pido vistazo a la composici\u00f3n del consejo de administraci\u00f3n de ANBIMA, identificamos algunas de estas instituciones que comandan el banco. Destacan los representantes nacionales de Ita\u00fa\/Unibanco, BTG Pactual, Bradesco, XP Investimentos, Votorantim y Safra; y en el caso de los grupos extranjeros: Santander, Blackrock, Brookfield, Credit Suisse, JP Morgan y BNP Paribas.<\/p>\n\n\n\n<p>Se trata de instituciones muy poderosas, algunas de ellas con un capital mucho mayor que el PIB brasile\u00f1o, y por ello mismo hay que desenmascararlas. Quitemos, pues, el velo al llamado \u201cmercado financiero\u201d, que no es m\u00e1s que una organizaci\u00f3n que, bajo la justificaci\u00f3n de dirigir el ahorro interno y externo al sector productivo, act\u00faa de hecho como un par\u00e1sito que corroe al organismo anfitri\u00f3n.<\/p>\n\n\n\n<p>No se espera sensibilizar a los agentes financieros. Como tambi\u00e9n afirmaba Gramsci, es un error esperar que la propia burgues\u00eda se resista al fascismo. Ser\u00eda lo mismo que reconocer que en la reciente iniciativa de la <a href=\"https:\/\/www1.folha.uol.com.br\/mercado\/2021\/03\/banqueiros-e-economistas-pedem-medidas-efetivas-de-combate-a-pandemia-em-carta-aberta.shtml\">\u201cCarta abierta a la sociedad sobre las medidas para combatir el Covid\u201d<\/a>, la llamada \u201ccarta de los economistas y banqueros\u201d, hab\u00eda cierta oposici\u00f3n al gobierno de Bolsonaro.<\/p>\n\n\n\n<p>Se trata de una carta tard\u00eda que se limita, en medio del colapso del sistema sanitario, a se\u00f1alar los cuellos de botella en la gesti\u00f3n de la pandemia, conocidos y proclamados desde hace tiempo. Las propuestas para garantizar los ingresos y la protecci\u00f3n social son superficiales si tenemos en cuenta que son economistas. Tal vez, se deba a que tales propuestas los llevar\u00edan a tener que exponer su intransigente defensa de la reducci\u00f3n, en este momento cr\u00edtico, del gasto p\u00fablico.<\/p>\n\n\n\n<p>La intenci\u00f3n aqu\u00ed, en cambio, es mucho menos pretenciosa. Simplemente, nombrar, sacar de las sombras, hacer que la \u00e9lite financiera rinda cuentas p\u00fablicamente, para que el debate pueda, al menos, resolverse de una manera m\u00e1s clara y directa. Universidades, organizaciones y movimientos sociales tienen la palabra sobre la urgencia de ejercer un control, una vigilancia social del mercado financiero.<\/p>\n\n\n\n<p><em><sub>Foto de Rafael Matsunaga<\/sub><\/em><\/p>\n","protected":false},"excerpt":{"rendered":"<p>Brasil vive uno de los momentos m\u00e1s tr\u00e1gicos de su historia y con una contracci\u00f3n de su PIB del 4%. Pero el movimiento financiero en la Bolsa de Valores bati\u00f3 r\u00e9cords. El \u00edndice Bovespa super\u00f3 la marca in\u00e9dita de 120 mil puntos y el volumen de negocio fue casi cinco veces el PIB del a\u00f1o. \u00bfC\u00f3mo ocurri\u00f3 esto?<\/p>\n","protected":false},"author":204,"featured_media":4532,"comment_status":"closed","ping_status":"closed","sticky":false,"template":"","format":"standard","meta":{"_acf_changed":false,"episode_type":"","audio_file":"","cover_image":"","cover_image_id":"","duration":"","filesize":"","filesize_raw":"","date_recorded":"","explicit":"","block":"","itunes_episode_number":"","itunes_title":"","itunes_season_number":"","itunes_episode_type":"","footnotes":""},"categories":[16487,16487,16506,16506,16590,16590],"tags":[14128],"gps":[],"class_list":{"0":"post-4551","1":"post","2":"type-post","3":"status-publish","4":"format-standard","5":"has-post-thumbnail","7":"category-brasil","9":"category-economia","11":"category-mercado-financiero","13":"tag-ideas-en-es"},"acf":[],"_links":{"self":[{"href":"https:\/\/latinoamerica21.com\/es\/wp-json\/wp\/v2\/posts\/4551","targetHints":{"allow":["GET"]}}],"collection":[{"href":"https:\/\/latinoamerica21.com\/es\/wp-json\/wp\/v2\/posts"}],"about":[{"href":"https:\/\/latinoamerica21.com\/es\/wp-json\/wp\/v2\/types\/post"}],"author":[{"embeddable":true,"href":"https:\/\/latinoamerica21.com\/es\/wp-json\/wp\/v2\/users\/204"}],"replies":[{"embeddable":true,"href":"https:\/\/latinoamerica21.com\/es\/wp-json\/wp\/v2\/comments?post=4551"}],"version-history":[{"count":0,"href":"https:\/\/latinoamerica21.com\/es\/wp-json\/wp\/v2\/posts\/4551\/revisions"}],"wp:featuredmedia":[{"embeddable":true,"href":"https:\/\/latinoamerica21.com\/es\/wp-json\/wp\/v2\/media\/4532"}],"wp:attachment":[{"href":"https:\/\/latinoamerica21.com\/es\/wp-json\/wp\/v2\/media?parent=4551"}],"wp:term":[{"taxonomy":"category","embeddable":true,"href":"https:\/\/latinoamerica21.com\/es\/wp-json\/wp\/v2\/categories?post=4551"},{"taxonomy":"post_tag","embeddable":true,"href":"https:\/\/latinoamerica21.com\/es\/wp-json\/wp\/v2\/tags?post=4551"},{"taxonomy":"gps","embeddable":true,"href":"https:\/\/latinoamerica21.com\/es\/wp-json\/wp\/v2\/gps?post=4551"}],"curies":[{"name":"wp","href":"https:\/\/api.w.org\/{rel}","templated":true}]}}