{"id":45663,"date":"2024-12-03T11:02:23","date_gmt":"2024-12-03T14:02:23","guid":{"rendered":"https:\/\/latinoamerica21.com\/?p=45663"},"modified":"2024-12-03T11:04:05","modified_gmt":"2024-12-03T14:04:05","slug":"que-entiende-el-gobierno-de-milei-por-desigualdad-y-sector-privado","status":"publish","type":"post","link":"https:\/\/latinoamerica21.com\/es\/que-entiende-el-gobierno-de-milei-por-desigualdad-y-sector-privado\/","title":{"rendered":"Qu\u00e9 entiende el gobierno de Milei por desigualdad y sector privado"},"content":{"rendered":"\n<p>En recientes declaraciones, el gobierno de Milei se ha expresado sobre dos temas centrales en las pol\u00edticas p\u00fablicas que, en su definici\u00f3n, demuestran muy claramente su posicionamiento ideol\u00f3gico y dejan claro cu\u00e1les ser\u00e1n <a href=\"https:\/\/latinoamerica21.com\/es\/milei-la-politica-de-lo-imposible\/\">los resultados socioecon\u00f3micos de la pol\u00edtica oficial<\/a>.<\/p>\n\n\n\n<p>En el discurso oficial ante el Foro Econ\u00f3mico Mundial que tuvo lugar en Argentina en octubre, el presidente se ufan\u00f3 de que su gobierno hab\u00eda llevado a cabo el ajuste econ\u00f3mico m\u00e1s grande en la historia de la humanidad, el cual permiti\u00f3 \u201cdevolverle 15 puntos del PBI al sector privado para financiar la inversi\u00f3n y lograr crecimiento genuino\u201d. Agreg\u00f3 que ese ajuste se llev\u00f3 a cabo sin tocar el gasto social. Omiti\u00f3, claro, decir que el costo del ajuste dada la recesi\u00f3n producida y el desempleo creado, sobre todo en el sector p\u00fablico, llev\u00f3 a la pobreza a casi el 60 % de la poblaci\u00f3n.<\/p>\n\n\n\n<p>Aproximadamente en el mismo tiempo el vocero presidencial, que en este gobierno no es el vocero de la presidencia sino exclusivo del presidente, declar\u00f3 en conferencia de prensa que \u201cla desigualdad no es un tema que preocupe\u201d. Quiso decir que no le preocupa al gobierno. Habla de una desigualdad de ingresos que en t\u00e9rminos del coeficiente de Gini ha escalado exponencialmente dada la ca\u00edda de ingresos sociales y la concentraci\u00f3n de riqueza que se est\u00e1 produciendo en el pa\u00eds.<\/p>\n\n\n\n<p>La cuesti\u00f3n es c\u00f3mo deben interpretarse estas dos declaraciones. Es decir, no qu\u00e9 significan como declaraciones pol\u00edticas, sino qu\u00e9 idea de econom\u00eda y sociedad encierran.<\/p>\n\n\n\n<p>En cuanto a la primera declaraci\u00f3n, es un postulado central de la econom\u00eda neocl\u00e1sica, y por ende del pensamiento econ\u00f3mico liberal, seg\u00fan el cual cuanta menos intervenci\u00f3n estatal en la econom\u00eda \u2014 impuestos, regulaciones, producci\u00f3n de bienes, incentivos sectoriales\u2014 m\u00e1s recursos y mercados se liberan para la iniciativa privada. La idea es que en t\u00e9rminos te\u00f3ricos todas las libertades que se expandan en el mercado ser\u00e1n usufructuadas por agentes productivos racionales y competitivos que, en su accionar constante, generar\u00e1n empleos e ingresos que beneficiar\u00e1n al conjunto. La \u201cmano invisible\u201d de Smith: de la b\u00fasqueda del beneficio individual, el progreso del colectivo social.<\/p>\n\n\n\n<p>El detalle es que, en el actual modelo econ\u00f3mico que impera globalmente, en esta fase del ciclo hist\u00f3rico del capitalismo, est\u00e1 ya de sobra demostrado (Stiglitz, Piketty) que la libertad de mercado y los incentivos que esa libertad genera a la iniciativa privada solo favorecen la concentraci\u00f3n de riqueza de manera exponencial. Una ecuaci\u00f3n de que cuando m\u00e1s crecimiento econ\u00f3mico, mayor concentraci\u00f3n de las ganancias.<\/p>\n\n\n\n<p>Los 15 puntos del PBI que Milei anunci\u00f3 que devolvi\u00f3 al sector privado no fueron captados por las peque\u00f1as y medianas empresas, las actividades reproductivas como la construcci\u00f3n, el comercio, los microemprendimientos, etc. Las mismas estad\u00edsticas oficiales muestran que todas estas actividades y sectores est\u00e1n en recesi\u00f3n, cuando no en riesgo de colapso.<\/p>\n\n\n\n<p>Esos 15 puntos del PBI producto del ajuste fueron a engrosar las cuentas de las grandes empresas, los unicornios tecnol\u00f3gicos y, sobre todo, el sector financiero, claramente improductivo y nulo en cuanto a generaci\u00f3n de empleos. El sector privado beneficiado por la pol\u00edtica del gobierno es el mismo que se ha visto beneficiado por la pol\u00edtica econ\u00f3mica de las \u00faltimas d\u00e9cadas, ciclos recesivos incluidos.<\/p>\n\n\n\n<p>Vayamos a la frase de Manuel Adorni, vocero del presidente, sobre todo a unas declaraciones que, por su grado de rispidez, el presidente no puede decir.<\/p>\n\n\n\n<p>En un pa\u00eds donde, desde la asunci\u00f3n de este gobierno, hace 10 meses, la pobreza ha crecido casi 10 puntos (59 % de la poblaci\u00f3n) y la indigencia 8 puntos (20 % de la poblaci\u00f3n), y donde la denominada pobreza multidimensional (pobreza que, desde la p\u00e9rdida de ingresos y su sostenimiento en el tiempo, empuja a carencias educativas, de salud, territoriales, de acceso a la justicia\u2026) se expande en amplias franjas de la poblaci\u00f3n, declarar que <a href=\"https:\/\/www.dailymotion.com\/video\/x98ng5w\">\u201cla desigualdad no es un tema que preocupe\u201d<\/a> constituye, parafraseando a Lenin, un cretinismo pol\u00edtico flagrante.<\/p>\n\n\n\n<p>Es casi de sentido com\u00fan que, si la pol\u00edtica econ\u00f3mica concentra y la pobreza se expande, el resultado es una desigualdad que no solo es, y debe ser, preocupante. Es inmoral.<\/p>\n\n\n\n<p>Sesgar y desdibujar el aporte que el ajuste del gobierno hace al sector privado concentrado y omitir la crisis socioecon\u00f3mica que vive el pa\u00eds es un acto pol\u00edtico, y una pol\u00edtica hip\u00f3crita y, se podr\u00eda decir, inmoral, siempre y cuando se hable de un gobierno con cierta dosis de moralidad social y pol\u00edtica. No parece ser este caso.<\/p>\n","protected":false},"excerpt":{"rendered":"<p>Sesgar y desdibujar el aporte que el ajuste del gobierno hace al sector privado concentrado y omitir la crisis socioecon\u00f3mica que vive el pa\u00eds es un acto pol\u00edtico, y una pol\u00edtica hip\u00f3crita<\/p>\n","protected":false},"author":176,"featured_media":45664,"comment_status":"closed","ping_status":"closed","sticky":false,"template":"","format":"standard","meta":{"_acf_changed":false,"episode_type":"","audio_file":"","cover_image":"","cover_image_id":"","duration":"","filesize":"","filesize_raw":"","date_recorded":"","explicit":"","block":"","itunes_episode_number":"","itunes_title":"","itunes_season_number":"","itunes_episode_type":"","footnotes":""},"categories":[16489,16476],"tags":[14126],"gps":[],"class_list":{"0":"post-45663","1":"post","2":"type-post","3":"status-publish","4":"format-standard","5":"has-post-thumbnail","7":"category-argentina","8":"category-desigualdad-es","9":"tag-debates-br-es"},"acf":[],"_links":{"self":[{"href":"https:\/\/latinoamerica21.com\/es\/wp-json\/wp\/v2\/posts\/45663","targetHints":{"allow":["GET"]}}],"collection":[{"href":"https:\/\/latinoamerica21.com\/es\/wp-json\/wp\/v2\/posts"}],"about":[{"href":"https:\/\/latinoamerica21.com\/es\/wp-json\/wp\/v2\/types\/post"}],"author":[{"embeddable":true,"href":"https:\/\/latinoamerica21.com\/es\/wp-json\/wp\/v2\/users\/176"}],"replies":[{"embeddable":true,"href":"https:\/\/latinoamerica21.com\/es\/wp-json\/wp\/v2\/comments?post=45663"}],"version-history":[{"count":0,"href":"https:\/\/latinoamerica21.com\/es\/wp-json\/wp\/v2\/posts\/45663\/revisions"}],"wp:featuredmedia":[{"embeddable":true,"href":"https:\/\/latinoamerica21.com\/es\/wp-json\/wp\/v2\/media\/45664"}],"wp:attachment":[{"href":"https:\/\/latinoamerica21.com\/es\/wp-json\/wp\/v2\/media?parent=45663"}],"wp:term":[{"taxonomy":"category","embeddable":true,"href":"https:\/\/latinoamerica21.com\/es\/wp-json\/wp\/v2\/categories?post=45663"},{"taxonomy":"post_tag","embeddable":true,"href":"https:\/\/latinoamerica21.com\/es\/wp-json\/wp\/v2\/tags?post=45663"},{"taxonomy":"gps","embeddable":true,"href":"https:\/\/latinoamerica21.com\/es\/wp-json\/wp\/v2\/gps?post=45663"}],"curies":[{"name":"wp","href":"https:\/\/api.w.org\/{rel}","templated":true}]}}