{"id":4578,"date":"2021-04-03T11:45:00","date_gmt":"2021-04-03T14:45:00","guid":{"rendered":"http:\/\/latinoamerica21.com\/?p=4578"},"modified":"2021-04-03T11:53:24","modified_gmt":"2021-04-03T14:53:24","slug":"bolivia-responsabilidad-y-juicio","status":"publish","type":"post","link":"https:\/\/latinoamerica21.com\/es\/bolivia-responsabilidad-y-juicio\/","title":{"rendered":"Bolivia: Responsabilidad y juicio"},"content":{"rendered":"\n<p>Las \u00faltimas elecciones generales en Bolivia confirmaban de forma contundente al MAS-IPSP como la opci\u00f3n pol\u00edtica para reconstruir lo que el expresidente Rodr\u00edguez Veltz\u00e9 ha denominado \u201cla interrupci\u00f3n del periodo m\u00e1s largo de la democracia\u201d. Sin embargo, la detenci\u00f3n preventiva de <a href=\"http:\/\/latinoamerica21.com\/es\/tenemos-que-hablar-de-bolivia\/\" target=\"_blank\" rel=\"noreferrer noopener\">la expresidenta del gobierno <em>de facto<\/em>, Jeanine \u00c1\u00f1ez,<\/a> bajo cargos de conspiraci\u00f3n, sedici\u00f3n y terrorismo han abierto un escenario donde se intentan generar sombras sobre los leg\u00edtimos gobiernos del MAS m\u00e1s que analizar el gobierno inconstitucional de \u00c1\u00f1ez.<\/p>\n\n\n\n<p>Aunque <a href=\"https:\/\/www.paginasiete.bo\/nacional\/2021\/3\/30\/cidh-rechaza-el-pedido-de-medidas-de-proteccion-para-la-expresidenta-anez-289177.html\" target=\"_blank\" rel=\"noreferrer noopener\">la Comisi\u00f3n Interamericana de Derechos Humanos rechaz\u00f3 tomar las medidas cautelares<\/a> solicitadas por \u00c1\u00f1ez, y una misi\u00f3n del Alto Comisionado para los Derechos Humanos de la ONU supervis\u00f3 su atenci\u00f3n m\u00e9dica, los reclamos de \u201cpersecuci\u00f3n pol\u00edtica\u201d de la imputada han desencadenado pronunciamientos diversos: desde la calificaci\u00f3n de la detenci\u00f3n como \u201cirrazonable\u201d por el presidente de Brasil, a la preocupaci\u00f3n por las garant\u00edas legales y la transparencia del proceso expresada por Naciones Unidas o la Uni\u00f3n Europea. El Secretario de Estado de Estados Unidos iba m\u00e1s all\u00e1, demandando la \u201cliberaci\u00f3n de los detenidos\u201d; y la OEA se sumaba al pedido valorando el sistema judicial boliviano como falto de condiciones para el proceso.<\/p>\n\n\n\n<p>Estas declaraciones han sido calificadas por la Canciller\u00eda boliviana como \u201cdesafortunada injerencia\u201d. El presidente del Observatorio de la Democracia del Mercosur acusaba al presidente de la OEA, Luis Almagro, de \u201c<strong>pretender inmiscuirse desembozadamente en la situaci\u00f3n pol\u00edtica de Bolivia\u201d, y <\/strong>el presidente de M\u00e9xico se posicionaba en la misma l\u00ednea.<\/p>\n\n\n\n<p>De nuevo, una cuesti\u00f3n boliviana nos sit\u00faa ante el espejo. Atentar contra la democracia requiere respuestas, y garant\u00edas para la no repetici\u00f3n. Los mecanismos de la justicia restaurativa pueden ser legalmente complejos, pero la responsabilidad colectiva, de la que hablaba Hanna Arendt en el libro cuyo t\u00edtulo tomamos, forma parte de los caminos desde donde disputar la impunidad de las responsabilidades pol\u00edticas y sobre la que construir la reconciliaci\u00f3n del pa\u00eds.<\/p>\n\n\n\n<p><em><sub>Foto de UNCTAD<\/sub><\/em><\/p>\n","protected":false},"excerpt":{"rendered":"<p>Las \u00faltimas elecciones generales confirmaban de forma contundente al MAS-IPSP. Sin embargo, la detenci\u00f3n preventiva de la expresidenta, Jeanine \u00c1\u00f1ez, ha abierto un escenario donde se intentan generar sombras sobre los leg\u00edtimos gobiernos del MAS m\u00e1s que analizar el gobierno inconstitucional de \u00c1\u00f1ez.<\/p>\n","protected":false},"author":205,"featured_media":4579,"comment_status":"closed","ping_status":"closed","sticky":false,"template":"","format":"standard","meta":{"_acf_changed":false,"episode_type":"","audio_file":"","cover_image":"","cover_image_id":"","duration":"","filesize":"","filesize_raw":"","date_recorded":"","explicit":"","block":"","itunes_episode_number":"","itunes_title":"","itunes_season_number":"","itunes_episode_type":"","footnotes":""},"categories":[16516,16516,16470,16470],"tags":[],"gps":[],"class_list":{"0":"post-4578","1":"post","2":"type-post","3":"status-publish","4":"format-standard","5":"has-post-thumbnail","7":"category-derechos-humanos","9":"category-bolivia"},"acf":[],"_links":{"self":[{"href":"https:\/\/latinoamerica21.com\/es\/wp-json\/wp\/v2\/posts\/4578","targetHints":{"allow":["GET"]}}],"collection":[{"href":"https:\/\/latinoamerica21.com\/es\/wp-json\/wp\/v2\/posts"}],"about":[{"href":"https:\/\/latinoamerica21.com\/es\/wp-json\/wp\/v2\/types\/post"}],"author":[{"embeddable":true,"href":"https:\/\/latinoamerica21.com\/es\/wp-json\/wp\/v2\/users\/205"}],"replies":[{"embeddable":true,"href":"https:\/\/latinoamerica21.com\/es\/wp-json\/wp\/v2\/comments?post=4578"}],"version-history":[{"count":0,"href":"https:\/\/latinoamerica21.com\/es\/wp-json\/wp\/v2\/posts\/4578\/revisions"}],"wp:featuredmedia":[{"embeddable":true,"href":"https:\/\/latinoamerica21.com\/es\/wp-json\/wp\/v2\/media\/4579"}],"wp:attachment":[{"href":"https:\/\/latinoamerica21.com\/es\/wp-json\/wp\/v2\/media?parent=4578"}],"wp:term":[{"taxonomy":"category","embeddable":true,"href":"https:\/\/latinoamerica21.com\/es\/wp-json\/wp\/v2\/categories?post=4578"},{"taxonomy":"post_tag","embeddable":true,"href":"https:\/\/latinoamerica21.com\/es\/wp-json\/wp\/v2\/tags?post=4578"},{"taxonomy":"gps","embeddable":true,"href":"https:\/\/latinoamerica21.com\/es\/wp-json\/wp\/v2\/gps?post=4578"}],"curies":[{"name":"wp","href":"https:\/\/api.w.org\/{rel}","templated":true}]}}