{"id":45951,"date":"2024-12-23T09:00:00","date_gmt":"2024-12-23T12:00:00","guid":{"rendered":"https:\/\/latinoamerica21.com\/?p=45951"},"modified":"2024-12-23T12:29:00","modified_gmt":"2024-12-23T15:29:00","slug":"america-latina-futuro-vip","status":"publish","type":"post","link":"https:\/\/latinoamerica21.com\/es\/america-latina-futuro-vip\/","title":{"rendered":"Am\u00e9rica Latina: Futuro V.I.P."},"content":{"rendered":"\n<p>El diccionario etimol\u00f3gico explica que el acr\u00f3nimo \u201cVery Important Person\u201d tiene sus or\u00edgenes en los a\u00f1os 30 del siglo veinte. Habr\u00edan sido los pilotos de la <em>Royal Air Force<\/em> (brit\u00e1nica) los responsables de su popularizaci\u00f3n, quienes sol\u00edan utilizar las iniciales para despistar al enemigo cuando movilizaban militares de alto rango en sus aeronaves.<\/p>\n\n\n\n<p>Hoy en d\u00eda V.I.P. se asocia con alguien que goza de privilegios concedidos gracias a su estatus social, influencia o importancia. Jefes de estado, magnates, deportistas y artistas de talla mundial adquieren la anhelada distinci\u00f3n que los separa del resto de mortales.<\/p>\n\n\n\n<p>Transponer las iniciales del uso personalizado a uno regional incita interrogantes. \u00bfSer\u00e1 Am\u00e9rica Latina una zona VIP en el concierto global a 2050 o perderemos relevancia frente a otras regiones? \u00bfSeremos importantes por cuenta del creciente desarrollo econ\u00f3mico, poder\u00edo financiero o importancia poblacional?<\/p>\n\n\n\n<p>Analicemos esto letra por letra.<\/p>\n\n\n\n<p><strong>V.I.P. empieza con \u201cV.\u201d \u2013 de vieja.<\/strong><\/p>\n\n\n\n<p>La transici\u00f3n demogr\u00e1fica est\u00e1 <a href=\"https:\/\/latinoamerica21.com\/es\/por-que-es-importante-la-economia-del-cuidado\/\">envejeciendo a las sociedades latinoamericanas<\/a>. De un total de 170 millones de habitantes que la poblaban en 1950, el 40% (70 millones) eran menores de 15 a\u00f1os y solo el 3% (poco m\u00e1s de 5 millones) estaba representado por adultos de m\u00e1s de 65 a\u00f1os.<\/p>\n\n\n\n<p>En 2025 los menores de 15 dar\u00e1n cuenta del 22% de una poblaci\u00f3n estimada en 668 millones, mientras que los mayores de 65 se habr\u00e1n triplicado, representando el 10%. El total de j\u00f3venes alcanz\u00f3 su m\u00e1ximo en el a\u00f1o 2000, llegando a 168 millones. Desde entonces ese segmento poblacional viene cayendo en t\u00e9rminos absolutos. Hoy son 148 millones (s\u00ed, 20 millones menos).<\/p>\n\n\n\n<p>A la vuelta de la esquina, en tan solo 20 a\u00f1os, Naciones Unidas proyecta que el n\u00famero de adultos mayores sea igual al menor de 15 a\u00f1os \u2013125 millones cada uno (aproximadamente un 17% del total en cada caso). Y aun antes, para el 2040 estima que la poblaci\u00f3n en edad de trabajar (entre 15 y 65 a\u00f1os) empiece a contraerse.<\/p>\n\n\n\n<p>Est\u00e1 claro, que el futuro de Am\u00e9rica Latina es uno con canas.<\/p>\n\n\n\n<p><strong>La \u201cI.\u201d \u2013 de infecunda<\/strong><\/p>\n\n\n\n<p>Las familias numerosas de nuestras abuelas compuestas por seis o m\u00e1s hijos son parte del pasado. Los almuerzos intergeneracionales con mesas principales para doce personas y m\u00e1s de una veintena de comensales los visualizamos solo en la memoria (quien escribe tiene 47 a\u00f1os) o en series hist\u00f3ricas de Netflix.<\/p>\n\n\n\n<p>Datos del Banco Mundial indican que para 1960 la Tasa Total de Fertilidad (TTF) era cercana o superior a 6 en todos los pa\u00edses menos en Argentina, Chile, Cuba y Uruguay \u2013 donde eran inferiores a 5. Madres de 6 p\u00e1rvulos son actualmente una rareza. La TTF se desplom\u00f3 durante los a\u00f1os 70-80, y contin\u00faa con su tendencia bajista. (TTF es el n\u00famero promedio de hijos que una mujer alumbrar\u00eda si viviera todo su ciclo reproductivo y experimentara los patrones de fertilidad espec\u00edficos del a\u00f1o que observamos emp\u00edricamente).<\/p>\n\n\n\n<p>Dos es el n\u00famero \u201cm\u00e1gico\u201d de TTF que una sociedad necesita para mantener su poblaci\u00f3n constante en el mediano plazo. Reemplazar fallecidos con reci\u00e9n nacidos. Desde el 2018 Am\u00e9rica Latina se encuentra <a href=\"https:\/\/www.swissinfo.ch\/spa\/latinoam%C3%A9rica-y-caribe-tuvo-en-2024-la-peor-tasa-de-fecundidad-de-la-historia,-seg%C3%BAn-cepal\/82625542\">justo por debajo de esa cifra<\/a>. Los que han liderado esta ca\u00edda son: Argentina, Brasil, Chile, Costa Rica, Colombia, Cuba, El Salvador, Jamaica, y Uruguay. Algunas capitales como Bogot\u00e1, Buenos Aires, San Jos\u00e9 y Santiago exhiben lo que los dem\u00f3grafos denominan tasas ultra bajas de fecundidad \u2013 niveles de 1,5 o menos.<\/p>\n\n\n\n<p>El futuro de la fecundidad latinoamericana es incierto. Aunque no tanto. La ca\u00edda en la fertilidad hace parte de un fen\u00f3meno mundial. Los expertos dicen que esto obedece a una causa profunda que en llave con ciertos factores de contexto determinan la velocidad a la cual los padres dejan de formar familias de gran tama\u00f1o. La causa profunda opera en el largo plazo y es la ca\u00edda en la tasa de mortalidad de la poblaci\u00f3n \u2013 que suele concentrarse en la mortalidad infantil. Al sobrevivir cada vez m\u00e1s v\u00e1stagos, los padres deciden engendrar y educar menos descendencia (presuntamente con mejores condiciones de vida).<\/p>\n\n\n\n<p>A esta causa se suman factores importantes como la creciente educaci\u00f3n de la mujer y su inserci\u00f3n en el mercado laboral, la disponibilidad de tecnolog\u00edas contraceptivas, las campa\u00f1as de planificaci\u00f3n familiar y la influencia de valores occidentales ligados a la autonom\u00eda individual y a la secularizaci\u00f3n. El punto fundamental aqu\u00ed es que una vez la fecundidad cae, no vuelve a subir con respecto a su trayectoria hist\u00f3rica.<\/p>\n\n\n\n<p>Los esfuerzos que desde hace a\u00f1os distintos gobiernos en Asia y Europa han realizado para revertir la tendencia bajista en la fecundidad han sido infructuosos. El m\u00e1s llamativo ha sido el de China que tras la imposici\u00f3n de la pol\u00edtica de un solo hijo, no solo la relaj\u00f3 para luego eliminarla, sino que ahora patrocina medidas pronatalistas para contrarrestar su reciente declive poblacional.<\/p>\n\n\n\n<p>Dif\u00edcilmente, Am\u00e9rica Latina escapar\u00e1 de la estabilidad de la fecundidad en niveles bajos.<\/p>\n\n\n\n<p>La \u201cI.\u201d de infecundidad no solo lleg\u00f3 para quedarse, sino que adem\u00e1s es causa subyacente del envejecimiento. Si las sociedades tuvieran m\u00e1s de dos hijos (digamos 3), \u00e9stos no s\u00f3lo reemplazar\u00edan aquellos que fallecen, sino que naturalmente las rejuvenecer\u00edan (ausentes flujos migratorios).<\/p>\n\n\n\n<p>Dicho esto, no hay raz\u00f3n para sugerir que el futuro sea formular pol\u00edticas que reestablezcan las tasas de fecundidad vigentes pre-1960, pues los avances socio-econ\u00f3micos de la mujer en gran medida han estado mediados por la reducci\u00f3n del tama\u00f1o de la familia.<\/p>\n\n\n\n<p><strong>Pobre corresponde a la \u201cP.\u201d<\/strong><\/p>\n\n\n\n<p>En t\u00e9rminos relativos, Am\u00e9rica Latina no cerr\u00f3 la brecha material. En 1950 el nivel de ingreso promedio por habitante era pr\u00e1cticamente igual al del mundo entero (cerca de US $3,700). Este equival\u00eda a la mitad del ingreso de Europa occidental y a un cuarto del exhibido por los pa\u00edses m\u00e1s desarrollados, los Territorios occidentales (EE.UU., Canad\u00e1, Australia y Nueva Zelanda). Para entonces, sin embargo, la regi\u00f3n era tres veces m\u00e1s rica que el Este asi\u00e1tico y 2,5 veces m\u00e1s que \u00c1frica Subsahariana.<\/p>\n\n\n\n<p>En 2022, la brecha con respecto a los m\u00e1s ricos exhibe la misma ratio, mientras que con Europa occidental \u00e9sta pas\u00f3 de dos a tres (somos m\u00e1s pobres, relativamente). El Este asi\u00e1tico nos alcanz\u00f3 en 2010 y desde entonces ha creado otra brecha regional \u2013 superior a los US $7,000. El mundo ahora es m\u00e1s rico que Am\u00e9rica Latina.<\/p>\n\n\n\n<p>\u00bfQu\u00e9 nos depara el futuro?<\/p>\n\n\n\n<p>La perspectiva no es alentadora. La fuente clave para el crecimiento econ\u00f3mico es la productividad, la eficiencia con la que combinamos recursos para producir bienes\/servicios. En este frente ning\u00fan pa\u00eds de la regi\u00f3n ha sido l\u00edder global ni en el sector industrial ni en el de servicios en ning\u00fan momento de la historia. Solamente hemos logrado competir (ocasionalmente dominar) en mercados internacionales asociados con <em>commodities<\/em> como caf\u00e9, soja, cobre, metales preciosos o petr\u00f3leo.<\/p>\n\n\n\n<p>La integraci\u00f3n a la econom\u00eda internacional a trav\u00e9s de estos productos no ha sido la esperada: ciclos auge-ca\u00edda, alta volatilidad y dependencia de precios en las econom\u00edas industrializadas, intercambio asim\u00e9trico y gran vulnerabilidad a los choques externos indican que esta estrategia desarrollista es dif\u00edcil de transitar exitosamente.<\/p>\n\n\n\n<p>La alternativa es sumar m\u00e1s tierra, capital f\u00edsico, y trabajo a la producci\u00f3n. Aqu\u00ed los l\u00edmites parecen m\u00e1s finitos. La frontera agr\u00edcola se agot\u00f3 y las tierras amaz\u00f3nicas deben ser conservadas si no queremos desestabilizar m\u00e1s los patrones clim\u00e1ticos globales. La mano de obra, como ya se anot\u00f3, empezar\u00e1 a contraerse desde 2040.<\/p>\n\n\n\n<p>Por \u00faltimo, las posibilidades de elevar el capital f\u00edsico (maquinaria y equipo tecnol\u00f3gicamente sofisticado y eficiente) estar\u00e1n constre\u00f1idas por nuestra decreciente capacidad de ahorro. Tanto en el sector p\u00fablico como en el privado, a medida que la regi\u00f3n envejezca y la morbilidad y mortalidad se concentren en enfermedades degenerativas (m\u00e1s costosas en sus tratamientos m\u00e9dicos y cuidado), el gasto en salud y pol\u00edtica social solamente podr\u00e1 incrementarse.<\/p>\n\n\n\n<p>Aunado a los gastos alcistas en la cobertura de poblaciones pensionadas\/retiradas esto significar\u00e1 una merma del ahorro que no se traducir\u00e1 en inversiones de capital \u2013 ni f\u00edsico, ni humano. Financieramente, es probable que necesitemos m\u00e1s ahorros externos para sostener el Estado de bienestar y no profundizar el rezago en infraestructura. El futuro V.I.P. de Am\u00e9rica Latina (vieja, infecunda y pobre) no luce especialmente envidiable.<\/p>\n\n\n\n<p><\/p>\n","protected":false},"excerpt":{"rendered":"<p>Tanto en el sector p\u00fablico como en el privado, a medida que la regi\u00f3n envejezca, el gasto en salud y pol\u00edticas sociales se ir\u00e1 incrementando.<\/p>\n","protected":false},"author":132,"featured_media":45952,"comment_status":"closed","ping_status":"closed","sticky":false,"template":"","format":"standard","meta":{"_acf_changed":false,"episode_type":"","audio_file":"","cover_image":"","cover_image_id":"","duration":"","filesize":"","filesize_raw":"","date_recorded":"","explicit":"","block":"","itunes_episode_number":"","itunes_title":"","itunes_season_number":"","itunes_episode_type":"","footnotes":""},"categories":[16698,16506],"tags":[14126],"gps":[],"class_list":{"0":"post-45951","1":"post","2":"type-post","3":"status-publish","4":"format-standard","5":"has-post-thumbnail","7":"category-sociedad","8":"category-economia","9":"tag-debates-br-es"},"acf":[],"_links":{"self":[{"href":"https:\/\/latinoamerica21.com\/es\/wp-json\/wp\/v2\/posts\/45951","targetHints":{"allow":["GET"]}}],"collection":[{"href":"https:\/\/latinoamerica21.com\/es\/wp-json\/wp\/v2\/posts"}],"about":[{"href":"https:\/\/latinoamerica21.com\/es\/wp-json\/wp\/v2\/types\/post"}],"author":[{"embeddable":true,"href":"https:\/\/latinoamerica21.com\/es\/wp-json\/wp\/v2\/users\/132"}],"replies":[{"embeddable":true,"href":"https:\/\/latinoamerica21.com\/es\/wp-json\/wp\/v2\/comments?post=45951"}],"version-history":[{"count":0,"href":"https:\/\/latinoamerica21.com\/es\/wp-json\/wp\/v2\/posts\/45951\/revisions"}],"wp:featuredmedia":[{"embeddable":true,"href":"https:\/\/latinoamerica21.com\/es\/wp-json\/wp\/v2\/media\/45952"}],"wp:attachment":[{"href":"https:\/\/latinoamerica21.com\/es\/wp-json\/wp\/v2\/media?parent=45951"}],"wp:term":[{"taxonomy":"category","embeddable":true,"href":"https:\/\/latinoamerica21.com\/es\/wp-json\/wp\/v2\/categories?post=45951"},{"taxonomy":"post_tag","embeddable":true,"href":"https:\/\/latinoamerica21.com\/es\/wp-json\/wp\/v2\/tags?post=45951"},{"taxonomy":"gps","embeddable":true,"href":"https:\/\/latinoamerica21.com\/es\/wp-json\/wp\/v2\/gps?post=45951"}],"curies":[{"name":"wp","href":"https:\/\/api.w.org\/{rel}","templated":true}]}}