{"id":46470,"date":"2025-01-26T06:00:00","date_gmt":"2025-01-26T09:00:00","guid":{"rendered":"https:\/\/latinoamerica21.com\/?p=46470"},"modified":"2025-01-26T08:00:02","modified_gmt":"2025-01-26T11:00:02","slug":"cerebros-podridos-como-meta-2","status":"publish","type":"post","link":"https:\/\/latinoamerica21.com\/es\/cerebros-podridos-como-meta-2\/","title":{"rendered":"Cerebros podridos como Meta"},"content":{"rendered":"\n<p><em>Brain rot<\/em> fue<a href=\"https:\/\/corp.oup.com\/news\/brain-rot-named-oxford-word-of-the-year-2024\/\"> la \u201cpalabra del a\u00f1o\u201d<\/a> para 2024, seg\u00fan la tradicional elecci\u00f3n anual de Oxford University Press, la editorial universitaria m\u00e1s grande del mundo. Traducida como \u201cpodredumbre cerebral\u201d, la <em>brain rot<\/em> se refiere al deterioro del estado mental o intelectual de una persona, visto especialmente como resultado del consumo excesivo de material considerado banal o poco desafiante. El aumento del 230% en la frecuencia de uso del t\u00e9rmino entre 2023 y 2024, seg\u00fan Oxford, refleja las preocupaciones de la sociedad sobre los posibles impactos del uso prolongado de la tecnolog\u00eda digital para consumir contenidos irrelevantes, acr\u00edticos y de baja calidad. M\u00e1s concretamente, esta preocupaci\u00f3n afecta a los padres y tutores de ni\u00f1os y adolescentes que acceden a las redes sociales digitales a edades cada vez m\u00e1s tempranas y de forma cada vez m\u00e1s adictiva.<\/p>\n\n\n\n<p>Un s\u00edntoma de ese sufrimiento parental es el fen\u00f3meno de ventas, en Brasil y en el exterior, del libro \u201cLa generaci\u00f3n ansiosa: c\u00f3mo la infancia hiperconectada est\u00e1 causando una epidemia de trastornos mentales\u201d, de Jonathan Haidt. La psic\u00f3loga social forma parte de un grupo de investigadores que han destacado la estrecha relaci\u00f3n entre la explotaci\u00f3n comercial de las plataformas de comunicaci\u00f3n digital y el aumento de las tasas de depresi\u00f3n, ansiedad y otros trastornos mentales durante los \u00faltimos 15 a\u00f1os, precisamente el per\u00edodo en el que se ha producido un desarrollo acelerado de la inteligencia artificial, las redes sociales y el aprendizaje autom\u00e1tico. Estas t\u00e9cnicas avanzadas que generan la producci\u00f3n y circulaci\u00f3n de informaci\u00f3n en formato digital han sido utilizadas por los principales conglomerados tecnol\u00f3gicos para estimular la producci\u00f3n intermitente de datos personales por parte de los usuarios de sus servicios.<\/p>\n\n\n\n<p>Como ya es sabido, en pr\u00e1cticamente todos los modelos de negocio estructurados en torno a plataformas digitales, los datos producidos por los internautas representan hoy un input indispensable, ya sean datos de geolocalizaci\u00f3n (fundamentales para plataformas de transporte como Uber o de reparto como iFood), gustos y preferencias (como las que utilizan Amazon, YouTube y Netflix para sugerir productos y recomendar contenidos audiovisuales), o todo ello junto y mezclado con datos de likes, comentarios y shares, como es habitual en redes sociales como Facebook, X, Instagram y Tik Tok. Cuanto m\u00e1s tiempo pase un usuario interactuando en una plataforma, m\u00e1s datos personales producir\u00e1.<\/p>\n\n\n\n<p>En un esfuerzo por captar la atenci\u00f3n, los contenidos presentados en redes sociales y p\u00e1ginas de noticias apelan muchas veces a la reacci\u00f3n emocional, no mediada por la racionalidad, que comunica con el inconsciente y lo no domesticado, para captar la mirada, dilatar las pupilas y movilizar pulgares e \u00edndices, aunque sea por un momento fugaz.&nbsp;<\/p>\n\n\n\n<p>La arquitectura de las plataformas tambi\u00e9n est\u00e1 dise\u00f1ada con este objetivo, como se puede comprobar en el scroll infinito de las redes sociales, un tipo de gamificaci\u00f3n inspirada en las m\u00e1quinas tragamonedas de casinos y bares, que estimula los dedos nerviosos en la adictiva b\u00fasqueda de monedas informativas.<\/p>\n\n\n\n<p>La desventaja de la econom\u00eda de la atenci\u00f3n, como lo expres\u00f3 el economista Herbert Alexander Simon, es que la riqueza de informaci\u00f3n resulta en pobreza de atenci\u00f3n. Esta es la condici\u00f3n actual de hiperinformaci\u00f3n que provoca falta de atenci\u00f3n, incapacidad de concentraci\u00f3n, compulsi\u00f3n y ansiedad en los individuos. A medida que las personas reciben recordatorios, notificaciones y empujoncitos constantes mediante dispositivos electr\u00f3nicos que entregan informaci\u00f3n en masa y a menudo cortada en peque\u00f1os espasmos de texto, video o meme, se vuelve cada vez m\u00e1s dif\u00edcil mantenerse concentrado en actividades que requieren concentraci\u00f3n, como leer un libro o incluso ver una pel\u00edcula o un programa musical.&nbsp;<\/p>\n\n\n\n<p>Siendo la cultura una dimensi\u00f3n que presupone la posibilidad de una atenci\u00f3n profunda y contemplativa por parte de los seres humanos, el fil\u00f3sofo Byung-Chul Han sostiene que el exceso de est\u00edmulos, informaciones e impulsos provenientes de las tecnolog\u00edas de la inf<\/p>\n\n\n\n<p>ormaci\u00f3n, combinado con la exigencia de rendimiento (tanto en el trabajo como en la vida personal que se comparte en las redes sociales), tiende a desplazar la atenci\u00f3n profunda hacia una forma de \u201chiperatenci\u00f3n\u201d, es decir, una atenci\u00f3n dispersa que cambia r\u00e1pidamente el foco entre diferentes actividades y fuentes de informaci\u00f3n.<\/p>\n\n\n\n<p>Adem\u00e1s de afectar la salud mental y la capacidad de concentraci\u00f3n de las personas, la circulaci\u00f3n libre y no regulada de desinformaci\u00f3n y negacionismo cient\u00edfico y ambiental en las redes digitales alimenta el extremismo fascista, alimenta los movimientos antivacunas y crea un entorno de contaminaci\u00f3n informativa que perjudica la lucha contra el calentamiento global, aliment el discurso de odio contra grupos vulnerables. El uso pol\u00edtico de lo que Marco Schneider llama desinformaci\u00f3n digital en red, con la persecuci\u00f3n a gran escala de noticias falsas con el objetivo de manipular la opini\u00f3n p\u00fablica e interferir en las contiendas electorales, se pudo ver en las acciones de la empresa Cambridge Analytica durante las campa\u00f1as de Trump en Estados Unidos, y el Brexit, en el Reino Unido, ambos en 2016.<\/p>\n\n\n\n<p>Revelado en 2018 por el ex empleado Christopher Wylie, el esc\u00e1ndalo de Cambridge Analytica implic\u00f3 la extracci\u00f3n de datos personales de m\u00e1s de 80 millones de usuarios de Facebook, lo que oblig\u00f3 al propietario de la plataforma, Mark Zuckerberg, a comparecer en un interrogatorio de cinco horas ante el Senado estadounidense. El caso fue tan grave que el interrogatorio del multimillonario fue transmitido en vivo por televisi\u00f3n, y se le pidi\u00f3 a Zuckerberg un mayor esfuerzo e inversi\u00f3n en combatir la desinformaci\u00f3n y moderar el discurso de odio en el ecosistema digital \u2013su empresa, Meta, ahora controla cuatro grandes plataformas de comunicaci\u00f3n. Facebook, Instagram, Whatsapp y Threads), y solo Facebook tiene m\u00e1s de 3 mil millones de accesos diarios.<\/p>\n\n\n\n<p>Durante la administraci\u00f3n Trump, cuya cuenta de Facebook fue bloqueada por Zuckerberg a ra\u00edz de la invasi\u00f3n del Capitolio, el magnate de las redes sociales se jact\u00f3 de trabajar con m\u00e1s de 100 organizaciones en 60 idiomas para combatir la desinformaci\u00f3n en sus plataformas. Ahora, con Trump de regreso en el poder, el due\u00f1o de Meta sale p\u00fablicamente -exactamente cuatro a\u00f1os despu\u00e9s de prohibir al extremista republicano de la red azul- diciendo que \u00abtrabajar\u00e1 con el presidente Trump para combatir a los gobiernos de todo el mundo que est\u00e1n atacando a las empresas estadounidenses y presion\u00e1ndolos para que haya m\u00e1s censura\u201d, y declara que se <a href=\"https:\/\/latinoamerica21.com\/es\/serian-las-notas-comunitarias-una-solucion-real-para-garantizar-la-libertad-de-expresion\/\">deshar\u00e1 de los verificadores de hechos<\/a> y relajar\u00e1 los filtros que moderan el contenido en Facebook, Instagram y Threads, para \u201cgarantizar que las personas puedan expresar sus creencias y experiencias\u201d.<\/p>\n\n\n\n<p>Para Zuckerberg y los accionistas de Meta, la medida significa no solo un ahorro inmediato de miles de millones de d\u00f3lares que ya no se gastar\u00e1n en moderaci\u00f3n de contenidos, sino tambi\u00e9n un potencial aumento de las ganancias a trav\u00e9s de la intensificaci\u00f3n de los enfrentamientos pol\u00edticos que generan \u201cengagement\u201d en las redes sociales. El efecto previsible de esta medida es una mayor permeabilidad de la red a la circulaci\u00f3n de desinformaci\u00f3n y discursos de odio, especialmente dirigidos a la comunidad LGBTQIAPN+, como se evidencia en la autorizaci\u00f3n a los usuarios, en funci\u00f3n de sus creencias pol\u00edticas o religiosas, de compartir denuncias de enfermedad mental o anormalidad cuando se basa en el g\u00e9nero o la orientaci\u00f3n sexual.&nbsp;<\/p>\n\n\n\n<p>Y para los miles de millones de individuos que utilizan las redes sociales de Zuckerberg, la consecuencia esperada es un aumento de la podredumbre cerebral de la que habla este texto, acompa\u00f1ada de trastornos obsesivo-compulsivos, agitaci\u00f3n, depresi\u00f3n, irritabilidad, insensibilidad emp\u00e1tica y todo tipo de trastornos psicosom\u00e1ticos. Queda por ver si la gente y los gobiernos de todo el mundo est\u00e1n de acuerdo con esa meta.<\/p>\n","protected":false},"excerpt":{"rendered":"<p>Con una menor moderaci\u00f3n de contenidos, los usuarios de las redes sociales de Mark Zuckerberg pueden esperar una mayor descomposici\u00f3n cerebral.<\/p>\n","protected":false},"author":443,"featured_media":46490,"comment_status":"closed","ping_status":"closed","sticky":false,"template":"","format":"standard","meta":{"_acf_changed":false,"episode_type":"","audio_file":"","cover_image":"","cover_image_id":"","duration":"","filesize":"","filesize_raw":"","date_recorded":"","explicit":"","block":"","itunes_episode_number":"","itunes_title":"","itunes_season_number":"","itunes_episode_type":"","footnotes":""},"categories":[16553,16554],"tags":[14128],"gps":[],"class_list":{"0":"post-46470","1":"post","2":"type-post","3":"status-publish","4":"format-standard","5":"has-post-thumbnail","7":"category-desinformacion","8":"category-redes-sociales-es","9":"tag-ideas-en-es"},"acf":[],"_links":{"self":[{"href":"https:\/\/latinoamerica21.com\/es\/wp-json\/wp\/v2\/posts\/46470","targetHints":{"allow":["GET"]}}],"collection":[{"href":"https:\/\/latinoamerica21.com\/es\/wp-json\/wp\/v2\/posts"}],"about":[{"href":"https:\/\/latinoamerica21.com\/es\/wp-json\/wp\/v2\/types\/post"}],"author":[{"embeddable":true,"href":"https:\/\/latinoamerica21.com\/es\/wp-json\/wp\/v2\/users\/443"}],"replies":[{"embeddable":true,"href":"https:\/\/latinoamerica21.com\/es\/wp-json\/wp\/v2\/comments?post=46470"}],"version-history":[{"count":0,"href":"https:\/\/latinoamerica21.com\/es\/wp-json\/wp\/v2\/posts\/46470\/revisions"}],"wp:featuredmedia":[{"embeddable":true,"href":"https:\/\/latinoamerica21.com\/es\/wp-json\/wp\/v2\/media\/46490"}],"wp:attachment":[{"href":"https:\/\/latinoamerica21.com\/es\/wp-json\/wp\/v2\/media?parent=46470"}],"wp:term":[{"taxonomy":"category","embeddable":true,"href":"https:\/\/latinoamerica21.com\/es\/wp-json\/wp\/v2\/categories?post=46470"},{"taxonomy":"post_tag","embeddable":true,"href":"https:\/\/latinoamerica21.com\/es\/wp-json\/wp\/v2\/tags?post=46470"},{"taxonomy":"gps","embeddable":true,"href":"https:\/\/latinoamerica21.com\/es\/wp-json\/wp\/v2\/gps?post=46470"}],"curies":[{"name":"wp","href":"https:\/\/api.w.org\/{rel}","templated":true}]}}