{"id":46535,"date":"2025-01-29T09:00:00","date_gmt":"2025-01-29T12:00:00","guid":{"rendered":"https:\/\/latinoamerica21.com\/?p=46535"},"modified":"2025-01-31T09:27:57","modified_gmt":"2025-01-31T12:27:57","slug":"ecuador-va-a-las-urnas-en-medio-de-una-crisis-multiple","status":"publish","type":"post","link":"https:\/\/latinoamerica21.com\/es\/ecuador-va-a-las-urnas-en-medio-de-una-crisis-multiple\/","title":{"rendered":"Ecuador va a las urnas en medio de una crisis m\u00faltiple"},"content":{"rendered":"\n<p>Despu\u00e9s de 18 meses, <a href=\"https:\/\/latinoamerica21.com\/es\/2025-elecciones-en-el-mundo\/\">los ecuatorianos volver\u00e1n a las urnas<\/a> el 9 de febrero para elegir un binomio presidencial, 151 asamble\u00edstas y cinco parlamentarios andinos para un periodo de cuatro a\u00f1os. En mayo terminar\u00e1 el gobierno transitorio del presidente, Daniel Noboa, quien fue electo en un proceso <em>sui generis<\/em> provocado por la disoluci\u00f3n de la Asamblea o muerte cruzada por parte de su antecesor, as\u00ed como el llamado a elecciones anticipadas. El primer mandatario se ha convertido en candidato a presidente y disputa esta contienda <a href=\"https:\/\/apnews.com\/article\/ecuador-debate-presidencial-elecciones-73e267b5373e69cbb2a9c5fe6a40b645\">contra 15 contrincantes<\/a>.&nbsp;<\/p>\n\n\n\n<p>Las propuestas de los aspirantes a la presidencia se enfocan en dos temas: combate a la inseguridad y la generaci\u00f3n de empleo. Estos problemas guardan los mismos lugares de preocupaci\u00f3n en los \u00faltimos tres a\u00f1os. En este periodo, la realidad no ha cambiado y tiende m\u00e1s bien a un proceso de agudizaci\u00f3n. Los \u00faltimos tres gobiernos han aplicado f\u00f3rmulas similares contra la inseguridad: estados de excepci\u00f3n, m\u00e1s presencia de las Fuerzas Armadas en las calles y en las c\u00e1rceles, fortalecimiento de la Polic\u00eda Nacional con m\u00e1s efectivos, armas y tecnolog\u00eda. Nada se ha avanzado en procesos de extradici\u00f3n y golpes certeros a las finanzas de los grupos delictivos, adem\u00e1s de los insuficientes resultados en el control de los puertos y las fronteras por donde circula la droga.<\/p>\n\n\n\n<p>Un elemento diferenciador del actual gobierno en el combate al crimen organizado es la expedici\u00f3n del Decreto 111, en el cual se declara la guerra interna a las bandas delincuenciales. Pese a la radicalizaci\u00f3n de las medidas, Ecuador cerr\u00f3 el 2024 como uno de los pa\u00edses m\u00e1s violentos de la regi\u00f3n, debido al registro de 40 muertes violentas por cada 100.000 habitantes, seg\u00fan el Observatorio Ecuatoriano de Crimen Organizado. Sin embargo, esta problem\u00e1tica no se reduce a este tipo de delito, pues hay una proliferaci\u00f3n de secuestros, extorsi\u00f3n o <em>vacunas<\/em> a cambio de una falsa seguridad, tr\u00e1fico de armas y droga, y miner\u00eda ilegal.<\/p>\n\n\n\n<p>En el \u00faltimo trimestre han incrementado los operativos conjuntos entre las Fuerzas Armadas y la Polic\u00eda Nacional en los lugares considerados de alta peligrosidad como la Zona 8, en la costa ecuatoriana, que comprende los cantones de Guayaquil, Dur\u00e1n y Samborond\u00f3n. Las fuerzas del orden han capturado objetivos considerados de alto valor, pero los resultados se diluyen r\u00e1pidamente debido a que el sistema de administraci\u00f3n de justicia pone en libertad a delincuentes con un extenso historial. Hay un divorcio entre las pol\u00edticas de seguridad y la actuaci\u00f3n de los operadores de justicia.&nbsp;<\/p>\n\n\n\n<p>Otro de los factores determinantes y retos para el siguiente gobierno es la lucha contra las violencias en materia de prevenci\u00f3n, contenci\u00f3n y erradicaci\u00f3n. Pese a los esfuerzos de distintos sectores, organizaciones e instituciones que promueven, defienden y trabajan por la progresividad de los derechos de las poblaciones vulnerables, desde el 2014 hasta el 2023 se han producido 1.698 femicidios, seg\u00fan la Asociaci\u00f3n Latinoamericana para el Desarrollo Alternativo (ALDEA). Por otra parte, entre el 2023 y el 2024 la primera y segunda causas de muerte en los j\u00f3venes son las muertes violentas y el suicidio, y la violencia intrafamiliar est\u00e1 entre los dos principales delitos denunciados a la Fiscal\u00eda. Es decir, el problema no solo est\u00e1 en la inseguridad, sino en las manifestaciones que desconfiguran de manera sistem\u00e1tica el tejido social.&nbsp;&nbsp;&nbsp;&nbsp;<\/p>\n\n\n\n<p>El contexto de la inseguridad es de alta complejidad y est\u00e1 vinculado con la situaci\u00f3n socioecon\u00f3mica de la poblaci\u00f3n. Conecta con la segunda promesa de campa\u00f1a: el desempleo. Apenas tres de cada diez personas cuentan con empleo digno, seg\u00fan el Instituto Nacional de Estad\u00edstica y Censos (INEC). La situaci\u00f3n de los j\u00f3venes va en la misma l\u00ednea: siete de cada diez no tienen empleo y de los 200.000 bachilleres que egresan de los colegios en los \u00faltimos tres a\u00f1os, apenas la mitad puede continuar con sus estudios en alguna instituci\u00f3n de educaci\u00f3n superior. La migraci\u00f3n es un detonante, pues las cifras que se registraron en el 2024 son iguales a las del 2000, a\u00f1o de la mayor crisis bancaria y financiera.&nbsp;<\/p>\n\n\n\n<p>Los 16 candidatos disputan los votos en las redes sociales y en los recorridos por las calles. Si bien todos coinciden en los problemas, no pasa lo mismo con las soluciones. En materia de seguridad hay un com\u00fan denominador, que es el fortalecimiento de los aparatos de inteligencia para erradicar a las bandas criminales, la persecuci\u00f3n del lavado de dinero y el endurecimiento de las penas contra ciertos delitos y tambi\u00e9n contra los operadores de justicia que est\u00e1n en contubernio con el crimen organizado. Adem\u00e1s, se reitera la necesidad de buscar alianzas con otros pa\u00edses y la cooperaci\u00f3n internacional. Las propuestas carecen de un an\u00e1lisis del financiamiento para combatir el crimen, lo que les hace endebles y hasta cierto punto demag\u00f3gicas.<\/p>\n\n\n\n<p>En cuanto al empleo, hay una posici\u00f3n mayoritaria de los candidatos para revisar el C\u00f3digo de Trabajo, en el sentido de abrir la contrataci\u00f3n a diferentes modalidades, sobre todo para los j\u00f3venes, beneficiar con incentivos al sector privado que genere nuevas plazas de trabajo desde lo tributario, y atraer la inversi\u00f3n extranjera directa y la reinversi\u00f3n nacional. Este conjunto de propuestas, sin embargo, no resuelve la inseguridad jur\u00eddica, las decisiones respecto del r\u00e9gimen laboral en la nueva Asamblea, la relaci\u00f3n futura entre empresa y gobierno. La tarea es tit\u00e1nica para el ganador de las elecciones, porque Ecuador no logr\u00f3 crecer ni el 1 % del PIB en el 2024.&nbsp;<\/p>\n\n\n\n<p>Hay una crisis m\u00faltiple que demandar\u00e1 un acuerdo amplio y de largo plazo entre pol\u00edtica, sociedad y empresa para los siguientes cuatro a\u00f1os, sobre todo para combatir la inseguridad y generar empleo. Quien gane las elecciones tendr\u00e1 que demostrar si sus propuestas de campa\u00f1a le alcanzan en la gesti\u00f3n gubernamental, la estabilidad econ\u00f3mica y pol\u00edtica.<\/p>\n\n\n\n<p><\/p>\n","protected":false},"excerpt":{"rendered":"<p>El pa\u00eds sufre\u00a0una crisis m\u00faltiple que demandar\u00e1 un acuerdo amplio entre la pol\u00edtica, la sociedad y el sector privado\u00a0para afrontar\u00a0los siguientes cuatro a\u00f1os.<\/p>\n","protected":false},"author":189,"featured_media":46536,"comment_status":"closed","ping_status":"closed","sticky":false,"template":"","format":"standard","meta":{"_acf_changed":false,"episode_type":"","audio_file":"","cover_image":"","cover_image_id":"","duration":"","filesize":"","filesize_raw":"","date_recorded":"","explicit":"","block":"","itunes_episode_number":"","itunes_title":"","itunes_season_number":"","itunes_episode_type":"","footnotes":""},"categories":[16471,16475],"tags":[14126],"gps":[],"class_list":{"0":"post-46535","1":"post","2":"type-post","3":"status-publish","4":"format-standard","5":"has-post-thumbnail","7":"category-elecciones","8":"category-ecuador","9":"tag-debates-br-es"},"acf":[],"_links":{"self":[{"href":"https:\/\/latinoamerica21.com\/es\/wp-json\/wp\/v2\/posts\/46535","targetHints":{"allow":["GET"]}}],"collection":[{"href":"https:\/\/latinoamerica21.com\/es\/wp-json\/wp\/v2\/posts"}],"about":[{"href":"https:\/\/latinoamerica21.com\/es\/wp-json\/wp\/v2\/types\/post"}],"author":[{"embeddable":true,"href":"https:\/\/latinoamerica21.com\/es\/wp-json\/wp\/v2\/users\/189"}],"replies":[{"embeddable":true,"href":"https:\/\/latinoamerica21.com\/es\/wp-json\/wp\/v2\/comments?post=46535"}],"version-history":[{"count":0,"href":"https:\/\/latinoamerica21.com\/es\/wp-json\/wp\/v2\/posts\/46535\/revisions"}],"wp:featuredmedia":[{"embeddable":true,"href":"https:\/\/latinoamerica21.com\/es\/wp-json\/wp\/v2\/media\/46536"}],"wp:attachment":[{"href":"https:\/\/latinoamerica21.com\/es\/wp-json\/wp\/v2\/media?parent=46535"}],"wp:term":[{"taxonomy":"category","embeddable":true,"href":"https:\/\/latinoamerica21.com\/es\/wp-json\/wp\/v2\/categories?post=46535"},{"taxonomy":"post_tag","embeddable":true,"href":"https:\/\/latinoamerica21.com\/es\/wp-json\/wp\/v2\/tags?post=46535"},{"taxonomy":"gps","embeddable":true,"href":"https:\/\/latinoamerica21.com\/es\/wp-json\/wp\/v2\/gps?post=46535"}],"curies":[{"name":"wp","href":"https:\/\/api.w.org\/{rel}","templated":true}]}}