{"id":46595,"date":"2025-02-01T09:00:00","date_gmt":"2025-02-01T12:00:00","guid":{"rendered":"https:\/\/latinoamerica21.com\/?p=46595"},"modified":"2025-01-31T06:13:47","modified_gmt":"2025-01-31T09:13:47","slug":"los-ninos-y-ninas-de-america-latina-no-pueden-esperar","status":"publish","type":"post","link":"https:\/\/latinoamerica21.com\/es\/los-ninos-y-ninas-de-america-latina-no-pueden-esperar\/","title":{"rendered":"Los ni\u00f1os y ni\u00f1as de Am\u00e9rica Latina no pueden esperar"},"content":{"rendered":"\n<p>Hace 37 a\u00f1os, el Papa Juan Pablo II pronunci\u00f3 en Chile una frase que marcar\u00eda a generaciones: \u201cLos pobres no pueden esperar\u201d. Este mensaje, dirigido a una naci\u00f3n fracturada, resuena con fuerza en Am\u00e9rica Latina, donde millones de ni\u00f1os, ni\u00f1as y adolescentes de 0 a 17 a\u00f1os (NNA) contin\u00faan enfrentando una realidad marcada por la pobreza, la desigualdad y la violencia.<\/p>\n\n\n\n<p>La regi\u00f3n atraviesa un escenario desafiante. Aunque en los \u00faltimos a\u00f1os se hab\u00edan registrado avances en la reducci\u00f3n de la pobreza extrema, la crisis sanitaria y econ\u00f3mica provocada por la pandemia de Covid-19 revirti\u00f3 muchos de estos logros. En 2021 la pobreza afect\u00f3 al 46,1 % de los NNA en Am\u00e9rica Latina, seg\u00fan datos de la Comisi\u00f3n Econ\u00f3mica para Am\u00e9rica Latina y el Caribe (CEPAL, 2024). Si bien en 2023 este porcentaje descendi\u00f3 al 40,6 %, sigue siendo significativamente superior al de otros grupos etarios y casi triplica la incidencia de pobreza en personas mayores de 60 a\u00f1os.&nbsp;<\/p>\n\n\n\n<p>Un factor agravante es la falta de acceso a <a href=\"https:\/\/latinoamerica21.com\/es\/educacion-inicial-para-combatir-la-pobreza-y-la-desigualdad\/\">redes de protecci\u00f3n social<\/a>. De acuerdo con Unicef, en el 2023 menos de la mitad de la poblaci\u00f3n menor de 15 a\u00f1os recib\u00eda un beneficio social efectivo, una cifra que alcanza el 79,3 % en personas mayores de 65 a\u00f1os. Es esencial corregirlo para garantizar derechos b\u00e1sicos y reducir brechas de desarrollo. Pero estas cifras no solo reflejan carencias materiales, sino tambi\u00e9n profundas desigualdades estructurales que condicionan el acceso de los ni\u00f1os a la educaci\u00f3n, la salud y el bienestar.<\/p>\n\n\n\n<p><strong>El trabajo infantil: una herida abierta<\/strong><\/p>\n\n\n\n<p>El trabajo infantil persiste como uno de los mayores obst\u00e1culos para el desarrollo pleno de los NNA en Am\u00e9rica Latina. Seg\u00fan datos de la Organizaci\u00f3n Internacional del Trabajo y Unicef, 8,2 millones de ni\u00f1os y adolescentes en la regi\u00f3n trabajan, y m\u00e1s de la mitad de ellos realizan trabajos peligrosos que afectan a su salud f\u00edsica, a su educaci\u00f3n y a su bienestar emocional. Adem\u00e1s de comprometer su desarrollo, el trabajo infantil limita el acceso a la educaci\u00f3n, lo que perpet\u00faa ciclos de pobreza intergeneracional.<\/p>\n\n\n\n<p>El impacto de la pandemia exacerb\u00f3 esta problem\u00e1tica. Muchas familias, empujadas por la contracci\u00f3n econ\u00f3mica, recurrieron al trabajo infantil como estrategia de supervivencia. Esta situaci\u00f3n es especialmente cr\u00edtica en zonas rurales, donde la falta de servicios b\u00e1sicos y oportunidades educativas hace que los ni\u00f1os sean a\u00fan m\u00e1s vulnerables.<\/p>\n\n\n\n<p>La violencia hacia los menores es otra crisis latente en la regi\u00f3n. En pa\u00edses como Honduras, Guatemala y El Salvador muchos ni\u00f1os enfrentan agresiones f\u00edsicas, sexuales y psicol\u00f3gicas tanto en sus hogares como en sus comunidades. Seg\u00fan Unicef, en 2022 dos de cada tres menores de 15 a\u00f1os en Am\u00e9rica Latina y el Caribe han experimentado disciplina violenta en sus hogares. Esta situaci\u00f3n, agravada por el desplazamiento forzado y la inseguridad, incrementa su vulnerabilidad.<\/p>\n\n\n\n<p>El cierre de escuelas durante la pandemia intensific\u00f3 estos riesgos. M\u00e1s de 10 millones de ni\u00f1os en Am\u00e9rica Latina quedaron excluidos del sistema educativo, lo que limit\u00f3 sus oportunidades de desarrollo y profundiz\u00f3 las desigualdades.<\/p>\n\n\n\n<p>En este contexto, la Agenda 2030 para el Desarrollo Sostenible emerge como una hoja de ruta para abordar estas problem\u00e1ticas. De los 17 Objetivos de Desarrollo Sostenible (ODS), varios se enfocan directamente en mejorar las condiciones de vida de los menores. Por ejemplo, el ODS 1 busca eliminar la pobreza en todas sus formas, mientras que el ODS 4 promueve la educaci\u00f3n inclusiva y de calidad y el ODS 8 plantea erradicar el trabajo infantil para 2025.<\/p>\n\n\n\n<p>El informe de los ODS 2023 destaca <a href=\"https:\/\/news.un.org\/es\/story\/2019\/10\/1463292\">los retrocesos en indicadores clave<\/a>, como pobreza infantil y exclusi\u00f3n educativa, a nivel mundial. En Am\u00e9rica Latina, aunque se lograron avances en \u00e1reas como mortalidad infantil y acceso a la educaci\u00f3n primaria, la pandemia y las crisis econ\u00f3micas recientes ampliaron las brechas. Estas desigualdades estructurales dificultan el cumplimiento de las metas, especialmente en comunidades marginadas.<\/p>\n\n\n\n<p>Para que la regi\u00f3n avance hacia los ODS, es imprescindible adoptar estrategias integrales que prioricen la protecci\u00f3n social, fortalezcan los sistemas educativos y promuevan campa\u00f1as masivas de reintegraci\u00f3n escolar. Como indica el informe, la colaboraci\u00f3n entre gobiernos, organismos internacionales y la sociedad civil es esencial para garantizar que ning\u00fan ni\u00f1o quede atr\u00e1s.<\/p>\n\n\n\n<p>Los desaf\u00edos son inmensos, pero las oportunidades para transformarlos tambi\u00e9n lo son. Redoblar esfuerzos en pol\u00edticas p\u00fablicas enfocadas en los ni\u00f1os, como la ampliaci\u00f3n de programas de transferencias monetarias, el acceso a educaci\u00f3n gratuita y de calidad y la protecci\u00f3n integral de la infancia, puede marcar una diferencia significativa.<\/p>\n\n\n\n<p>La experiencia de pa\u00edses que han logrado reducir con \u00e9xito el trabajo infantil y la pobreza demuestra que un enfoque basado en la colaboraci\u00f3n y la sostenibilidad es clave. El mensaje de Juan Pablo II de que \u201clos pobres no pueden esperar\u201d debe extenderse con urgencia: los ni\u00f1os y ni\u00f1as de Am\u00e9rica Latina no pueden esperar. Proteger su presente y garantizarles un futuro digno es un deber \u00e9tico que define nuestra humanidad y el tipo de sociedad que deseamos construir.<\/p>\n","protected":false},"excerpt":{"rendered":"<p>Proteger el presente de los ni\u00f1os y garantizarles un futuro digno es un deber \u00e9tico que define nuestra humanidad y el tipo de sociedad que deseamos construir.<\/p>\n","protected":false},"author":479,"featured_media":46596,"comment_status":"closed","ping_status":"closed","sticky":false,"template":"","format":"standard","meta":{"_acf_changed":false,"episode_type":"","audio_file":"","cover_image":"","cover_image_id":"","duration":"","filesize":"","filesize_raw":"","date_recorded":"","explicit":"","block":"","itunes_episode_number":"","itunes_title":"","itunes_season_number":"","itunes_episode_type":"","footnotes":""},"categories":[16698,16522],"tags":[14126],"gps":[],"class_list":{"0":"post-46595","1":"post","2":"type-post","3":"status-publish","4":"format-standard","5":"has-post-thumbnail","7":"category-sociedad","8":"category-pobreza","9":"tag-debates-br-es"},"acf":[],"_links":{"self":[{"href":"https:\/\/latinoamerica21.com\/es\/wp-json\/wp\/v2\/posts\/46595","targetHints":{"allow":["GET"]}}],"collection":[{"href":"https:\/\/latinoamerica21.com\/es\/wp-json\/wp\/v2\/posts"}],"about":[{"href":"https:\/\/latinoamerica21.com\/es\/wp-json\/wp\/v2\/types\/post"}],"author":[{"embeddable":true,"href":"https:\/\/latinoamerica21.com\/es\/wp-json\/wp\/v2\/users\/479"}],"replies":[{"embeddable":true,"href":"https:\/\/latinoamerica21.com\/es\/wp-json\/wp\/v2\/comments?post=46595"}],"version-history":[{"count":0,"href":"https:\/\/latinoamerica21.com\/es\/wp-json\/wp\/v2\/posts\/46595\/revisions"}],"wp:featuredmedia":[{"embeddable":true,"href":"https:\/\/latinoamerica21.com\/es\/wp-json\/wp\/v2\/media\/46596"}],"wp:attachment":[{"href":"https:\/\/latinoamerica21.com\/es\/wp-json\/wp\/v2\/media?parent=46595"}],"wp:term":[{"taxonomy":"category","embeddable":true,"href":"https:\/\/latinoamerica21.com\/es\/wp-json\/wp\/v2\/categories?post=46595"},{"taxonomy":"post_tag","embeddable":true,"href":"https:\/\/latinoamerica21.com\/es\/wp-json\/wp\/v2\/tags?post=46595"},{"taxonomy":"gps","embeddable":true,"href":"https:\/\/latinoamerica21.com\/es\/wp-json\/wp\/v2\/gps?post=46595"}],"curies":[{"name":"wp","href":"https:\/\/api.w.org\/{rel}","templated":true}]}}