{"id":4663,"date":"2021-04-09T09:45:00","date_gmt":"2021-04-09T12:45:00","guid":{"rendered":"http:\/\/latinoamerica21.com\/?p=4663"},"modified":"2023-12-23T12:51:07","modified_gmt":"2023-12-23T15:51:07","slug":"las-elecciones-mas-grandes-de-la-historia-de-mexico","status":"publish","type":"post","link":"https:\/\/latinoamerica21.com\/es\/las-elecciones-mas-grandes-de-la-historia-de-mexico\/","title":{"rendered":"Las elecciones m\u00e1s grandes de la historia de M\u00e9xico"},"content":{"rendered":"\n<p>Estamos a d\u00edas de que inicien las campa\u00f1as electorales de lo que se ha denominado <a href=\"https:\/\/www.forbes.com.mx\/politica-elecciones-pais-dividido\/\" target=\"_blank\" rel=\"noreferrer noopener\">las elecciones m\u00e1s grandes de la historia de M\u00e9xico<\/a> por el enorme n\u00famero de cargos que est\u00e1n en disputa. M\u00e1s de 21,000 puestos para renovar completamente la C\u00e1mara de Diputados a nivel nacional, 15 gubernaturas, 30 congresos locales y 1900 ayuntamientos y juntas municipales en el plano subnacional. Se espera que durante los dos meses de campa\u00f1as la actual polarizaci\u00f3n pol\u00edtica, creada y alimentado con los discursos y conductas, tanto de los l\u00edderes del partido en el gobierno como los de oposici\u00f3n, se profundice y termine traslad\u00e1ndose a las urnas.<\/p>\n\n\n\n<p>Desde el 15 de enero, el Consejo General del Instituto Nacional Electoral (INE) aprob\u00f3 el registro de dos coaliciones parciales denominadas <em>Juntos haremos historia<\/em> y <em>Va por M\u00e9xico<\/em>. La primera, es la coalici\u00f3n oficialista encabezada por Morena, misma f\u00f3rmula que logr\u00f3 la abrumadora mayor\u00eda en las elecciones federales del 2018. Y la segunda, est\u00e1 conformada por los tres partidos m\u00e1s importantes que rivalizaron durante las \u00faltimas dos d\u00e9cadas en la transici\u00f3n a la democracia: PAN, PRD y PRI. Esta coalici\u00f3n, que no deja de ser inquietante, buscar\u00e1 arrebatar la mayor\u00eda de esca\u00f1os a Morena y sus aliados en la C\u00e1mara de Diputados.<\/p>\n\n\n\n<p>No obstante, <a href=\"http:\/\/latinoamerica21.com\/es\/a-donde-vas-mexico\/\" target=\"_blank\" rel=\"noreferrer noopener\">en M\u00e9xico la pol\u00edtica a nivel subnacional, frecuentemente desarrolla din\u00e1micas de competencia electoral diferenciadas del \u00e1mbito nacional<\/a>. Muestra de ello son las diversas combinaciones de coaliciones para las 15 gubernaturas en juego. De acuerdo a las encuestas de <em>Massivecaller <\/em>elaboradas el 28 de marzo, en 12 entidades se observa una competencia bipartidista con coaliciones, y en tres entidades; Campeche, Nuevo Le\u00f3n y San Luis Potos\u00ed la competencia se fragmenta en tres fuerzas pol\u00edticas, en los dos primeros con la presencia competitiva de Movimiento Ciudadano y en el tercero de la coalici\u00f3n PVEM y PT.<\/p>\n\n\n\n<p>Seg\u00fan la misma encuestadora, Morena y sus aliados arrancan las campa\u00f1as con una intenci\u00f3n de voto mayoritaria en 10 de las 15 entidades en juego, en 7 de ellas con un amplio margen de apoyo. Por su parte, el PAN tiene ventaja en Quer\u00e9taro, la coalici\u00f3n PAN-PRD en&nbsp; Chihuahua, la coalici\u00f3n PAN-PRD-PRI muestra una reducida ventaja en Baja California Sur y San Luis Potos\u00ed, y por \u00faltimo Movimiento Ciudadano, que ha ido incrementando su apoyo aventaja por un punto en una competencia sumamente cerrada con las coaliciones PRI-PRD y MORENA-PT-PVEM y PANAL en Nuevo Le\u00f3n.<\/p>\n\n\n\n<p>Ahora bien, en la arena electoral los partidos suelen ser sumamente pragm\u00e1ticos y la estrategia de conformaci\u00f3n de coaliciones busca sumar la mayor cantidad de votos posible, sobre todo en contextos de cambio en la competencia. Sin duda, los resultados de las elecciones del 2018 consolidaron a Morena y sus aliados como el bloque oficial dominante al contar con la mayor\u00eda en ambas C\u00e1maras del Poder Legislativo y con una fuerte presencia en la mayor\u00eda de las entidades.<\/p>\n\n\n\n<p><strong>La polarizaci\u00f3n pol\u00edtica de cara a las elecciones<\/strong><\/p>\n\n\n\n<p>Los discursos y conductas hostiles hacia las \u201cotras\u201d alternativas pol\u00edticas que han fomentado, tanto los l\u00edderes del bloque oficialista como los liderazgos de oposici\u00f3n y los medios de comunicaci\u00f3n \u2014tradicionales o redes sociales\u2014, generan un clima de&nbsp; polarizaci\u00f3n pol\u00edtica que en nada favorece a la democracia. Ante una situaci\u00f3n de desgaste democr\u00e1tico, lo que se precisa es el reconocimiento del otro como ciudadano para entablar alg\u00fan tipo de negociaci\u00f3n o acuerdo que facilite y fortalezca la estabilidad del sistema pol\u00edtico.&nbsp;<\/p>\n\n\n\n<p>Adem\u00e1s de los liderazgos pol\u00edticos ya mencionados, aparecen \u2014o reaparecen\u2014 nuevos actores que a trav\u00e9s de sus discursos amplifican los antagonismos. Esta semana, el empresario Ricardo Salinas Pliego declar\u00f3 que \u201cel INE debe morir o desaparecer\u201d. Esto, tras una serie de acuerdos por parte del \u00f3rgano de administraci\u00f3n electoral que afectaron, al menos de manera temporal mientras la autoridad encargada de la justicia electoral resuelve, las candidaturas de algunos partidos. La medida afect\u00f3 especialmente a dos candidatos a gobernador de Morena y sus aliados, que mantienen la ventaja en las intenciones del voto para Michoac\u00e1n y Guerrero, as\u00ed como cambios en la designaci\u00f3n de curules de representaci\u00f3n.<\/p>\n\n\n\n<p>Sin duda, los acuerdos del Consejo General del INE han causado molestias y reacciones preocupantes. Y aunque la decisi\u00f3n est\u00e1 apegada a la legalidad, no es del todo oportuna ya que trastoca los acuerdos y negociaciones formales e informales que los partidos realizaron para ir en coaliciones.<\/p>\n\n\n\n<p>Si bien los ataques a la autoridad electoral son preocupantes \u2014como los fuertes recortes en el presupuesto para cumplir con sus funciones\u2014, tambi\u00e9n hay que se\u00f1alar que desde hace tiempo, desde el \u00f3rgano directivo del INE se ha venido fomentado una narrativa de confrontaci\u00f3n con el Ejecutivo, cayendo en el juego que el presidente domina a la perfecci\u00f3n y que al INE no le corresponde, ni le favorece.<\/p>\n\n\n\n<p>De seguir por este camino, las consecuencias de la polarizaci\u00f3n en la arena electoral podr\u00edan producir dudas sobre la representatividad y la legitimidad de los ganadores, as\u00ed como la aparici\u00f3n de una oposici\u00f3n desleal que genere dificultades para lograr los consensos necesarios para gobernar. Y finalmente, aunque no menos importante, la convivencia social, pac\u00edfica y civilizada podr\u00eda ser alterada ante visiones simplificadoras que dividan a la sociedad entre \u201cbuenos y malos\u201d.<\/p>\n\n\n\n<hr class=\"wp-block-separator\"\/>\n\n\n\n<p class=\"has-text-align-right\"><strong><em>Episodio relacionado de nuestro\u00a0<a href=\"http:\/\/latinoamerica21.com\/podcast\/\">podcast<\/a><\/em>:<\/strong><\/p>\n\n\n\n<figure class=\"wp-block-embed is-type-rich is-provider-spotify wp-block-embed-spotify wp-embed-aspect-21-9 wp-has-aspect-ratio\"><div class=\"wp-block-embed__wrapper\">\n<iframe title=\"Spotify Embed: Campa\u00f1as electorales en pandemia\" style=\"border-radius: 12px\" width=\"100%\" height=\"152\" frameborder=\"0\" allowfullscreen allow=\"autoplay; clipboard-write; encrypted-media; fullscreen; picture-in-picture\" loading=\"lazy\" src=\"https:\/\/open.spotify.com\/embed\/episode\/5FJwVMzI4vBrvDEfTEHZAW?si=eyrzA5jRQPqv6g4uE_lYzg&#038;dl_branch=1&#038;utm_source=oembed\"><\/iframe>\n<\/div><\/figure>\n\n\n\n<p><em><sub>Foto de ProtoplasmaKid<\/sub><\/em><\/p>\n","protected":false},"excerpt":{"rendered":"<p>Estamos a d\u00edas de que inicien las campa\u00f1as electorales. M\u00e1s de 21,000 puestos para renovar completamente la C\u00e1mara de Diputados a nivel nacional, 15 gubernaturas, 30 congresos locales y 1900 ayuntamientos y juntas municipales. Se espera que durante los dos meses de campa\u00f1as la actual polarizaci\u00f3n pol\u00edtica se profundice y termine trasladandose a las urnas.<\/p>\n","protected":false},"author":526,"featured_media":4605,"comment_status":"closed","ping_status":"closed","sticky":false,"template":"","format":"standard","meta":{"_acf_changed":false,"episode_type":"","audio_file":"","cover_image":"","cover_image_id":"","duration":"","filesize":"","filesize_raw":"","date_recorded":"","explicit":"","block":"","itunes_episode_number":"","itunes_title":"","itunes_season_number":"","itunes_episode_type":"","footnotes":""},"categories":[16466,16466,16468,16468,16471,16471],"tags":[14126],"gps":[],"class_list":{"0":"post-4663","1":"post","2":"type-post","3":"status-publish","4":"format-standard","5":"has-post-thumbnail","7":"category-mexico","9":"category-politica","11":"category-elecciones","13":"tag-debates-br-es"},"acf":[],"_links":{"self":[{"href":"https:\/\/latinoamerica21.com\/es\/wp-json\/wp\/v2\/posts\/4663","targetHints":{"allow":["GET"]}}],"collection":[{"href":"https:\/\/latinoamerica21.com\/es\/wp-json\/wp\/v2\/posts"}],"about":[{"href":"https:\/\/latinoamerica21.com\/es\/wp-json\/wp\/v2\/types\/post"}],"author":[{"embeddable":true,"href":"https:\/\/latinoamerica21.com\/es\/wp-json\/wp\/v2\/users\/526"}],"replies":[{"embeddable":true,"href":"https:\/\/latinoamerica21.com\/es\/wp-json\/wp\/v2\/comments?post=4663"}],"version-history":[{"count":0,"href":"https:\/\/latinoamerica21.com\/es\/wp-json\/wp\/v2\/posts\/4663\/revisions"}],"wp:featuredmedia":[{"embeddable":true,"href":"https:\/\/latinoamerica21.com\/es\/wp-json\/wp\/v2\/media\/4605"}],"wp:attachment":[{"href":"https:\/\/latinoamerica21.com\/es\/wp-json\/wp\/v2\/media?parent=4663"}],"wp:term":[{"taxonomy":"category","embeddable":true,"href":"https:\/\/latinoamerica21.com\/es\/wp-json\/wp\/v2\/categories?post=4663"},{"taxonomy":"post_tag","embeddable":true,"href":"https:\/\/latinoamerica21.com\/es\/wp-json\/wp\/v2\/tags?post=4663"},{"taxonomy":"gps","embeddable":true,"href":"https:\/\/latinoamerica21.com\/es\/wp-json\/wp\/v2\/gps?post=4663"}],"curies":[{"name":"wp","href":"https:\/\/api.w.org\/{rel}","templated":true}]}}