{"id":47139,"date":"2025-03-04T09:00:00","date_gmt":"2025-03-04T12:00:00","guid":{"rendered":"https:\/\/latinoamerica21.com\/?p=47139"},"modified":"2025-03-03T06:26:53","modified_gmt":"2025-03-03T09:26:53","slug":"la-obesidad-y-el-impacto-de-una-crisis-en-aumento","status":"publish","type":"post","link":"https:\/\/latinoamerica21.com\/es\/la-obesidad-y-el-impacto-de-una-crisis-en-aumento\/","title":{"rendered":"La obesidad y el impacto de una crisis en aumento \u00a0"},"content":{"rendered":"\n<p>El 4 de marzo marca el D\u00eda Mundial de la Obesidad, una fecha para reflexionar sobre una de las crisis sanitarias m\u00e1s alarmantes de nuestro tiempo. La obesidad es un problema de salud p\u00fablica con consecuencias devastadoras. En Am\u00e9rica Latina, las cifras siguen en ascenso, impulsadas por sistemas alimentarios desiguales, pol\u00edticas ineficaces y un mercado que prioriza el lucro sobre la salud. Es momento de exigir respuestas contundentes.<\/p>\n\n\n\n<p><strong>La Epidemia Silenciosa: Datos que Alarman<\/strong><\/p>\n\n\n\n<p>La Organizaci\u00f3n Mundial de la Salud (OMS) estima que <a href=\"https:\/\/latinoamerica21.com\/es\/la-obesidad-un-problema-social-no-individual\/\">la obesidad se ha triplicado desde 1975<\/a>. En nuestra regi\u00f3n, uno de cada cuatro adultos vive con obesidad. En los ni\u00f1os, la situaci\u00f3n es igual de grave: Am\u00e9rica Latina tiene una de las tasas m\u00e1s altas de <a href=\"https:\/\/www.unicef.org\/lac\/comunicados-prensa\/america-latina-caribe-mas-4-millones-ninos-ninas-menores-5-sobrepeso\">obesidad infantil <\/a>del mundo. La transici\u00f3n nutricional, marcada por el abandono de dietas tradicionales en favor de productos ultraprocesados, ha agravado esta crisis. Las bebidas azucaradas y la comida chatarra inundan mercados y hogares, mientras que los alimentos frescos siguen siendo inaccesibles para muchas familias.<\/p>\n\n\n\n<p>El sobrepeso y la obesidad est\u00e1n asociados a enfermedades cr\u00f3nicas no transmisibles como la diabetes tipo 2, enfermedades cardiovasculares y algunos tipos de c\u00e1ncer. Sin embargo, m\u00e1s all\u00e1 de la carga individual, la obesidad genera un impacto econ\u00f3mico colosal. El costo en atenci\u00f3n sanitaria y la p\u00e9rdida de productividad por enfermedades relacionadas con el sobrepeso representan una amenaza para el desarrollo de nuestros pa\u00edses.<\/p>\n\n\n\n<p><strong>Pol\u00edticas P\u00fablicas: Avances y Retrocesos<\/strong><\/p>\n\n\n\n<p>A pesar de la magnitud del problema, las respuestas pol\u00edticas han sido insuficientes. Algunos pa\u00edses de la regi\u00f3n han implementado etiquetados frontales de advertencia en los productos ultraprocesados. Chile, M\u00e9xico y Ecuador son ejemplos de avances en la regulaci\u00f3n de la industria alimentaria. Sin embargo, el poder de los lobbies empresariales sigue frenando muchas medidas que podr\u00edan marcar la diferencia.<\/p>\n\n\n\n<p>Las pol\u00edticas fiscales, como los impuestos a las bebidas azucaradas, han mostrado ser efectivas en la reducci\u00f3n del consumo de estos productos. Sin embargo, a\u00fan existen barreras para implementar estas estrategias de manera masiva. Los intereses comerciales chocan con el derecho a la salud, y la industria alimentaria invierte millones en desinformaci\u00f3n para evitar regulaciones m\u00e1s estrictas.<\/p>\n\n\n\n<p><strong>Desigualdad y Obesidad: Un V\u00ednculo Innegable<\/strong><\/p>\n\n\n\n<p>La obesidad es tambi\u00e9n un reflejo de las desigualdades socioecon\u00f3micas. En las comunidades m\u00e1s vulnerables, el acceso a alimentos saludables es limitado. Los ultraprocesados suelen ser la \u00fanica opci\u00f3n asequible. Mientras algunas pol\u00edticas priorizan la econom\u00eda sobre el bienestar, millones de personas ven su salud comprometida por un sistema alimentario que perpet\u00faa la obesidad como una consecuencia de la pobreza.<\/p>\n\n\n\n<p>La educaci\u00f3n nutricional sigue siendo un privilegio. Sin acceso a informaci\u00f3n clara y a precios justos en los alimentos saludables, la poblaci\u00f3n sigue atrapada en un c\u00edrculo vicioso. La salud p\u00fablica no puede depender de elecciones individuales cuando el entorno alimentario est\u00e1 dise\u00f1ado para promover el consumo de productos nocivos.<\/p>\n\n\n\n<p><strong>El Rol de la Sociedad Civil<\/strong><\/p>\n\n\n\n<p>La sociedad civil ha tomado un papel fundamental. Organizaciones locales e internacionales han presionado por pol\u00edticas m\u00e1s estrictas y han impulsado campa\u00f1as de concienciaci\u00f3n. El activismo ha logrado cambios significativos, pero la lucha est\u00e1 lejos de terminar. La exigencia de regulaciones m\u00e1s firmes debe continuar.<\/p>\n\n\n\n<p>Es necesario fortalecer las redes comunitarias y los programas de educaci\u00f3n alimentaria en escuelas y centros de salud. La participaci\u00f3n ciudadana es clave para revertir esta crisis. Se trata de transformar sistemas alimentarios que sean sostenibles desde las comunidades.<\/p>\n\n\n\n<p><strong>Mirando Hacia el Futuro: Soluciones Urgentes<\/strong><\/p>\n\n\n\n<p>La obesidad no se resolver\u00e1 con discursos retoricos ni con recomendaciones gen\u00e9ricas. Se requieren pol\u00edticas agresivas para reducir la influencia de la industria alimentaria y fomentar sistemas alimentarios sostenibles. La inversi\u00f3n en producci\u00f3n local de alimentos saludables, la promoci\u00f3n de la agroecolog\u00eda y el control estricto sobre la publicidad enga\u00f1osa deben ser prioridades.<\/p>\n\n\n\n<p>El D\u00eda Mundial de la Obesidad debe ser un llamado a la acci\u00f3n. Es hora de desafiar a los responsables pol\u00edticos, a la industria alimentaria y a las estructuras de poder que perpet\u00faan esta crisis. La salud de las futuras generaciones depende de lo que hagamos hoy.<\/p>\n","protected":false},"excerpt":{"rendered":"<p>En Am\u00e9rica Latina uno de cada cuatro adultos vive con obesidad y la regi\u00f3n tiene una de las tasas m\u00e1s altas de obesidad infantil del mundo.<\/p>\n","protected":false},"author":623,"featured_media":47140,"comment_status":"closed","ping_status":"closed","sticky":false,"template":"","format":"standard","meta":{"_acf_changed":false,"episode_type":"","audio_file":"","cover_image":"","cover_image_id":"","duration":"","filesize":"","filesize_raw":"","date_recorded":"","explicit":"","block":"","itunes_episode_number":"","itunes_title":"","itunes_season_number":"","itunes_episode_type":"","footnotes":""},"categories":[17430,16704],"tags":[14126],"gps":[],"class_list":{"0":"post-47139","1":"post","2":"type-post","3":"status-publish","4":"format-standard","5":"has-post-thumbnail","7":"category-salud-2","8":"category-obesidad","9":"tag-debates-br-es"},"acf":[],"_links":{"self":[{"href":"https:\/\/latinoamerica21.com\/es\/wp-json\/wp\/v2\/posts\/47139","targetHints":{"allow":["GET"]}}],"collection":[{"href":"https:\/\/latinoamerica21.com\/es\/wp-json\/wp\/v2\/posts"}],"about":[{"href":"https:\/\/latinoamerica21.com\/es\/wp-json\/wp\/v2\/types\/post"}],"author":[{"embeddable":true,"href":"https:\/\/latinoamerica21.com\/es\/wp-json\/wp\/v2\/users\/623"}],"replies":[{"embeddable":true,"href":"https:\/\/latinoamerica21.com\/es\/wp-json\/wp\/v2\/comments?post=47139"}],"version-history":[{"count":0,"href":"https:\/\/latinoamerica21.com\/es\/wp-json\/wp\/v2\/posts\/47139\/revisions"}],"wp:featuredmedia":[{"embeddable":true,"href":"https:\/\/latinoamerica21.com\/es\/wp-json\/wp\/v2\/media\/47140"}],"wp:attachment":[{"href":"https:\/\/latinoamerica21.com\/es\/wp-json\/wp\/v2\/media?parent=47139"}],"wp:term":[{"taxonomy":"category","embeddable":true,"href":"https:\/\/latinoamerica21.com\/es\/wp-json\/wp\/v2\/categories?post=47139"},{"taxonomy":"post_tag","embeddable":true,"href":"https:\/\/latinoamerica21.com\/es\/wp-json\/wp\/v2\/tags?post=47139"},{"taxonomy":"gps","embeddable":true,"href":"https:\/\/latinoamerica21.com\/es\/wp-json\/wp\/v2\/gps?post=47139"}],"curies":[{"name":"wp","href":"https:\/\/api.w.org\/{rel}","templated":true}]}}