{"id":47516,"date":"2025-03-27T09:00:00","date_gmt":"2025-03-27T12:00:00","guid":{"rendered":"https:\/\/latinoamerica21.com\/?p=47516"},"modified":"2025-03-26T10:18:38","modified_gmt":"2025-03-26T13:18:38","slug":"el-efecto-usaid-en-colombia","status":"publish","type":"post","link":"https:\/\/latinoamerica21.com\/es\/el-efecto-usaid-en-colombia\/","title":{"rendered":"El efecto USAID en Colombia: la ayuda se va y la crisis se queda"},"content":{"rendered":"\n<p>Colombia ha sido un pa\u00eds azotado por el conflicto interno desde su independencia. La ausencia del Estado en las regiones m\u00e1s apartadas, sumada a la desigualdad estructural, ha permitido que grupos armados ocupen los espacios abandonados por el poder central, dejando a la poblaci\u00f3n civil atrapada en medio de intereses contrapuestos. La precariedad en la satisfacci\u00f3n de necesidades b\u00e1sicas se ha convertido en la norma, lo que refleja la debilidad de un Estado que no logra garantizar condiciones de vida dignas a sus habitantes.<\/p>\n\n\n\n<p>Ante la ineficacia de los gobiernos para abordar estas problem\u00e1ticas, la cooperaci\u00f3n internacional ha surgido como un instrumento clave para mitigar el sufrimiento humano y suplir la ausencia estatal. Organizaciones multilaterales, ONG y gobiernos extranjeros han implementado proyectos que van desde la recuperaci\u00f3n de suelos erosionados hasta el fortalecimiento de la democracia y la consolidaci\u00f3n de la paz. Estos esfuerzos han evidenciado la importancia del apoyo internacional en la resoluci\u00f3n de los desaf\u00edos sociales de Colombia.<\/p>\n\n\n\n<p>Conscientes de esta realidad, los sucesivos gobiernos colombianos han recurrido a la <a href=\"https:\/\/latinoamerica21.com\/es\/que-esperar-de-la-administracion-trump-en-america-latina\/\">ayuda externa<\/a> para reducir brechas sociales, especialmente aquella proveniente de su principal socio comercial: Estados Unidos. Desde la creaci\u00f3n de la Agencia para el Desarrollo Internacional de los Estados Unidos (USAID) en 1961, Bogot\u00e1 y Washington han estrechado lazos mediante proyectos conjuntos destinados a disminuir las desigualdades en un pa\u00eds golpeado por el conflicto armado. USAID ha financiado programas de empoderamiento econ\u00f3mico, gobernabilidad regional, agricultura sostenible e impacto medioambiental, desempe\u00f1ando una actuaci\u00f3n esencial en regiones donde el Estado tiene poca o nula presencia.<\/p>\n\n\n\n<p><strong>Abandonados a su suerte<\/strong><\/p>\n\n\n\n<p>Tras las recientes declaraciones del presidente Donald Trump, manifestando la ambivalencia entre los objetivos de los programas de USAID y los intereses nacionales de los EE.UU., surge la inc\u00f3gnita sobre el futuro que le espera a las comunidades beneficiadas de los proyectos desarrollados en Colombia. Durante el periodo 2018-2024 el pa\u00eds recibi\u00f3 alrededor de 1.200 millones de d\u00f3lares, destinados a financiar proyectos enfocados en la asistencia humanitaria, convirtiendo al territorio nacional en el principal receptor de la ayuda externa en Am\u00e9rica Latina y el Caribe.<\/p>\n\n\n\n<p>Actualmente, Colombia vive una profunda crisis de orden p\u00fablico, especialmente en las zonas de frontera. El recrudecimiento de la violencia por parte de los grupos armados, quienes se disputan el control de las rentas criminales y el poder absoluto en zonas estrat\u00e9gicas para el desarrollo de las actividades delictivas, ha llevado al desplazamiento forzado de miles de personas que buscan salvaguardar su integridad en medio del abandono estatal. Ante tal situaci\u00f3n, el flujo de recursos financieros y de personal altamente calificado provenientes de la agencia estadounidense permit\u00edan mitigar los efectos de una crisis que el Estado colombiano se ha visto incapaz de abordar.&nbsp;&nbsp;&nbsp;<\/p>\n\n\n\n<p>Casos como el de Tumaco, municipio ubicado en la costa pac\u00edfica, donde se han desarrollado programas conducentes a la protecci\u00f3n de los derechos humanos y el mejoramiento de la calidad de vida de sus habitantes, son una muestra fehaciente de la importancia de contar con un aliado estrat\u00e9gico en zonas de conflicto. No obstante, la salida de USAID del pa\u00eds y la eventual desintegraci\u00f3n de su estructura organizativa dejan un vac\u00edo dif\u00edcil de llenar. Para las comunidades locales, la presencia de la agencia estadounidense se ha convertido en la \u00fanica esperanza que les puede brindar condiciones de vida dignas.<\/p>\n\n\n\n<p><strong>\u00bfY ahora qu\u00e9?<\/strong><\/p>\n\n\n\n<p>Despu\u00e9s de la revisi\u00f3n exhaustiva por parte de Washington a USAID, el secretario de Estado de EE.UU., Marco Rubio, dio a conocer la decisi\u00f3n adoptada por parte de la Casa Blanca, manifestando la cancelaci\u00f3n oficial del <a href=\"https:\/\/efe.com\/mundo\/2025-03-10\/trump-cancela-programas-usaid\/\">83% de sus contratos vigentes<\/a>. Se trata de una decisi\u00f3n sin precedentes para una entidad que benefici\u00f3 durante m\u00e1s de siete d\u00e9cadas a las comunidades m\u00e1s vulnerables a nivel global. La falta de continuidad en las iniciativas locales podr\u00eda llevar al resurgimiento de actividades il\u00edcitas y al recrudecimiento de la violencia, y todo esto sumado a la probabilidad de que los avances sociales tiendan a desmoronarse sin la asistencia externa.<\/p>\n\n\n\n<p>Este escenario plantea un interrogante clave: \u00bfhasta qu\u00e9 punto la cooperaci\u00f3n internacional podr\u00eda ser una soluci\u00f3n duradera o reemplazar el papel del Estado? Esto nos lleva a pensar en la necesidad de implementar reformas estructurales para abordar los problemas internos, creando sinergias con los actores internacionales y asumiendo un rol m\u00e1s activo en la sostenibilidad de los proyectos. Esto permitir\u00eda que los beneficios adquiridos no desaparezcan con la partida o desintegraci\u00f3n de los cooperantes, tal como viene sucediendo con USAID.<\/p>\n\n\n\n<p>Ahora, el principal objetivo deber\u00eda enfocarse en el dise\u00f1o de pol\u00edticas p\u00fablicas que maximicen el impacto de los proyectos a largo plazo. De esta forma, la asistencia humanitaria podr\u00eda ser vista como una acci\u00f3n complementaria para prevenir el sufrimiento humano y no como un sustituto de los deberes constitucionales. El cese de operaciones de USAID en Colombia advierte una verdad inc\u00f3moda: la cooperaci\u00f3n internacional podr\u00e1 beneficiar a las comunidades en el corto plazo, pero jam\u00e1s asumir\u00e1 las responsabilidades del Estado.<\/p>\n","protected":false},"excerpt":{"rendered":"<p>El cese de operaciones de USAID en Colombia advierte una verdad inc\u00f3moda: la cooperaci\u00f3n internacional podr\u00e1 beneficiar a las comunidades en el corto plazo, pero jam\u00e1s asumir\u00e1 las responsabilidades del Estado.<\/p>\n","protected":false},"author":706,"featured_media":47517,"comment_status":"closed","ping_status":"closed","sticky":false,"template":"","format":"standard","meta":{"_acf_changed":false,"episode_type":"","audio_file":"","cover_image":"","cover_image_id":"","duration":"","filesize":"","filesize_raw":"","date_recorded":"","explicit":"","block":"","itunes_episode_number":"","itunes_title":"","itunes_season_number":"","itunes_episode_type":"","footnotes":""},"categories":[16513,16477],"tags":[14126],"gps":[],"class_list":{"0":"post-47516","1":"post","2":"type-post","3":"status-publish","4":"format-standard","5":"has-post-thumbnail","7":"category-eeuu","8":"category-colombia","9":"tag-debates-br-es"},"acf":[],"_links":{"self":[{"href":"https:\/\/latinoamerica21.com\/es\/wp-json\/wp\/v2\/posts\/47516","targetHints":{"allow":["GET"]}}],"collection":[{"href":"https:\/\/latinoamerica21.com\/es\/wp-json\/wp\/v2\/posts"}],"about":[{"href":"https:\/\/latinoamerica21.com\/es\/wp-json\/wp\/v2\/types\/post"}],"author":[{"embeddable":true,"href":"https:\/\/latinoamerica21.com\/es\/wp-json\/wp\/v2\/users\/706"}],"replies":[{"embeddable":true,"href":"https:\/\/latinoamerica21.com\/es\/wp-json\/wp\/v2\/comments?post=47516"}],"version-history":[{"count":0,"href":"https:\/\/latinoamerica21.com\/es\/wp-json\/wp\/v2\/posts\/47516\/revisions"}],"wp:featuredmedia":[{"embeddable":true,"href":"https:\/\/latinoamerica21.com\/es\/wp-json\/wp\/v2\/media\/47517"}],"wp:attachment":[{"href":"https:\/\/latinoamerica21.com\/es\/wp-json\/wp\/v2\/media?parent=47516"}],"wp:term":[{"taxonomy":"category","embeddable":true,"href":"https:\/\/latinoamerica21.com\/es\/wp-json\/wp\/v2\/categories?post=47516"},{"taxonomy":"post_tag","embeddable":true,"href":"https:\/\/latinoamerica21.com\/es\/wp-json\/wp\/v2\/tags?post=47516"},{"taxonomy":"gps","embeddable":true,"href":"https:\/\/latinoamerica21.com\/es\/wp-json\/wp\/v2\/gps?post=47516"}],"curies":[{"name":"wp","href":"https:\/\/api.w.org\/{rel}","templated":true}]}}