{"id":47563,"date":"2025-03-31T09:00:00","date_gmt":"2025-03-31T12:00:00","guid":{"rendered":"https:\/\/latinoamerica21.com\/?p=47563"},"modified":"2025-04-01T05:37:08","modified_gmt":"2025-04-01T08:37:08","slug":"elecciones-en-ecuador-atrapados-entre-la-polarizacion-politica-y-la-escalada-de-violencia","status":"publish","type":"post","link":"https:\/\/latinoamerica21.com\/es\/elecciones-en-ecuador-atrapados-entre-la-polarizacion-politica-y-la-escalada-de-violencia\/","title":{"rendered":"Elecciones en Ecuador: atrapados entre la polarizaci\u00f3n pol\u00edtica y la escalada de violencia"},"content":{"rendered":"\n<p>Los resultados de las elecciones generales del 9 de febrero en Ecuador han revelado profundas divisiones pol\u00edticas. La re\u00f1ida contienda entre el presidente en ejercicio, Daniel Noboa, y su rival, Luisa Gonz\u00e1lez, ha preparado el escenario para una intensa segunda vuelta el 13 de abril. El resultado de los comicios ser\u00e1 crucial para el futuro de Ecuador, un pa\u00eds inmerso en la lucha por contener la creciente violencia de pandillas y el crimen organizado en medio de la inestabilidad institucional y un electorado cada vez m\u00e1s dividido.<\/p>\n\n\n\n<p><strong>Se avecina un estancamiento pol\u00edtico de cara a la segunda vuelta<\/strong><\/p>\n\n\n\n<p>El panorama pol\u00edtico de Ecuador se ha transformado con el ascenso de Luisa Gonz\u00e1lez, de tendencia izquierdista, en la primera vuelta electoral. Si bien algunas encuestas preelectorales suger\u00edan que Daniel Noboa, el actual presidente de derecha, parec\u00eda estar destinado a ganar, la divisi\u00f3n casi equitativa de casi el 90% del electorado entre ambos candidatos revela <a href=\"https:\/\/latinoamerica21.com\/es\/ecuador-en-la-encrucijada-dos-candidatos-una-nacion-polarizada\/\">una profunda polarizaci\u00f3n<\/a>. Las tensiones parecen estar a punto de aumentar, ya que la reci\u00e9n elegida Asamblea Nacional refleja esta fragmentaci\u00f3n partidista, sin que ninguno de los candidatos est\u00e9 en condiciones de asegurar una mayor\u00eda legislativa.<\/p>\n\n\n\n<p>Hasta ahora, el gobierno de Noboa ha buscado consolidar el poder ejecutivo, a menudo sorteando una legislatura fragmentada mediante decretos y mecanismos legales cuestionables. Si contin\u00faa en el cargo, sus esfuerzos por centralizar el poder probablemente enfrentar\u00e1n una oposici\u00f3n significativa, y su capacidad de gobernar se ver\u00e1 a\u00fan m\u00e1s puesta a prueba. Este inminente estancamiento pol\u00edtico, sumado a la creciente preocupaci\u00f3n por la seguridad, podr\u00eda poner a prueba la gobernabilidad de Ecuador en los pr\u00f3ximos a\u00f1os.<\/p>\n\n\n\n<p><strong>El Estado lucha por abordar la creciente violencia de las pandillas<\/strong><\/p>\n\n\n\n<p>Hace menos de dos a\u00f1os, en agosto de 2023, los ecuatorianos eligieron a Daniel Noboa para completar el mandato del entonces presidente Guillermo Lasso, quien hab\u00eda disuelto la Asamblea Nacional y convocado elecciones anticipadas. Una profunda crisis pol\u00edtica entre el legislativo y el ejecutivo, precedida por casos de corrupci\u00f3n que involucraron a altos funcionarios, condujo al uso de este mecanismo extraordinario.<\/p>\n\n\n\n<p>La campa\u00f1a electoral de 2023 se vio empa\u00f1ada por la violencia, las amenazas e incluso el asesinato de un candidato presidencial. Esto se produjo tras un alarmante aumento del crimen organizado y la violencia en los \u00faltimos a\u00f1os. La tasa de homicidios del pa\u00eds aument\u00f3 de 6 por cada 100.000 habitantes en 2018 a la asombrosa cifra de 47 en 2023, impulsada por la expansi\u00f3n de organizaciones transnacionales, como los c\u00e1rteles de la droga de M\u00e9xico y Albania, y la reorganizaci\u00f3n de las rutas de tr\u00e1fico de coca\u00edna hacia Europa. Estos grupos criminales se han infiltrado en prisiones, corrompido tribunales y cooptado gobiernos locales para el lavado de dinero, socavando la autoridad estatal y alimentando un ciclo de impunidad, violencia y deterioro institucional.<\/p>\n\n\n\n<p>Esto queda ilustrado por el <a href=\"https:\/\/bti-project.org\/en\/reports\/country-dashboard\/ECU\">\u00cdndice de Transformaci\u00f3n Bertelsmann (BTI)<\/a>, que en 2024 otorg\u00f3 a Ecuador una puntuaci\u00f3n de 7 sobre 10 puntos posibles en el monopolio estatal del uso de la fuerza, inferior a los 9 puntos de 2020. Esta disminuci\u00f3n refleja el debilitamiento del control estatal sobre la seguridad, lo que coloca a Ecuador por debajo de pares regionales como Uruguay y Argentina, y con una puntuaci\u00f3n apenas superior a la de Colombia y M\u00e9xico, ambos pa\u00edses con un largo historial de crimen organizado.<\/p>\n\n\n\n<p>El gobierno interino de Noboa ha respondido desplegando fuerzas militares en zonas clave de conflicto, emitiendo decretos de emergencia y ampliando el aparato de seguridad mediante el aumento de la presencia policial y militar, as\u00ed como de las medidas de vigilancia. El presidente tambi\u00e9n ha declarado un \u00abconflicto armado interno\u00bb y ha catalogado a m\u00e1s de 20 bandas criminales como organizaciones terroristas. Sin embargo, dada la incapacidad del gobierno para reducir la violencia y su dependencia de las medidas de emergencia, se prev\u00e9 que los indicadores de la estatalidad del pa\u00eds, o su capacidad para extender su control a todo su territorio, sigan disminuyendo.<\/p>\n\n\n\n<p>Si bien la decisi\u00f3n de desplegar al ej\u00e9rcito para asumir la seguridad de las c\u00e1rceles y reforzar la presencia policial en zonas de alta criminalidad ha mostrado cierto \u00e9xito a corto plazo, tambi\u00e9n ha existido preocupaci\u00f3n por posibles violaciones de derechos humanos y el debilitamiento del control democr\u00e1tico. Los cr\u00edticos argumentan que una respuesta militarizada podr\u00eda exacerbar los ciclos de violencia en lugar de abordar los factores socioecon\u00f3micos estructurales que fomentan la delincuencia.<\/p>\n\n\n\n<p>La pregunta persiste: \u00bfPodr\u00e1 el pr\u00f3ximo gobierno de Ecuador implementar una estrategia de seguridad sostenible que equilibre la aplicaci\u00f3n de la ley con la reforma institucional?<\/p>\n\n\n\n<p><strong>Posturas y orientaciones pol\u00edticas en materia de seguridad<\/strong><\/p>\n\n\n\n<p>Las elecciones del 13 de abril determinar\u00e1n si el pa\u00eds contin\u00faa con el enfoque de l\u00ednea dura de Noboa o si avanza hacia las estrategias de prevenci\u00f3n del delito basadas en la comunidad propuestas por Gonz\u00e1lez.<\/p>\n\n\n\n<p>Luisa Gonz\u00e1lez, ex diputada del partido izquierdista Movimiento Revoluci\u00f3n Ciudadana y protegida del expresidente exiliado Rafael Correa, ha hecho campa\u00f1a con una plataforma que promete el retorno a las pol\u00edticas sociales y al modelo econ\u00f3mico del gobierno de Correa (2007-2017). Gonz\u00e1lez se comprometi\u00f3 a aumentar los subsidios, ampliar la intervenci\u00f3n estatal en la econom\u00eda y abordar las causas profundas de la violencia mediante la inversi\u00f3n social, a la vez que reevaluaba la estrategia de seguridad de Ecuador restaurando las instituciones de la era Correa, como las asambleas comunitarias de seguridad ciudadana, para coordinar y supervisar la acci\u00f3n policial. Sin embargo, en lo que respecta a abordar los desaf\u00edos del crimen organizado, sus propuestas son escasas en detalle. Esto ha suscitado diversas interpretaciones y cr\u00edticas, y algunos vinculan su candidatura con el legado autoritario del l\u00edder de su partido y el posible regreso del corre\u00edsmo al poder y su control sobre los poderes p\u00fablicos independientes.<\/p>\n\n\n\n<p><strong>\u00bfQu\u00e9 pasar\u00e1 despu\u00e9s de la segunda vuelta?<\/strong><\/p>\n\n\n\n<p>La crisis de seguridad y la consiguiente respuesta estatal han sacudido la ya de por s\u00ed lenta econom\u00eda del pa\u00eds, con la inversi\u00f3n extranjera y el empleo cayendo a niveles preocupantes. Este deterioro ha exacerbado los problemas sociales del pa\u00eds.<\/p>\n\n\n\n<p>Si Noboa permanece en el poder, es probable que su administraci\u00f3n mantenga su enfoque militarizado en materia de seguridad mientras impulsa reformas econ\u00f3micas. Sin embargo, su plan para atraer capital extranjero podr\u00eda resultar dif\u00edcil ante la creciente preocupaci\u00f3n por el retroceso democr\u00e1tico, las limitaciones institucionales y la incapacidad del gobierno para frenar el crimen organizado. Por otro lado, una victoria de Gonz\u00e1lez probablemente significar\u00eda un cambio hacia un mayor gasto social, una revaluaci\u00f3n de la pol\u00edtica de seguridad y un \u00e9nfasis en el desarrollo liderado por el Estado. Su administraci\u00f3n tambi\u00e9n enfrentar\u00eda desaf\u00edos para implementar reformas debido a la fuerte oposici\u00f3n en la legislatura y la continua influencia de redes criminales arraigadas.<\/p>\n\n\n\n<p>Independientemente del resultado, el pr\u00f3ximo l\u00edder de Ecuador deber\u00e1 abordar el estancamiento econ\u00f3mico, el aumento de la deuda p\u00fablica y un clima pol\u00edtico profundamente dividido. El nuevo gobierno se enfrentar\u00e1 a la presi\u00f3n de restaurar la confianza p\u00fablica y frenar el crimen organizado, a la vez que fortalece las instituciones democr\u00e1ticas, fomenta la cohesi\u00f3n pol\u00edtica y asegura la cooperaci\u00f3n internacional para asegurar la estabilidad a largo plazo. Las decisiones que se tomen en los pr\u00f3ximos meses determinar\u00e1n si Ecuador avanza hacia un modelo de gobierno m\u00e1s cohesionado o si contin\u00faa asolado por divisiones internas.<\/p>\n","protected":false},"excerpt":{"rendered":"<p>Las decisiones que se tomen en los pr\u00f3ximos meses determinar\u00e1n si Ecuador avanza hacia un modelo de gobierno m\u00e1s cohesionado o si contin\u00faa asolado por divisiones internas.<\/p>\n","protected":false},"author":734,"featured_media":47565,"comment_status":"closed","ping_status":"closed","sticky":false,"template":"","format":"standard","meta":{"_acf_changed":false,"episode_type":"","audio_file":"","cover_image":"","cover_image_id":"","duration":"","filesize":"","filesize_raw":"","date_recorded":"","explicit":"","block":"","itunes_episode_number":"","itunes_title":"","itunes_season_number":"","itunes_episode_type":"","footnotes":""},"categories":[16471,16475],"tags":[14126],"gps":[],"class_list":{"0":"post-47563","1":"post","2":"type-post","3":"status-publish","4":"format-standard","5":"has-post-thumbnail","7":"category-elecciones","8":"category-ecuador","9":"tag-debates-br-es"},"acf":[],"_links":{"self":[{"href":"https:\/\/latinoamerica21.com\/es\/wp-json\/wp\/v2\/posts\/47563","targetHints":{"allow":["GET"]}}],"collection":[{"href":"https:\/\/latinoamerica21.com\/es\/wp-json\/wp\/v2\/posts"}],"about":[{"href":"https:\/\/latinoamerica21.com\/es\/wp-json\/wp\/v2\/types\/post"}],"author":[{"embeddable":true,"href":"https:\/\/latinoamerica21.com\/es\/wp-json\/wp\/v2\/users\/734"}],"replies":[{"embeddable":true,"href":"https:\/\/latinoamerica21.com\/es\/wp-json\/wp\/v2\/comments?post=47563"}],"version-history":[{"count":0,"href":"https:\/\/latinoamerica21.com\/es\/wp-json\/wp\/v2\/posts\/47563\/revisions"}],"wp:featuredmedia":[{"embeddable":true,"href":"https:\/\/latinoamerica21.com\/es\/wp-json\/wp\/v2\/media\/47565"}],"wp:attachment":[{"href":"https:\/\/latinoamerica21.com\/es\/wp-json\/wp\/v2\/media?parent=47563"}],"wp:term":[{"taxonomy":"category","embeddable":true,"href":"https:\/\/latinoamerica21.com\/es\/wp-json\/wp\/v2\/categories?post=47563"},{"taxonomy":"post_tag","embeddable":true,"href":"https:\/\/latinoamerica21.com\/es\/wp-json\/wp\/v2\/tags?post=47563"},{"taxonomy":"gps","embeddable":true,"href":"https:\/\/latinoamerica21.com\/es\/wp-json\/wp\/v2\/gps?post=47563"}],"curies":[{"name":"wp","href":"https:\/\/api.w.org\/{rel}","templated":true}]}}