{"id":4772,"date":"2021-04-18T08:45:00","date_gmt":"2021-04-18T11:45:00","guid":{"rendered":"http:\/\/latinoamerica21.com\/?p=4772"},"modified":"2021-04-14T05:21:12","modified_gmt":"2021-04-14T08:21:12","slug":"lopez-obrador-entre-el-amor-y-el-odio","status":"publish","type":"post","link":"https:\/\/latinoamerica21.com\/es\/lopez-obrador-entre-el-amor-y-el-odio\/","title":{"rendered":"L\u00f3pez Obrador, entre el amor y el odio"},"content":{"rendered":"\n<p>\u201cPuede parecer pretencioso o exagerado, pero hoy\u00a0no solo inicia un nuevo gobierno, hoy comienza un cambio de r\u00e9gimen pol\u00edtico\u00bb. Esta frase del presidente mexicano Andr\u00e9s Manuel L\u00f3pez Obrador (AMLO), a medio camino entre la promesa y la proclama, lleva la marca de f\u00e1brica de un estilo de hacer, pensar y sentir la pol\u00edtica. Pronunciada en el discurso inaugural del sexenio ante una multitud en el Z\u00f3calo capitalino, pinta de cuerpo entero al pol\u00edtico que comenz\u00f3 su carrera en los a\u00f1os setenta, form\u00f3 parte de la corriente disidente del PRI que dio origen al PRD a finales de los a\u00f1os ochenta y en 2018 alcanz\u00f3 la presidencia del pa\u00eds. <\/p>\n\n\n\n<p>De cabello blanco, hablar pausado y humor c\u00e1ustico, se lo conoce por la prosa filosa y una voluntad firme. Veterano de las luchas pol\u00edticas, fue jefe de Gobierno de la Ciudad de M\u00e9xico y candidato en las (controvertidas) elecciones federales de 2006 y 2012. Pero, sobre todo, se lo recordar\u00e1 por haber ganado las \u00faltimas elecciones presidenciales con la mayor votaci\u00f3n en la historia de M\u00e9xico. <\/p>\n\n\n\n<p>El Pejelagarto o el Peje, como tambi\u00e9n se le llama, es para algunos un gran pol\u00edtico y para otros un farsante irresponsable. Sin embargo \u00bfqui\u00e9n es AMLO? \u00bfPor qu\u00e9 es amado y odiado a la vez?<\/p>\n\n\n\n<p><strong>CONSERVADOR<\/strong><\/p>\n\n\n\n<p>Alcanzar la presidencia de M\u00e9xico fue el remate perfecto de un recorrido que inici\u00f3 un veintea\u00f1ero L\u00f3pez Obrador cuando se afili\u00f3 al PRI. Comenz\u00f3 su carrera en la arena pol\u00edtica como coordinador del organismo indigenista tabasque\u00f1o, mientras ejerc\u00eda de profesor de sociolog\u00eda en la universidad estatal. Y a pesar de tener una ajetreada agenda de viajes, familia y estudios, nunca dej\u00f3 de ser un militante activo.<\/p>\n\n\n\n<p>Su tesis final de la carrera de ciencia pol\u00edtica presentada en la UNAM deja entrever su fascinaci\u00f3n con la historia nacional. Desde ese momento, pregon\u00f3 en todos los foros su devoci\u00f3n por figuras como Benito Ju\u00e1rez y L\u00e1zaro C\u00e1rdenas. No es extra\u00f1o, por tanto, que como presidente retomara elementos hist\u00f3ricos para autoproclamarse como una continuidad del pasado. La Cuarta Transformaci\u00f3n estar\u00eda a la altura de otros acontecimientos de la historia mexicana como las guerras de la Independencia y de Reforma del siglo XIX o de la Revoluci\u00f3n iniciada en 1910.&nbsp;&nbsp;&nbsp;&nbsp;&nbsp;&nbsp;&nbsp;<\/p>\n\n\n\n<p>Sus ideas y convicciones evocan un tono conservador. Para sus partidarios esa mirada retrospectiva caracteriza a un l\u00edder con compromisos permanentes con la justicia social, el fortalecimiento del Estado o los principios tradicionales de la pol\u00edtica exterior mexicana. Para sus cr\u00edticos, en cambio, refleja una perspectiva arcaica que minimiza y soslaya reconocer (y comprometerse) plenamente con los derechos de las mujeres, la comunidad LGBT+ o las cuestiones ambientales. &nbsp;<\/p>\n\n\n\n<p>Las discrepancias son inevitables. Una sociedad democr\u00e1tica se define por la pluralidad de juicios y valoraciones. Carece de l\u00f3gica pretender que todo se resuma en una perspectiva \u00fanica.<\/p>\n\n\n\n<p><strong>PERSONALISTA<\/strong><\/p>\n\n\n\n<p>Como jefe pol\u00edtico, el estilo de AMLO es el personalismo, donde la pol\u00edtica &#8211; de acuerdo con el Diccionario de Oxford &#8211; \u201cse practica seg\u00fan la conveniencia, convicciones, arbitrio o estilo del gobernante o dirigente.\u201d La definici\u00f3n remite a esa imagen repetida de AMLO hablando cada ma\u00f1ana a las 7 a.m. a la ciudadan\u00eda desde la sede del gobierno. &nbsp;<\/p>\n\n\n\n<p>Las conferencias matinales han impulsado hacia adelante el desarrollo de la cultura democr\u00e1tica en M\u00e9xico y son adem\u00e1s el escenario para recrear el ego personal del presidente. Muchos cr\u00edticos insisten en que las opciones son mutuamente excluyentes, pero \u201clas ma\u00f1aneras\u201d significan ambas posibilidades a la vez.<\/p>\n\n\n\n<p>Personalismo es tambi\u00e9n, seg\u00fan la Real Academia Espa\u00f1ola, la \u201cadhesi\u00f3n a una persona o a las ideas o tendencias que ella representa, especialmente en pol\u00edtica\u201d. La descripci\u00f3n encaja con AMLO, un dirigente que logra que todo lo que sucede en su entorno quede subordinado a \u00e9l, incluso instituciones y partidos, individuos y colectivos. Y cuando el poder p\u00fablico se cristaliza en un individuo, lo realmente esencial para los dem\u00e1s pasa a ser el gobernante que, como consecuencia, se convierte en el hombre m\u00e1s amado (o el m\u00e1s odiado) del pa\u00eds.<\/p>\n\n\n\n<p>Sin embargo, <a href=\"http:\/\/latinoamerica21.com\/es\/amlo-mucho-ruido-y-pocas-nueces\/\" target=\"_blank\" rel=\"noreferrer noopener\">el personalismo del presidente no es suficiente para explicar la disputa actual entre defensores y cr\u00edticos de AMLO<\/a>. \u00a0En el fondo, no es el \u00fanico culpable de volver est\u00e9ril la b\u00fasqueda de acuerdos pol\u00edticos. El juego de suma cero es abonado por el presidente tanto como por sus detractores. La polarizaci\u00f3n \u2014t\u00e9rmino de moda\u2014 es una creaci\u00f3n artificial, fundamentalmente un discurso utilizado como medio para obtener o conservar el poder, seg\u00fan convenga a tirios o troyanos.<\/p>\n\n\n\n<p><strong>POPULAR <\/strong><strong><\/strong><\/p>\n\n\n\n<p>AMLO inici\u00f3 su sexenio en medio de una expectativa superlativa y transcurridos 28 meses su popularidad se mantiene estable. Tiene un apoyo del 61% y en promedio nunca se encontr\u00f3 por debajo del 50%, contando con un respaldo superior al obtenido por Enrique Pe\u00f1a Nieto y similar al de Felipe Calder\u00f3n en el mismo lapso.<\/p>\n\n\n\n<p>Sin embargo, ante <a href=\"https:\/\/www.eluniversal.com.mx\/nacion\/amlo-en-mexico-no-hay-polarizacion\" target=\"_blank\" rel=\"noreferrer noopener\">la creciente polarizaci\u00f3n social<\/a>, \u00bfqu\u00e9 puede pasar en las elecciones del 6 de junio pr\u00f3ximo? El presidente apuesta al v\u00ednculo carism\u00e1tico con sus seguidores para enfrentar a la coalici\u00f3n anti-AMLO (PRI, PAN y PRD). Eso es pr\u00e1cticamente su \u00fanico capital pol\u00edtico, pues tiene una gesti\u00f3n relativamente decepcionante teniendo en cuenta los cambios que se esperaban y carece del respaldo de un movimiento pol\u00edtico fuerte ya que MORENA es poco m\u00e1s que un r\u00f3tulo electoral.<\/p>\n\n\n\n<p>M\u00e1s alla que AMLO logre mantener la buena estrella o no, una cosa es cierta: nadie podr\u00e1 quitarle el m\u00e9rito de haber inventado un personaje pol\u00edtico que ha logrado definir por s\u00ed mismo una \u00e9poca, la transici\u00f3n democr\u00e1tica mexicana, la misma que a\u00fan forcejea entre la tragedia y la farsa. No es poco. Veremos si le alcanza.<\/p>\n\n\n\n<p><em><sub>Foto de Eneas en Foter.com<\/sub><\/em><\/p>\n","protected":false},"excerpt":{"rendered":"<p>\u201cPuede parecer pretencioso o exagerado, pero hoy no solo inicia un nuevo gobierno, hoy comienza un cambio de r\u00e9gimen pol\u00edtico\u00bb. Esta frase del presidente mexicano Andr\u00e9s Manuel L\u00f3pez Obrador, a medio camino entre la promesa y la proclama, lleva la marca de f\u00e1brica de un estilo de hacer, pensar y sentir la pol\u00edtica.<\/p>\n","protected":false},"author":172,"featured_media":4722,"comment_status":"closed","ping_status":"closed","sticky":false,"template":"","format":"standard","meta":{"_acf_changed":false,"episode_type":"","audio_file":"","cover_image":"","cover_image_id":"","duration":"","filesize":"","filesize_raw":"","date_recorded":"","explicit":"","block":"","itunes_episode_number":"","itunes_title":"","itunes_season_number":"","itunes_episode_type":"","footnotes":""},"categories":[16466,16466],"tags":[],"gps":[],"class_list":{"0":"post-4772","1":"post","2":"type-post","3":"status-publish","4":"format-standard","5":"has-post-thumbnail","7":"category-mexico"},"acf":[],"_links":{"self":[{"href":"https:\/\/latinoamerica21.com\/es\/wp-json\/wp\/v2\/posts\/4772","targetHints":{"allow":["GET"]}}],"collection":[{"href":"https:\/\/latinoamerica21.com\/es\/wp-json\/wp\/v2\/posts"}],"about":[{"href":"https:\/\/latinoamerica21.com\/es\/wp-json\/wp\/v2\/types\/post"}],"author":[{"embeddable":true,"href":"https:\/\/latinoamerica21.com\/es\/wp-json\/wp\/v2\/users\/172"}],"replies":[{"embeddable":true,"href":"https:\/\/latinoamerica21.com\/es\/wp-json\/wp\/v2\/comments?post=4772"}],"version-history":[{"count":0,"href":"https:\/\/latinoamerica21.com\/es\/wp-json\/wp\/v2\/posts\/4772\/revisions"}],"wp:featuredmedia":[{"embeddable":true,"href":"https:\/\/latinoamerica21.com\/es\/wp-json\/wp\/v2\/media\/4722"}],"wp:attachment":[{"href":"https:\/\/latinoamerica21.com\/es\/wp-json\/wp\/v2\/media?parent=4772"}],"wp:term":[{"taxonomy":"category","embeddable":true,"href":"https:\/\/latinoamerica21.com\/es\/wp-json\/wp\/v2\/categories?post=4772"},{"taxonomy":"post_tag","embeddable":true,"href":"https:\/\/latinoamerica21.com\/es\/wp-json\/wp\/v2\/tags?post=4772"},{"taxonomy":"gps","embeddable":true,"href":"https:\/\/latinoamerica21.com\/es\/wp-json\/wp\/v2\/gps?post=4772"}],"curies":[{"name":"wp","href":"https:\/\/api.w.org\/{rel}","templated":true}]}}