{"id":4919,"date":"2021-04-27T08:45:00","date_gmt":"2021-04-27T11:45:00","guid":{"rendered":"http:\/\/latinoamerica21.com\/?p=4919"},"modified":"2021-04-30T22:25:26","modified_gmt":"2021-05-01T01:25:26","slug":"lula-bolsonaro-la-tercera-y-cuarta-via","status":"publish","type":"post","link":"https:\/\/latinoamerica21.com\/es\/lula-bolsonaro-la-tercera-y-cuarta-via\/","title":{"rendered":"Lula, Bolsonaro, la tercera y cuarta v\u00eda"},"content":{"rendered":"\n<p>Cuando la presidenta Dilma Rousseff sufri\u00f3 el golpe parlamentario en 2016, el plan de los principales actores implicados era claro: la presidencia saldr\u00eda de las manos del Partido de los Trabajadores (PT), de izquierdas y ganador de las \u00faltimas cuatro elecciones, y caer\u00eda en sus manos.<\/p>\n\n\n\n<p>Inmediatamente, el Partido del Movimiento Democr\u00e1tico Brasile\u00f1o (PMDB), hasta entonces parte de la base del PT, asumi\u00f3 la presidencia a trav\u00e9s del vicepresidente Michel Temer. Era la tercera vez que el partido ocupaba el cargo, siempre a trav\u00e9s de vicepresidentes. Mientras que <a href=\"http:\/\/latinoamerica21.com\/es\/el-psdb-y-el-tercer-vertice-en-la-politica-brasilena\/\" target=\"_blank\" rel=\"noreferrer noopener\">el derechista Partido de la Social Democracia Brasile\u00f1a (PSDB)<\/a>, principal opositor del PT, y quien hab\u00eda sido derrotado en segunda vuelta en cada una de las \u00faltimas cuatro contiendas, crey\u00f3 que de esta manera finalmente ganar\u00eda las elecciones.<\/p>\n\n\n\n<p>En contra de las previsiones, las cr\u00edticas al PT y la posterior condena de Luiz In\u00e1cio Lula da Silva, l\u00edder del partido, favorecieron la llegada al poder de Jair Bolsonaro.<\/p>\n\n\n\n<p><strong>La b\u00fasqueda de la \u00abtercera v\u00eda\u00bb<\/strong><\/p>\n\n\n\n<p>Tras el golpe, los grandes medios de comunicaci\u00f3n persiguieron al PT de forma parcial, imaginando que la pol\u00edtica tradicional, alineada con sus socios del empresariado volver\u00eda al modus operandi habitual. Se sumaron, adem\u00e1s, a esa visi\u00f3n elitista y antidemocr\u00e1tica, los miembros vinculados al caso Lava Jato en el Poder Judicial y el Ministerio P\u00fablico Federal.<\/p>\n\n\n\n<p>La operaci\u00f3n culmin\u00f3 con la detenci\u00f3n de Lula en 2018 en un juicio repleto de irregularidades. A partir de entonces, el candidato que iba en segundo lugar, Jair Bolsonaro, pas\u00f3 a liderar las encuestas. El pol\u00edtico, que hasta entonces hab\u00eda sido irrelevante y era m\u00e1s conocido por defender la tortura y el autoritarismo, logr\u00f3 la haza\u00f1a de convertirse en presidente. Pero nunca lo habr\u00eda logrado si no hubiese sido por el consorcio que sac\u00f3 al PT del poder.<\/p>\n\n\n\n<p>Quienes imaginaron que la salida del PT premiar\u00eda a alg\u00fan sector m\u00e1s \u00abequilibrado\u00bb de los defensores del mercado se equivocaron. La criminalizaci\u00f3n de la pol\u00edtica no s\u00f3lo afect\u00f3 a la izquierda, sino tambi\u00e9n a la derecha que protagoniz\u00f3 el golpe en 2016 y trat\u00f3 de contraponerse como una \u00abtercera v\u00eda\u00bb equilibrada.<\/p>\n\n\n\n<p>Actualmente, el regreso de Lula como potencial candidato refuerza la tendencia del PT a ser el principal opositor del bolsonarismo. Sin embargo, la llamada \u00abtercera v\u00eda\u00bb, que incluye a varias figuras destacadas como algunos gobernadores del PSDB, busca repetir la narrativa antipetista.<\/p>\n\n\n\n<p><strong>Las Fuerzas Armadas y la consolidaci\u00f3n de una cuarta v\u00eda<\/strong><\/p>\n\n\n\n<p>Mientras el \u00abcentro democr\u00e1tico\u00bb dice oponerse al autoritarismo de Bolsonaro que ayud\u00f3 a hacer posible, se consolida una cuarta v\u00eda. Desde el golpe, se ha producido una <a href=\"https:\/\/www.bbc.com\/mundo\/noticias-america-latina-56276161\" target=\"_blank\" rel=\"noreferrer noopener\">militarizaci\u00f3n de la pol\u00edtica brasile\u00f1a<\/a>, que se ha acelerado durante el per\u00edodo Bolsonaro.<\/p>\n\n\n\n<p>Ya en las protestas contra Dilma Rousseff pod\u00edan verse consignas reclamando el regreso de los militares. Tras la destituci\u00f3n y asumir como presidente, Michel Temer design\u00f3 a diferentes comandantes en su gabinete, entre ellos el ministro de Defensa, algo que no hab\u00eda ocurrido en m\u00e1s de 15 a\u00f1os. Adem\u00e1s, autoriz\u00f3 una intervenci\u00f3n militar federal en la pol\u00edtica de seguridad de R\u00edo de Janeiro con poderes sobre el propio gobernador.<\/p>\n\n\n\n<p>M\u00e1s tarde, Bolsonaro, un capit\u00e1n retirado, eligi\u00f3 en su campa\u00f1a al general Hamilton Mour\u00e3o para ser su vicepresidente. Y una vez elegido nombr\u00f3 a militares para un n\u00famero r\u00e9cord de puestos en el gobierno. Incluso coloc\u00f3 a un general como ministro en la cartera de Sanidad, tras despedir a los m\u00e9dicos que juzgaron que su pol\u00edtica negacionista de la pandemia iba demasiado lejos.<\/p>\n\n\n\n<p>Debido a la presi\u00f3n del partido gobernante en el Congreso, recientemente Bolsonaro tuvo que destituir a rega\u00f1adientes al ministro de Asuntos Exteriores, Ernesto Ara\u00fajo. El ministro se desgast\u00f3 despu\u00e9s de ofender repetidamente a China, pegarse a Donald Trump y obstaculizar la compra de vacunas, como quer\u00eda Bolsonaro.<\/p>\n\n\n\n<p>Poco despu\u00e9s, el presidente hizo nuevos cambios en los ministerios para asegurar una lealtad incondicional. Nombr\u00f3 a un delegado de la Polic\u00eda Federal como nuevo Ministro de Justicia con el fin de garantizar el apoyo de los polic\u00edas. Y nombr\u00f3 a una diputada de primer mandato para que fuera su articuladora pol\u00edtica, con la intenci\u00f3n de facilitar acuerdos con sectores clientelistas del Congreso.<\/p>\n\n\n\n<p>Sin embargo, la destituci\u00f3n del general que ocupaba el Ministerio de Defensa es el caso m\u00e1s complejo. Este hab\u00eda declarado que las Fuerzas Armadas son instituciones de Estado y no de gobierno y se neg\u00f3 a apoyar el estado de sitio que Bolsonaro estaba planeando. Poco despu\u00e9s de su dimisi\u00f3n, los mandos de las tres Fuerzas Armadas tambi\u00e9n entregaron sus cargos, algo in\u00e9dito en el pa\u00eds. Si Bolsonaro quer\u00eda demostrar que mandaba, el resultado fue el contrario.<\/p>\n\n\n\n<p>Sin embargo, hay generales que a\u00fan le son fieles, como el actual jefe del Gabinete de Seguridad Institucional y su asesor especial, ambos con antecedentes recientes de amenazas al Tribunal Supremo.<\/p>\n\n\n\n<p>Como las Fuerzas Armadas act\u00faan sin transparencia, es dif\u00edcil prever lo que pasar\u00e1. Pero es poco probable que esta ala m\u00e1s radical se retire de la pol\u00edtica, como recomendar\u00edan sus deberes constitucionales. Aunque est\u00e1n atrincherados en las estructuras de gobierno, su movimiento para despegarse de la erosionada imagen de Bolsonaro como paria internacional, denominado \u201cgenocida\u201d por sus compatriotas por contribuir activamente para una mortandad sin paralelos en esta pandemia. Este podr\u00eda ser el camino para que las Fuerzas Armadas vuelvan a la presidencia, sin un torpe intermediario. La \u00faltima vez que lo hicieron, permanecieron 21 a\u00f1os violando los derechos humanos.<\/p>\n\n\n\n<hr class=\"wp-block-separator\" id=\"block-ad479456-90c3-41b5-ade0-586b2032ee7e\"\/>\n\n\n\n<p class=\"has-text-align-right\" id=\"block-829d7943-9f44-4450-a6f4-84aa58c3a0e4\"><strong><em>Episodio relacionado de nuestro\u00a0<a href=\"http:\/\/latinoamerica21.com\/podcast\/\">podcast<\/a><\/em>:<\/strong><\/p>\n\n\n\n<figure class=\"wp-block-embed is-type-rich is-provider-spotify wp-block-embed-spotify wp-embed-aspect-21-9 wp-has-aspect-ratio\"><div class=\"wp-block-embed__wrapper\">\n<iframe title=\"Spotify Embed: Justi\u00e7a e pol\u00edtica no Brasil. O caso Lava Jato \" style=\"border-radius: 12px\" width=\"100%\" height=\"152\" frameborder=\"0\" allowfullscreen allow=\"autoplay; clipboard-write; encrypted-media; fullscreen; picture-in-picture\" loading=\"lazy\" src=\"https:\/\/open.spotify.com\/embed\/episode\/40QoyRrCsrUNHaaLoRLEih?si=Be11qDVlSTmvoVCIOyTv9w&#038;utm_source=oembed\"><\/iframe>\n<\/div><\/figure>\n\n\n\n<p><sub>Foto de Pal\u00e1cio do Planalto em Foter.com<\/sub><\/p>\n","protected":false},"excerpt":{"rendered":"<p>Es poco probable que el ala m\u00e1s radical de las Fuerzas Armadas se retire de la pol\u00edtica, como recomendar\u00edan sus deberes constitucionales. Aunque est\u00e1n atrincherados en las estructuras de gobierno, un movimiento para despegarse de la erosionada imagen de Bolsonaro podr\u00eda ser el camino para que volver a la presidencia, sin un torpe intermediario. <\/p>\n","protected":false},"author":183,"featured_media":4910,"comment_status":"closed","ping_status":"closed","sticky":false,"template":"","format":"standard","meta":{"_acf_changed":false,"episode_type":"","audio_file":"","cover_image":"","cover_image_id":"","duration":"","filesize":"","filesize_raw":"","date_recorded":"","explicit":"","block":"","itunes_episode_number":"","itunes_title":"","itunes_season_number":"","itunes_episode_type":"","footnotes":""},"categories":[16487,16487],"tags":[],"gps":[],"class_list":{"0":"post-4919","1":"post","2":"type-post","3":"status-publish","4":"format-standard","5":"has-post-thumbnail","7":"category-brasil"},"acf":[],"_links":{"self":[{"href":"https:\/\/latinoamerica21.com\/es\/wp-json\/wp\/v2\/posts\/4919","targetHints":{"allow":["GET"]}}],"collection":[{"href":"https:\/\/latinoamerica21.com\/es\/wp-json\/wp\/v2\/posts"}],"about":[{"href":"https:\/\/latinoamerica21.com\/es\/wp-json\/wp\/v2\/types\/post"}],"author":[{"embeddable":true,"href":"https:\/\/latinoamerica21.com\/es\/wp-json\/wp\/v2\/users\/183"}],"replies":[{"embeddable":true,"href":"https:\/\/latinoamerica21.com\/es\/wp-json\/wp\/v2\/comments?post=4919"}],"version-history":[{"count":0,"href":"https:\/\/latinoamerica21.com\/es\/wp-json\/wp\/v2\/posts\/4919\/revisions"}],"wp:featuredmedia":[{"embeddable":true,"href":"https:\/\/latinoamerica21.com\/es\/wp-json\/wp\/v2\/media\/4910"}],"wp:attachment":[{"href":"https:\/\/latinoamerica21.com\/es\/wp-json\/wp\/v2\/media?parent=4919"}],"wp:term":[{"taxonomy":"category","embeddable":true,"href":"https:\/\/latinoamerica21.com\/es\/wp-json\/wp\/v2\/categories?post=4919"},{"taxonomy":"post_tag","embeddable":true,"href":"https:\/\/latinoamerica21.com\/es\/wp-json\/wp\/v2\/tags?post=4919"},{"taxonomy":"gps","embeddable":true,"href":"https:\/\/latinoamerica21.com\/es\/wp-json\/wp\/v2\/gps?post=4919"}],"curies":[{"name":"wp","href":"https:\/\/api.w.org\/{rel}","templated":true}]}}