{"id":49901,"date":"2025-08-09T09:00:00","date_gmt":"2025-08-09T12:00:00","guid":{"rendered":"https:\/\/latinoamerica21.com\/?p=49901"},"modified":"2025-08-08T21:44:42","modified_gmt":"2025-08-09T00:44:42","slug":"sheinbaum-y-trump-en-busca-del-punto-intermedio","status":"publish","type":"post","link":"https:\/\/latinoamerica21.com\/es\/sheinbaum-y-trump-en-busca-del-punto-intermedio\/","title":{"rendered":"Sheinbaum y Trump: en busca del punto intermedio"},"content":{"rendered":"\n<p>La estrategia de Claudia Sheinbaum frente a Estados Unidos se basa, razonablemente, en que a ella le pidan cuentas de su gobierno de ahora en adelante. Ella, sin embargo, cuando lo necesita, vuelve atr\u00e1s una y otra vez, ya sea para cuestionar a los \u201cconservadores\u201d o exaltar la obra del hasta ahora \u201cmejor presidente de M\u00e9xico\u201d, y, desde ese p\u00f3dium ret\u00f3rico, busca construir acuerdos con el gobierno de Donald Trump. Sin embargo, Trump, en el caso de M\u00e9xico, va del pasado al presente para construir el futuro de su proyecto pol\u00edtico MAGA (\u201c<em>Make America great again<\/em>\u201d). Esa carrera imperial, para muchos insensata e irracional por los efectos que tiene en la econom\u00eda estadounidense, no parece tener punto intermedio. Eso explica la constante inestabilidad en la relaci\u00f3n entre estos socios comerciales.<\/p>\n\n\n\n<p>En esa <a href=\"https:\/\/latinoamerica21.com\/es\/claudia-sheinbaum-bajo-presion-y-sin-mucho-margen-de-maniobra\/\">problem\u00e1tica relaci\u00f3n<\/a>, los negociadores mexicanos han ido cediendo en temas de migraci\u00f3n. Han blindado la frontera para impedir los flujos de migrantes caribe\u00f1os, centroamericanos y sudamericanos que buscaban llegar a la Uni\u00f3n Americana causando cuellos de botella en nuestras fronteras, han contenido los flujos de fentanilo a los mercados de la droga estadounidenses y han extraditado a capos que purgaban penas en nuestros penales.\u00a0<\/p>\n\n\n\n<p>El gobierno de Sheinbaum ha asumido aranceles en aquellos productos no contemplados en el Tratado entre M\u00e9xico, Estados Unidos y Canad\u00e1 (T-MEC), y ahora est\u00e1 sin capacidad para reaccionar ante el <a href=\"https:\/\/es.wired.com\/articulos\/mexico-evita-aranceles-adicionales-del-30-y-logra-prorroga-de-90-dias-con-ee-uu\">30% a todas las exportaciones mexicanas<\/a>, incluso con la amenaza de que pueden bajar o subir en funci\u00f3n de los resultados de las acciones que lleve a cabo el gobierno. Y, adem\u00e1s, tampoco puede reaccionar ante algo que cada vez es m\u00e1s visible, como es el control del territorio y las aguas territoriales en la lucha contra las mafias de pirater\u00eda, drogas, huachicol, lavado de dinero que se manifiesta en detenciones, decomisos, intervenciones financieras y control sobre el ingreso de precursores qu\u00edmicos para la producci\u00f3n de drogas de dise\u00f1o.<\/p>\n\n\n\n<p>En el tema donde parece m\u00e1s renuente a ceder es en el de la base pol\u00edtica del crimen organizado. Las acciones proactivas y sustantivas contra las mafias remiten irremediablemente al gobierno de L\u00f3pez Obrador y su pol\u00edtica permisiva de \u201cabrazos, no balazos\u201d. Este punto es el que el gobierno utiliza para presionar: va por m\u00e1s contra las mafias porque lo contrario podr\u00eda significar una crisis de gobierno de grandes proporciones, ya que L\u00f3pez Obrador sigue teniendo control sobre la estructura pol\u00edtica y cualquier fallo en contra lo ver\u00eda como una traici\u00f3n a su proyecto pol\u00edtico transexenal. Es el ideal de estar 40 a\u00f1os en el gobierno, como pronostica el senador Fern\u00e1ndez Noro\u00f1a.<\/p>\n\n\n\n<p>En cambio, podr\u00edamos decir que en la \u201cnegociaci\u00f3n bilateral\u201d M\u00e9xico ha recibido solo incertidumbre, porque pareciera que, cuanto m\u00e1s da, m\u00e1s se le exige del otro lado de la frontera norte, lo que muestra que lo que acuerdan los negociadores de los lados en dif\u00edciles negociaciones es tumbado de un plumazo. Por lo tanto, lo que esgrime la presidenta Sheinbaum cuando afirma que quiere \u201cuna relaci\u00f3n de iguales\u201d se queda solo como un mantra en las conferencias ma\u00f1aneras.&nbsp;<\/p>\n\n\n\n<p>Eso podr\u00eda estar provocando problemas en el gabinete. Hace algunas semanas corri\u00f3 el rumor de que Juan Ram\u00f3n de la Fuente abandonar\u00eda la canciller\u00eda porque no estaba dando los resultados esperados o no estar\u00eda de acuerdo con la pol\u00edtica bilateral. Y la verdad es que, en medio de estas estrategias, \u00bfqui\u00e9n podr\u00eda obtener mejores resultados?<\/p>\n\n\n\n<p>Entonces, la pregunta que se desprende de estas estrategias de suma cero \u2014donde lo que pierde uno lo gana otro\u2014 es qu\u00e9 tendr\u00edan que hacer los negociadores mexicanos para lograr un punto intermedio consolidado entre las dos posturas. Tienen dos opciones.<\/p>\n\n\n\n<p>La primera es seguir en la l\u00ednea hasta ahora sostenida de ceder para favorecer la agenda MAGA, lo que pasar\u00eda principalmente por entregar a todos aquellos pol\u00edticos y empresarios que directa o indirectamente han permitido la expansi\u00f3n de los carteles de la droga en los mercados estadounidenses.<\/p>\n\n\n\n<p>La segunda es enrollarse en la bandera nacional y reforzar el discurso nacionalista que cada vez m\u00e1s escuchamos en la presidenta Sheinbaum, o estimular acciones simb\u00f3licas. Al fin y al cabo, somos un pa\u00eds plagado de s\u00edmbolos, como los que vimos contra la d\u00factil gentrificaci\u00f3n en la Ciudad de M\u00e9xico, donde manifestantes organizados inesperadamente esgrimieron los gritos setenteros anticolonialistas de \u201c\u00a1Fuera gringos!\u201d, \u201c\u00a1Gringos, <em>go home<\/em>!\u201d La realidad es que quienes gentrifican pueden ser perfectamente mexicanos que llegan a rentar o a comprar inmuebles en los barrios tradicionalmente de la clase media capitalina.<\/p>\n\n\n\n<p>Hasta ahora la administraci\u00f3n Sheinbaum juega con las dos posturas. Por un lado, libera una orden de aprehensi\u00f3n en contra de Hern\u00e1n Berm\u00fadez Requena, ex secretario de Seguridad P\u00fablica durante el gobierno del poderoso l\u00edder de la fracci\u00f3n morenista en el Senado de la Rep\u00fablica, por el v\u00ednculo con el c\u00e1rtel La Barredora, una franquicia local del tambi\u00e9n poderoso Cartel Jalisco Nueva Generaci\u00f3n, que llev\u00f3 la violencia a ese estado del sureste mexicano.&nbsp;<\/p>\n\n\n\n<p>En cuanto a las expresiones antiyanquis en una gira por el noroeste del pa\u00eds, la presidenta Sheinbaum en varias ocasiones manifest\u00f3 un \u201cno al intervencionismo\u201d y exigi\u00f3 \u201crespeto a la soberan\u00eda\u201d en clara equidistancia con el \u201c<em>Yanqui go home<\/em>\u201d de las calles de la Ciudad de M\u00e9xico.&nbsp;<\/p>\n\n\n\n<p>El gobierno de Claudia Sheinbaum est\u00e1 sin duda en un serio dilema y con el tiempo encima, pues, si bien se renov\u00f3 por 90 d\u00edas la aplicaci\u00f3n del arancel para todas las exportaciones mexicanas, sigue firme la espada de Damocles de que la administraci\u00f3n Trump siga presionando y logrando concesiones sin garant\u00edas de que, una vez obtenido lo exigido, no vaya a pedir m\u00e1s, especialmente en el tema crucial de los narcopol\u00edticos de Morena. O sea, los 90 d\u00edas ser\u00e1n un respiro para M\u00e9xico, pero tambi\u00e9n un calvario para los negociadores nacionales.&nbsp;<\/p>\n\n\n\n<p>Entonces, luego de esos 90 d\u00edas, sabremos cu\u00e1les son las decisiones ejecutivas que tomar\u00e1 Sheinbaum para responder a la dial\u00e9ctica de Trump de subir o bajar aranceles en funci\u00f3n de los resultados en la lucha contra la migraci\u00f3n irregular y el tr\u00e1fico de fentanilo, y es que esta droga de dise\u00f1o, m\u00e1s all\u00e1 de sus terribles componentes, tiene m\u00e1s el hasta ahora intocable ingrediente pol\u00edtico.<\/p>\n\n\n\n<p>Y es all\u00ed donde patina la relaci\u00f3n bilateral, porque Sheinbaum no quiere ir contra sus camaradas, y adem\u00e1s, si quisiera, no tiene el poder, ni la voluntad de hacerlo, y eso lo saben en Washington. Y por eso dosifican las cargas pol\u00edticas y medi\u00e1ticas contra un gobierno que en otros temas ha estado dispuesto a cooperar con el proyecto MAGA y, visto, en perspectiva latinoamericana, va contra la izquierda los gobiernos de Brasil, Colombia y Venezuela.<\/p>\n","protected":false},"excerpt":{"rendered":"<p>Sheinbaum navega entre concesiones a Trump y un discurso nacionalista, atrapada en una relaci\u00f3n bilateral donde, cuanto m\u00e1s cede M\u00e9xico, m\u00e1s se le exige.<\/p>\n","protected":false},"author":331,"featured_media":49902,"comment_status":"closed","ping_status":"closed","sticky":false,"template":"","format":"standard","meta":{"_acf_changed":false,"episode_type":"","audio_file":"","cover_image":"","cover_image_id":"","duration":"","filesize":"","filesize_raw":"","date_recorded":"","explicit":"","block":"","itunes_episode_number":"","itunes_title":"","itunes_season_number":"","itunes_episode_type":"","footnotes":""},"categories":[16466,16518],"tags":[14126],"gps":[],"class_list":{"0":"post-49901","1":"post","2":"type-post","3":"status-publish","4":"format-standard","5":"has-post-thumbnail","7":"category-mexico","8":"category-relaiciones-internacionales","9":"tag-debates-br-es"},"acf":[],"_links":{"self":[{"href":"https:\/\/latinoamerica21.com\/es\/wp-json\/wp\/v2\/posts\/49901","targetHints":{"allow":["GET"]}}],"collection":[{"href":"https:\/\/latinoamerica21.com\/es\/wp-json\/wp\/v2\/posts"}],"about":[{"href":"https:\/\/latinoamerica21.com\/es\/wp-json\/wp\/v2\/types\/post"}],"author":[{"embeddable":true,"href":"https:\/\/latinoamerica21.com\/es\/wp-json\/wp\/v2\/users\/331"}],"replies":[{"embeddable":true,"href":"https:\/\/latinoamerica21.com\/es\/wp-json\/wp\/v2\/comments?post=49901"}],"version-history":[{"count":0,"href":"https:\/\/latinoamerica21.com\/es\/wp-json\/wp\/v2\/posts\/49901\/revisions"}],"wp:featuredmedia":[{"embeddable":true,"href":"https:\/\/latinoamerica21.com\/es\/wp-json\/wp\/v2\/media\/49902"}],"wp:attachment":[{"href":"https:\/\/latinoamerica21.com\/es\/wp-json\/wp\/v2\/media?parent=49901"}],"wp:term":[{"taxonomy":"category","embeddable":true,"href":"https:\/\/latinoamerica21.com\/es\/wp-json\/wp\/v2\/categories?post=49901"},{"taxonomy":"post_tag","embeddable":true,"href":"https:\/\/latinoamerica21.com\/es\/wp-json\/wp\/v2\/tags?post=49901"},{"taxonomy":"gps","embeddable":true,"href":"https:\/\/latinoamerica21.com\/es\/wp-json\/wp\/v2\/gps?post=49901"}],"curies":[{"name":"wp","href":"https:\/\/api.w.org\/{rel}","templated":true}]}}