{"id":49967,"date":"2025-08-14T09:00:00","date_gmt":"2025-08-14T12:00:00","guid":{"rendered":"https:\/\/latinoamerica21.com\/?p=49967"},"modified":"2025-08-13T06:29:20","modified_gmt":"2025-08-13T09:29:20","slug":"bolivia-un-pais-a-punto-de-estallar","status":"publish","type":"post","link":"https:\/\/latinoamerica21.com\/es\/bolivia-un-pais-a-punto-de-estallar\/","title":{"rendered":"Bolivia: un pa\u00eds a punto de estallar"},"content":{"rendered":"\n<p>Bolivia vive los \u00faltimos d\u00edas de un <a href=\"https:\/\/www.opinion.com.bo\/articulo\/pais\/candidatos-aceleran-campanas-poco-elecciones\/20250809071559977838.html\">proceso electoral<\/a> largo, desordenado y turbulento. Si nos preguntamos en qu\u00e9 momento los partidos empezaron sus campa\u00f1as electorales, seguramente nadie tendr\u00eda una respuesta. Como nunca antes, el Tribunal Constitucional Plurinacional y el propio Tribunal Supremo Electoral (TSE) han (in)definido los tiempos pol\u00edticos. Desde inicios de 2024 se plantearon varias controversias judiciales que anularon la candidatura de Evo Morales y dejaron en el limbo la del Movimiento Tercer Sistema; se anul\u00f3 la personer\u00eda jur\u00eddica de Pan Bol y se bloque\u00f3 la postulaci\u00f3n de un outsider como Jaime Dunn por tener deudas pendientes con el Estado pese a que la documentaci\u00f3n emitida por la Contralor\u00eda General del Estado dec\u00eda lo contrario.<\/p>\n\n\n\n<p>Evo Morales, cuya infinitud en el cargo de presidente tuvo que ser parada en seco por una movilizaci\u00f3n ciudadana, hoy se halla refugiado en una zona del Chapare a ra\u00edz de una orden de detenci\u00f3n por un caso de trata de personas que lo implica directamente. Empero, esto no ha impedido al l\u00edder cocalero gestar y dirigir varios bloqueos de caminos para presionar y habilitarse como candidato. Estas movilizaciones han logrado, hasta ahora, detener por m\u00e1s de 50 d\u00edas el flujo de transporte y un da\u00f1o econ\u00f3mico incalculable. Lo peor, es que nada indica que esta l\u00f3gica de lucha se vaya a detener. En definitiva, es el estilo de Morales de hacer pol\u00edtica.<\/p>\n\n\n\n<p>Por su parte, el TSE pasa por una profunda crisis institucional. Seg\u00fan los datos brindados por la encuestas de opini\u00f3n p\u00fablica de LAPOP, este organismo tiene apenas un 26,8% de confianza, es decir que tiene da\u00f1ada el mayor de sus capitales, su credibilidad. Sus vocales protagonizan peleas internas que no parecen motivadas por la mejora del \u00f3rgano electoral sino por decisiones que tienen que ver con la habilitaci\u00f3n o no de candidatos.&nbsp; Muchas veces no se ha cuidado las formas de civilidad y respeto: en junio de 2025 el vocal&nbsp; del TSE Tahuichi Tahuichi Quispe calific\u00f3 de \u201cburros y tan asnos\u201d, a los que le iniciaron un juicio penal por su negativa a habilitar a los partidos Pan Bol y Frente Para la Victoria para que participen en elecciones. En d\u00edas pasados, el m\u00e1ximo representante de este \u00f3rgano, Oscar Hassenteufel, aparentemente renunci\u00f3 a su cargo asediado y cansado de las presiones pol\u00edticas; luego de varias horas, se desminti\u00f3 la noticia y se dijo que solo hab\u00eda pedido su licencia por enfermedad (de la cual todav\u00eda no se repone).<\/p>\n\n\n\n<p>Si lo que dicen las encuestas tienen alg\u00fan grado de certeza, la fragmentaci\u00f3n har\u00e1 saltar por los aires la estabilidad pol\u00edtica siempre tan precaria en el pa\u00eds. Bolivia tiene una inflaci\u00f3n acumulada del 39,4%, la empresa petrolera estatal YPFB no puede abastecer el mercado interno de diesel y gasolina, y existe una diferencia del 100% entre el precio del d\u00f3lar oficial y el del mercado paralelo.<\/p>\n\n\n\n<p>Por su parte, el gobierno ha renunciado a cualquier iniciativa pol\u00edtica y da la impresi\u00f3n que solo espera terminar su gesti\u00f3n. El 8 de noviembre de este a\u00f1o Luis Arce entregar\u00e1 el mando a un nuevo gobierno que, con poco m\u00fasculo pol\u00edtico (las encuestas dan al mejor posicionado un margen de votaci\u00f3n del 21%) tratar\u00e1 de asumir pol\u00edticas de <em>shock<\/em>&nbsp; que, si bien necesarias, generar\u00e1n una ola de descontento popular que pondr\u00e1n en jaque su gobernabilidad.<\/p>\n\n\n\n<p>Hoy el pa\u00eds vive una suerte de <a href=\"https:\/\/latinoamerica21.com\/es\/giro-hacia-la-derecha-en-bolivia\/\">fin de \u00e9poca<\/a>, pero sin un horizonte de futuro claro. La oposici\u00f3n, si bien se ha hecho con la mayor parte de la preferencia electoral, no tiene una propuesta pol\u00edtica capaz de cautivar a los sectores populares o a quienes en el pasado votaron por el MAS. Por su parte, los candidatos provenientes del tronco del MAS, Eduardo del Castillo y Andr\u00f3nico Rodr\u00edguez, no pueden separarse del lastre del mal gobierno de Arce y de las influencias del evismo. Rodr\u00edguez ha bajado en su preferencia electoral al 6% y del Castillo no logra superar la barrera del 3%.<\/p>\n\n\n\n<p>\u00bfQu\u00e9 configura este panorama? Por una parte, unas elecciones administradas por un TSE cuya baja credibilidad da lugar a todas las versiones de un posible fraude. Un gobierno nacional que ha dejado de timonear su gesti\u00f3n estatal. Una fragmentaci\u00f3n pol\u00edtica que har\u00e1 que cada uno de los partidos tome una parte de la torta del poder pol\u00edtico, sin que ninguno de ellos pueda liderar una pol\u00edtica anticrisis por su bajo nivel de legitimidad pol\u00edtica.<\/p>\n\n\n\n<p>Todo este panorama hace prever el estallido de un conjunto de tensiones que el proceso electoral no podr\u00e1 resolver.<\/p>\n","protected":false},"excerpt":{"rendered":"<p>En medio de una crisis econ\u00f3mica, un tribunal electoral desacreditado y una fragmentaci\u00f3n pol\u00edtica extrema, Bolivia se encamina a unas elecciones incapaces de resolver las tensiones que amenazan con desbordar al pa\u00eds.<\/p>\n","protected":false},"author":279,"featured_media":49968,"comment_status":"closed","ping_status":"closed","sticky":false,"template":"","format":"standard","meta":{"_acf_changed":false,"episode_type":"","audio_file":"","cover_image":"","cover_image_id":"","duration":"","filesize":"","filesize_raw":"","date_recorded":"","explicit":"","block":"","itunes_episode_number":"","itunes_title":"","itunes_season_number":"","itunes_episode_type":"","footnotes":""},"categories":[16470,16471],"tags":[14126],"gps":[],"class_list":{"0":"post-49967","1":"post","2":"type-post","3":"status-publish","4":"format-standard","5":"has-post-thumbnail","7":"category-bolivia","8":"category-elecciones","9":"tag-debates-br-es"},"acf":[],"_links":{"self":[{"href":"https:\/\/latinoamerica21.com\/es\/wp-json\/wp\/v2\/posts\/49967","targetHints":{"allow":["GET"]}}],"collection":[{"href":"https:\/\/latinoamerica21.com\/es\/wp-json\/wp\/v2\/posts"}],"about":[{"href":"https:\/\/latinoamerica21.com\/es\/wp-json\/wp\/v2\/types\/post"}],"author":[{"embeddable":true,"href":"https:\/\/latinoamerica21.com\/es\/wp-json\/wp\/v2\/users\/279"}],"replies":[{"embeddable":true,"href":"https:\/\/latinoamerica21.com\/es\/wp-json\/wp\/v2\/comments?post=49967"}],"version-history":[{"count":0,"href":"https:\/\/latinoamerica21.com\/es\/wp-json\/wp\/v2\/posts\/49967\/revisions"}],"wp:featuredmedia":[{"embeddable":true,"href":"https:\/\/latinoamerica21.com\/es\/wp-json\/wp\/v2\/media\/49968"}],"wp:attachment":[{"href":"https:\/\/latinoamerica21.com\/es\/wp-json\/wp\/v2\/media?parent=49967"}],"wp:term":[{"taxonomy":"category","embeddable":true,"href":"https:\/\/latinoamerica21.com\/es\/wp-json\/wp\/v2\/categories?post=49967"},{"taxonomy":"post_tag","embeddable":true,"href":"https:\/\/latinoamerica21.com\/es\/wp-json\/wp\/v2\/tags?post=49967"},{"taxonomy":"gps","embeddable":true,"href":"https:\/\/latinoamerica21.com\/es\/wp-json\/wp\/v2\/gps?post=49967"}],"curies":[{"name":"wp","href":"https:\/\/api.w.org\/{rel}","templated":true}]}}