{"id":5422,"date":"2021-05-13T08:45:00","date_gmt":"2021-05-13T11:45:00","guid":{"rendered":"http:\/\/latinoamerica21.com\/?p=5422"},"modified":"2023-10-24T06:44:33","modified_gmt":"2023-10-24T09:44:33","slug":"de-pandemia-periferia-y-poder","status":"publish","type":"post","link":"https:\/\/latinoamerica21.com\/es\/de-pandemia-periferia-y-poder\/","title":{"rendered":"De pandemia, periferia y poder"},"content":{"rendered":"\n<p>La pandemia provocada por el Covid-19 es uno de los eventos m\u00e1s complejos que enfrenta el capitalismo global desde la Segunda Guerra Mundial (como plantea <a href=\"https:\/\/es.euronews.com\/2020\/04\/01\/la-pandemia-de-coronavirus-es-la-mayor-crisis-del-mundo-desde-la-ii-guerra-mundial-dice-la\">Naciones Unidas<\/a>). Seg\u00fan informaci\u00f3n recopilada por la <a href=\"https:\/\/coronavirus.jhu.edu\/map.html\">Universidad Johns Hopkins<\/a>, la pandemia ha causado m\u00e1s de tres millones de v\u00edctimas mortales confirmadas. De hecho, comparada con las enfermedades que m\u00e1s fallecimientos provocaron en 2019 seg\u00fan informaci\u00f3n de la <a href=\"https:\/\/www.who.int\/es\/news-room\/fact-sheets\/detail\/the-top-10-causes-of-death\">Organizaci\u00f3n Mundial de la Salud<\/a>, la Covid-19 ocupa el cuarto lugar.<\/p>\n\n\n\n<p>Pese a un impacto tan amplio, la situaci\u00f3n no golpea a todos por igual. La pandemia se combina con otros problemas globales preexistentes, surgiendo as\u00ed una crisis multidimensional. En particular, <a href=\"http:\/\/latinoamerica21.com\/es\/la-vacuna-de-los-pueblos-o-de-la-especulacion\/\" target=\"_blank\" rel=\"noreferrer noopener\">la crisis sanitaria agrava las grandes desigualdades del mundo <em>y <\/em>viceversa<\/a>. Un ejemplo es el escaso acceso a las pruebas para diagnosticar la Covid-19 en los pa\u00edses de ingresos bajos y medio-bajos. Pese a representar al 46,8% de la poblaci\u00f3n global, dichos pa\u00edses solo han accedido al 21,6% de las pruebas aplicadas en el mundo. \u00c1frica Subsahariana es un caso dr\u00e1stico pues, pese a representar al 14% de la poblaci\u00f3n, solo participa del 1,4% de las pruebas.<\/p>\n\n\n\n<p>De acuerdo a un estudio de pr\u00f3xima divulgaci\u00f3n, realizado por el autor de este art\u00edculo sobre la econom\u00eda pol\u00edtica de la crisis Covid-19, otro ejemplo dram\u00e1tico de c\u00f3mo la pandemia y la periferia capitalista crean el peor de los mundos se refleja en un potencial \u201c<a href=\"https:\/\/www.theguardian.com\/world\/2021\/mar\/30\/coronavirus-vaccine-distribution-global-disparity\">apartheid de vacunas<\/a>\u201d.<\/p>\n\n\n\n<p><strong>El acceso a las vacunas contra la Covid-19<\/strong><\/p>\n\n\n\n<p>La combinaci\u00f3n de sistemas globales de patentes, la concentraci\u00f3n de las capacidades cient\u00edficas y t\u00e9cnicas en pocos pa\u00edses, e incluso los intereses de grandes farmac\u00e9uticas, limitan enormemente la capacidad de las naciones empobrecidas de acceder a vacunas contra la Covid-19. Revisando informaci\u00f3n para 164 pa\u00edses puede encontrarse una <a href=\"https:\/\/drive.google.com\/file\/d\/1su4k7HVI2wwNjqPp2gVx5D8l9BG0UMPb\/view?usp=sharing\">relaci\u00f3n directa<\/a> entre ingreso por habitante y vacunaci\u00f3n: a nivel promedio, cada incremento de 1% en el ingreso <em>per c\u00e1pita<\/em> se asocia a un incremento de 1,34% en la tasa de vacunaci\u00f3n.<\/p>\n\n\n\n<p>El hecho de que las regiones m\u00e1s pobres del mundo no logren vacunar ampliamente a su poblaci\u00f3n mientras que las regiones m\u00e1s ricas adquieran vacunas hasta en exceso tiene claros efectos. Mientras que en <a href=\"https:\/\/cnnespanol.cnn.com\/2021\/04\/23\/israel-normalidad-casos-covid-19-pandemia-trax\/\">Israel<\/a> o <a href=\"https:\/\/www.dw.com\/es\/eeuu-personas-vacunadas-pueden-prescindir-de-las-mascarillas\/a-57355833\">Estados Unidos<\/a> se plantea el levantamiento de restricciones gracias a la vacunaci\u00f3n, la crisis de la Covid-19 crea un infierno en <a href=\"https:\/\/www.nytimes.com\/es\/2021\/04\/23\/espanol\/covid-brasil-hambre.html\">Brasil<\/a> y la <a href=\"https:\/\/cnnespanol.cnn.com\/video\/covid-coronavirus-india-mundo-horror-perspectivas-buenos-aires\/?fbclid=IwAR0ybes8GFVpQBNkd5_sgg_fYPNS0toDARwguzpC0FD4SO1oR7SU9jfcueM\">India<\/a>. Claro que, adem\u00e1s de la combinaci\u00f3n de pandemia y periferia, tambi\u00e9n son relevantes los manejos irresponsables de la crisis. Tanto <a href=\"https:\/\/www.dw.com\/es\/senado-de-brasil-investiga-gesti%C3%B3n-de-la-pandemia-por-bolsonaro\/a-57357145\">Jair Bolsonaro<\/a> en &nbsp;Brasil, como <a href=\"https:\/\/www.dw.com\/es\/la-pol%C3%ADtica-contra-el-coronavirus-en-india-un-desastre-anunciado\/a-57322893\">Narendra Modi<\/a> en la India, han realizado un manejo desastroso de la situaci\u00f3n.<\/p>\n\n\n\n<p>Pero la &nbsp;crudeza de la crisis Covid-19 trasciende dicha irresponsabilidad. Solo preguntemos \u00bfc\u00f3mo pueden los pa\u00edses empobrecidos administrar con eficiencia una pandemia global cuando son v\u00edctimas hist\u00f3ricas de procesos de intercambio desigual, sobreexplotaci\u00f3n laboral, extractivismos, acumulaci\u00f3n por desposesi\u00f3n y dem\u00e1s problemas estructurales?<\/p>\n\n\n\n<p>El resultado de todos estos factores lleva a que estos pa\u00edses se desenvuelvan en condiciones de enorme incertidumbre. El mercado laboral latinoamericano ejemplifica esta cuesti\u00f3n. A inicios de la pandemia, la Organizaci\u00f3n Internacional del Trabajo (OIT) estimaba que <a href=\"https:\/\/www.ilo.org\/americas\/sala-de-prensa\/WCMS_744298\/lang--es\/index.htm\">54% de poblaci\u00f3n trabajadora estaba empleada en la informalidad<\/a>, enfrentando la incertidumbre de garantizar su subsistencia diaria en las calles ante la amenaza de contraer el virus y las diversas medidas de confinamiento.<\/p>\n\n\n\n<p>Parad\u00f3jicamente, hasta los propios efectos de la pandemia en el empleo son inciertos. A diferencia de otras crisis, luego de un a\u00f1o las estimaciones de la OIT sugieren que <a href=\"https:\/\/www.ilo.org\/wcmsp5\/groups\/public\/---americas\/---ro-lima\/documents\/publication\/wcms_779114.pdf#page=9\">el empleo informal se ha reducido con mayor fuerza que el empleo formal<\/a>. Y la incertidumbre aumenta al incluir en el an\u00e1lisis <a href=\"https:\/\/journals.openedition.org\/poldev\/3532\">otras complejidades que vive la regi\u00f3n<\/a> como la fragilidad fiscal, el dif\u00edcil acceso a financiamiento externo, e incluso la inestabilidad pol\u00edtica e institucional.<\/p>\n\n\n\n<p>Pandemia, periferia e incertidumbre son tres dimensiones que deben tomarse en serio al comprender la econom\u00eda, la pol\u00edtica y, en general, los fen\u00f3menos sociales durante la crisis Covid-19. La pandemia como el problema inmediato por superar para salvar vidas; la periferia como una regi\u00f3n que deber\u00eda recibir atenci\u00f3n prioritaria en t\u00e9rminos de pruebas, vacunas y apoyo financiero internacional; y la incertidumbre como el nuevo paradigma dominante en etapas de crisis prolongadas.<\/p>\n\n\n\n<p>Por cierto, a nivel econ\u00f3mico, los per\u00edodos de crisis y profunda incertidumbre se agudizaron, pero no se iniciaron con el coronavirus. Ya como resultado de la crisis financiera internacional de 2008-2009 surgieron importantes cuestionamientos a la forma de pensar y hacer econom\u00eda. Entre esos se puede destacar las <a href=\"https:\/\/www.sinpermiso.info\/textos\/33-tesis-para-una-reforma-de-la-disciplina-de-la-economia\">33 tesis para la reforma de la econom\u00eda<\/a> difundidas en 2017 por el grupo <em>Rethinking Economics <\/em>y el <em>New Weather Institute<\/em>.<\/p>\n\n\n\n<p>De esas 33 tesis pueden destacarse dos. La primera de ellas es la Tesis 14 que indica que los \u201csalarios, beneficios y retornos sobre activos dependen de un amplio abanico de factores, entre ellos el poder relativo de trabajadores, empresas y propietarios de activos, y no simplemente en su aportaci\u00f3n relativa a la producci\u00f3n\u201d. La Tesis 18 considera que \u201clos mercados a menudo muestran una tendencia hacia el aumento de la desigualdad\u201d.<\/p>\n\n\n\n<p><strong>Una crisis de distribuci\u00f3n del poder<\/strong><\/p>\n\n\n\n<p>Si la crisis financiera motiv\u00f3 esos cuestionamientos, la crisis Covid-19 \u2013de mayor impacto humano\u2013 exige cuestionamientos m\u00e1s profundos. En esa discusi\u00f3n urge resaltar, como sugiere <a href=\"https:\/\/doi.org\/10.1016\/S0140-6736(20)32262-5\">R. Horton en un art\u00edculo en <em>The Lancet<\/em><\/a>, que la crisis Covid-19 ha generado disputas sobre el ejercicio del poder en las sociedades: \u201cgobierno central versus gobierno local, j\u00f3venes versus mayores, ricos versus pobres, blancos versus negros, la salud versus la econom\u00eda\u201d. Es decir, la crisis Covid-19 no es solo una crisis sanitaria o econ\u00f3mica, es tambi\u00e9n una crisis de distribuci\u00f3n del poder.<\/p>\n\n\n\n<p>Si no discutimos esa distribuci\u00f3n del poder, seguiremos entrampados en falsas dicotom\u00edas que esconden el hecho de que el mundo posee ingentes riquezas que podr\u00edan utilizarse durante la crisis. Los economistas Saez y Zucman estiman que solo en Estados Unidos el 10% de contribuyentes concentra casi el 80% de toda la riqueza (porcentaje que ha ido creciendo desde la d\u00e9cada de los a\u00f1os 80). En Latinoam\u00e9rica, los economistas Alarco Tosoni y Castillo Garc\u00eda estiman que para 2016, apenas 87 mil millonarios alcanzaron un patrimonio neto de 373 mil millones de d\u00f3lares, monto superior al PIB nominal de Venezuela, Colombia o Per\u00fa.<\/p>\n\n\n\n<p>Tales riquezas podr\u00edan financiar la subsistencia de poblaciones marginadas durante la pandemia con medidas como, por ejemplo, impuestos a grandes ingresos y riquezas, rentas b\u00e1sicas universales, seguros universales de salud, y similares. Pero si no cambian las relaciones de poder \u2013locales y globales\u2013 dichas medidas quedar\u00e1n solo como buenas intenciones que morir\u00e1n asfixiadas en la pandemia\u2026de la incertidumbre.<\/p>\n\n\n\n<hr class=\"wp-block-separator\"\/>\n\n\n\n<p class=\"has-text-align-right\"><strong><em>Episodio relacionado de nuestro\u00a0<a href=\"http:\/\/latinoamerica21.com\/podcast\/\">podcast<\/a><\/em>:<\/strong><\/p>\n\n\n\n<figure class=\"wp-block-embed is-type-rich is-provider-spotify wp-block-embed-spotify wp-embed-aspect-21-9 wp-has-aspect-ratio\"><div class=\"wp-block-embed__wrapper\">\n<iframe title=\"Spotify Embed: Pandemia y gobernabilidad democr\u00e1tica en Am\u00e9rica Latina\" style=\"border-radius: 12px\" width=\"100%\" height=\"152\" frameborder=\"0\" allowfullscreen allow=\"autoplay; clipboard-write; encrypted-media; fullscreen; picture-in-picture\" loading=\"lazy\" src=\"https:\/\/open.spotify.com\/embed\/episode\/1wU0b9ErzSZCwkrOrmxNz3?si=qbXnJXfPQb2xj6bWjDKKBg&#038;utm_source=oembed\"><\/iframe>\n<\/div><\/figure>\n\n\n\n<p><\/p>\n\n\n\n<p><em><sub>Foto por Galer\u00eda fotogr\u00e1fica PCM Per\u00fa. em Foter.com<\/sub><\/em><\/p>\n","protected":false},"excerpt":{"rendered":"<p>La combinaci\u00f3n de sistemas globales de patentes, la concentraci\u00f3n de las capacidades cient\u00edficas y t\u00e9cnicas en pocos pa\u00edses, e incluso los intereses de grandes farmac\u00e9uticas, limitan enormemente la capacidad de las naciones empobrecidas de acceder a vacunas contra la Covid-19<\/p>\n","protected":false},"author":218,"featured_media":5424,"comment_status":"closed","ping_status":"closed","sticky":false,"template":"","format":"standard","meta":{"_acf_changed":false,"episode_type":"","audio_file":"","cover_image":"","cover_image_id":"","duration":"","filesize":"","filesize_raw":"","date_recorded":"","explicit":"","block":"","itunes_episode_number":"","itunes_title":"","itunes_season_number":"","itunes_episode_type":"","footnotes":""},"categories":[16468,16468,16548,16548,16506,16506],"tags":[14126],"gps":[],"class_list":{"0":"post-5422","1":"post","2":"type-post","3":"status-publish","4":"format-standard","5":"has-post-thumbnail","7":"category-politica","9":"category-pandemia","11":"category-economia","13":"tag-debates-br-es"},"acf":[],"_links":{"self":[{"href":"https:\/\/latinoamerica21.com\/es\/wp-json\/wp\/v2\/posts\/5422","targetHints":{"allow":["GET"]}}],"collection":[{"href":"https:\/\/latinoamerica21.com\/es\/wp-json\/wp\/v2\/posts"}],"about":[{"href":"https:\/\/latinoamerica21.com\/es\/wp-json\/wp\/v2\/types\/post"}],"author":[{"embeddable":true,"href":"https:\/\/latinoamerica21.com\/es\/wp-json\/wp\/v2\/users\/218"}],"replies":[{"embeddable":true,"href":"https:\/\/latinoamerica21.com\/es\/wp-json\/wp\/v2\/comments?post=5422"}],"version-history":[{"count":0,"href":"https:\/\/latinoamerica21.com\/es\/wp-json\/wp\/v2\/posts\/5422\/revisions"}],"wp:featuredmedia":[{"embeddable":true,"href":"https:\/\/latinoamerica21.com\/es\/wp-json\/wp\/v2\/media\/5424"}],"wp:attachment":[{"href":"https:\/\/latinoamerica21.com\/es\/wp-json\/wp\/v2\/media?parent=5422"}],"wp:term":[{"taxonomy":"category","embeddable":true,"href":"https:\/\/latinoamerica21.com\/es\/wp-json\/wp\/v2\/categories?post=5422"},{"taxonomy":"post_tag","embeddable":true,"href":"https:\/\/latinoamerica21.com\/es\/wp-json\/wp\/v2\/tags?post=5422"},{"taxonomy":"gps","embeddable":true,"href":"https:\/\/latinoamerica21.com\/es\/wp-json\/wp\/v2\/gps?post=5422"}],"curies":[{"name":"wp","href":"https:\/\/api.w.org\/{rel}","templated":true}]}}