{"id":54874,"date":"2026-01-31T09:00:00","date_gmt":"2026-01-31T12:00:00","guid":{"rendered":"https:\/\/latinoamerica21.com\/?p=54874"},"modified":"2026-01-31T00:19:59","modified_gmt":"2026-01-31T03:19:59","slug":"crisis-hidricas-en-montevideo-y-rio-de-janeiro-una-oportunidad-para-la-privatizacion","status":"publish","type":"post","link":"https:\/\/latinoamerica21.com\/es\/crisis-hidricas-en-montevideo-y-rio-de-janeiro-una-oportunidad-para-la-privatizacion\/","title":{"rendered":"Crisis h\u00eddricas en Montevideo y R\u00edo de Janeiro: \u00bfuna oportunidad para la privatizaci\u00f3n?"},"content":{"rendered":"\n<p>En los \u00faltimos a\u00f1os, al menos dos metr\u00f3polis sudamericanas atravesaron falta de agua por razones de calidad o cantidad adecuadas. En 2020, la Regi\u00f3n Metropolitana de R\u00edo de Janeiro lidi\u00f3 con una emergencia h\u00eddrica debido a una contaminaci\u00f3n por geosmina, compuesto org\u00e1nico no t\u00f3xico producido por algas, que volvi\u00f3 \u201cdesagradable\u201d, seg\u00fan relatos de la ciudadan\u00eda, el olor del agua e hizo visible una crisis estructural de agua y saneamiento. Y en 2023, el \u00c1rea Metropolitana de Montevideo vivi\u00f3 una crisis que puso en jaque a aproximadamente 1,5 millones de personas, debido a una sequ\u00eda y al aumento en la salinidad del agua, dudas sobre la potabilidad y una sensaci\u00f3n generalizada de vulnerabilidad.<\/p>\n\n\n\n<p>A primera vista las crisis parecen diferentes: una por exceso de cloruro de sodio, otra por mal olor. Pero hay un patr\u00f3n com\u00fan: disputas por el modelo de gesti\u00f3n del agua, presiones del sector privado (interesados en ingresar al mercado de distribuci\u00f3n), crisis de gesti\u00f3n debido al<a href=\"https:\/\/redi.anii.org.uy\/jspui\/handle\/20.500.12381\/3208\"> modelo predominantemente centralizado, poco participativo y con gran asimetria de poder en la gobernanza<\/a> y narrativas oficiales que buscaron enmascarar responsabilidades. Estas fueron algunas de las reflexiones surgidas en la mesa redonda<a href=\"https:\/\/www.youtube.com\/watch?v=uwDz0f-r4pE\"> \u201c\u00bfQu\u00e9 surge primero: las crisis h\u00eddricas, las soluciones hidr\u00e1ulicas o el involucramiento de empresas privadas? Reflexiones sobre Montevideo y R\u00edo de Janeiro\u201d<\/a>, en la que participaron los expertos Mar\u00eda Selva Ortiz, \u00c1lvaro Briano y Ana Lucia Britto, en el marco del proyecto \u201cDimensiones hidrosociales de la crisis h\u00eddrica en la Regi\u00f3n Metropolitana de Montevideo\u201d, junto al PRIDES (Facultad de Ciencias Sociales) y la Unidad de Ciencia y Desarrollo (Facultad de Ciencias) de la Universidad de la Rep\u00fablica.<\/p>\n\n\n\n<figure class=\"wp-block-image size-large\"><a href=\"https:\/\/dona.latinoamerica21.com\/\"><img loading=\"lazy\" decoding=\"async\" width=\"1024\" height=\"190\" src=\"https:\/\/latinoamerica21.com\/wp-content\/uploads\/2025\/09\/L21-Banner-2-1-1024x190.png\" alt=\"\" class=\"wp-image-51423\" srcset=\"https:\/\/latinoamerica21.com\/wp-content\/uploads\/2025\/09\/L21-Banner-2-1-1024x190.png 1024w, https:\/\/latinoamerica21.com\/wp-content\/uploads\/2025\/09\/L21-Banner-2-1-300x56.png 300w, https:\/\/latinoamerica21.com\/wp-content\/uploads\/2025\/09\/L21-Banner-2-1-768x142.png 768w, https:\/\/latinoamerica21.com\/wp-content\/uploads\/2025\/09\/L21-Banner-2-1-1536x284.png 1536w, https:\/\/latinoamerica21.com\/wp-content\/uploads\/2025\/09\/L21-Banner-2-1-2048x379.png 2048w, https:\/\/latinoamerica21.com\/wp-content\/uploads\/2025\/09\/L21-Banner-2-1-150x28.png 150w, https:\/\/latinoamerica21.com\/wp-content\/uploads\/2025\/09\/L21-Banner-2-1-696x129.png 696w, https:\/\/latinoamerica21.com\/wp-content\/uploads\/2025\/09\/L21-Banner-2-1-1068x198.png 1068w, https:\/\/latinoamerica21.com\/wp-content\/uploads\/2025\/09\/L21-Banner-2-1-1920x356.png 1920w\" sizes=\"auto, (max-width: 1024px) 100vw, 1024px\" \/><\/a><\/figure>\n\n\n\n<p><strong>La naturalizaci\u00f3n de las causas<\/strong><\/p>\n\n\n\n<p>El discurso oficial y ciertos medios responsabilizaron a la sequ\u00eda, la variabilidad clim\u00e1tica y fen\u00f3menos ambientales como las floraciones algales o de geosmina. En Montevideo, el aumento de la salinidad del agua que pas\u00f3 a ser definida como \u201cbebible\u201d (nueva categor\u00eda usada para sustituir la de agua potable) y las restricciones h\u00eddricas fueron explicados como consecuencia del bajo caudal del r\u00edo Santa Luc\u00eda (que desemboca en el estuario del R\u00edo de la Plata) y la sequ\u00eda prolongada. Sin embargo, ese diagn\u00f3stico omite las decisiones que llevaron a demoras en inversiones, falta de mantenimiento de redes hidr\u00e1ulicas, las dificultades y atrasos en la implementaci\u00f3n de las medidas de gesti\u00f3n previstas para la cuenca, participaci\u00f3n social limitada, entre otros.<\/p>\n\n\n\n<p>De forma similar, en R\u00edo de Janeiro la contaminaci\u00f3n cr\u00f3nica de la cuenca del r\u00edo Guandu, fuente de agua para m\u00e1s de 9 millones de personas,<a href=\"https:\/\/periodicos.furg.br\/rbhcs\/article\/view\/10748\/pdf\"> la hist\u00f3rica subinversi\u00f3n en agua y saneamiento<\/a> y una gesti\u00f3n marcada por negligencias preceden al episodio de geosmina. A ello se suma la &nbsp;&nbsp;&nbsp;&nbsp;&nbsp;comprensi\u00f3n de un problema estrictamente t\u00e9cnico, la despolitizaci\u00f3n y baja participaci\u00f3n social en la gesti\u00f3n, marcada por decisiones \u201cintencionalmente\u201d deficientes. Esto incluye la no interrupci\u00f3n de toma de agua bruta cuando las condiciones no eran adecuadas para su tratamiento, con la consecuente distribuci\u00f3n de agua con patrones organol\u00e9pticos alterados (olor y sabor) para toda la metr\u00f3poli. La narrativa p\u00fablica no busc\u00f3 minimizar la alarma (por el contrario, contribuy\u00f3 a amplificarla), funcionando la crisis como uno de los factores que sostuvieron y legitimaron una agenda privatizadora ya en marcha, iniciada tras la sanci\u00f3n de la Ley n\u00ba 14.026\/2020.<\/p>\n\n\n\n<p>En s\u00edntesis, en ambos casos, las crisis se explicaron parcialmente como fen\u00f3menos naturales o de naturaleza t\u00e9cnica, aunque ten\u00edan ra\u00edces profundamente pol\u00edticas e institucionales.<\/p>\n\n\n\n<p><strong>La escasez hidrosocial y las oportunidades de privatizaci\u00f3n<\/strong><\/p>\n\n\n\n<p>Si nos planteamos entender estas crisis a partir del concepto de escasez hidrosocial, formulado por la experta Ana L\u00facia Britto, podemos comprenderlas no como consecuencias ambientales o naturales, sino como producto de decisiones institucionales, modelos de desarrollo, desigualdades y relaciones de poder. En un contexto ideal, el agua ser\u00eda garantizada como derecho humano y gestionada de forma participativa, sin embargo, cuando el Estado no realiza inversiones necesarias, prioriza intereses econ\u00f3micos o subestima la participaci\u00f3n social, el resultado es la escasez que afect\u00f3 a millones de personas.<\/p>\n\n\n\n<p>En el caso uruguayo, la vulnerabilidad del suministro depende hoy de decisiones de inversi\u00f3n de largo plazo, del modelo de gesti\u00f3n elegido para la cuenca del Santa Luc\u00eda (que prioriza el sector productivo agropecuario), y del mantenimiento de la red de distribuci\u00f3n. En<a href=\"https:\/\/journals.openedition.org\/geografares\/4259\"> R\u00edo de Janeiro<\/a>, la escasez surge de un entramado de desigualdades territoriales, concentraci\u00f3n del abastecimiento, fragilidad institucional y un modelo t\u00e9cnico centralizado, junto a una hist\u00f3rica baja inversi\u00f3n en infraestructura y falencias en la cobertura de agua y saneamiento. A estos factores se sum\u00f3 la crisis econ\u00f3mica y fiscal del estado de R\u00edo de Janeiro, que favoreci\u00f3 la privatizaci\u00f3n del sector.<\/p>\n\n\n\n<p>Muchas veces se plantea que las crisis h\u00eddricas pueden convertirse en ventanas de oportunidad para reconfigurar la gobernanza del agua. El<a href=\"https:\/\/www.researchgate.net\/publication\/327353513_As_duas_faces_da_crise_hidrica_escassez_e_despolitizacao_do_acesso_a_agua_na_Regiao_Metropolitana_do_Rio_de_Janeiro\"> caso de R\u00edo<\/a> nos muestra c\u00f3mo la contaminaci\u00f3n fue utilizada para deslegitimar a la empresa p\u00fablica de agua y saneamiento (la CEDAE), que, junto a otros factores llev\u00f3 a la concesi\u00f3n de los servicios a privados en 2021.<\/p>\n\n\n\n<p>En Montevideo, la crisis de 2023 reactiv\u00f3 el debate sobre grandes obras hidr\u00e1ulicas, tal como el<a href=\"https:\/\/www.frontiersin.org\/journals\/sustainable-cities\/articles\/10.3389\/frsc.2023.1207652\/full\"> Proyecto Neptuno<\/a>, propuesto por un consorcio de empresas privadas y aprobado durante el gobierno anterior, defendidas como soluciones estructurales bajo la bandera de \u201cseguridad h\u00eddrica\u201d. A diferencia del caso de R\u00edo de Janeiro, la agenda privatizadora en Uruguay fue parcialmente contenida, en buena medida por la movilizaci\u00f3n social y el cambio pol\u00edtico que actualmente renegocia otros proyectos hidr\u00e1ulicos con el consorcio privado.<\/p>\n\n\n\n<p><strong>Consideraciones finales<\/strong><\/p>\n\n\n\n<p>Las crisis h\u00eddricas revelan qu\u00e9 se prioriza en nuestras sociedades: qui\u00e9n decide, qui\u00e9n se beneficia, qui\u00e9n queda afuera y qu\u00e9 tipo de relaci\u00f3n imaginamos con un bien fundamental para la vida.<\/p>\n\n\n\n<p>Las crisis h\u00eddricas metropolitanas del siglo XXI no se definen solo por el agua que falta o por la mala calidad del agua que llega a los hogares. Se definen por la forma en que Estados, empresas y sociedades movilizan -o no- capacidades pol\u00edticas para enfrentarlas. Los casos de Montevideo y R\u00edo de Janeiro muestran que lo que est\u00e1 en juego no es solo la gesti\u00f3n del agua, es tambi\u00e9n el modelo de gesti\u00f3n de los territorios de las cuencas hidrogr\u00e1ficas, de la infraestructura de saneamiento y del medio urbano. En ambos casos, lo t\u00e9cnico y lo pol\u00edtico no pueden separarse: la crisis del agua no es solo un problema ambiental (o natural) o una falla t\u00e9cnica, sino las se\u00f1ales de grandes falencias de un modelo de gesti\u00f3n.<\/p>\n\n\n\n<p>Los ciclos pol\u00edticos cambian, pero el paradigma hidr\u00e1ulico permanece. Sea mediante contratos heredados, flexibilizaciones normativas o nuevas obras presentadas como indispensables para la seguridad h\u00eddrica, las crisis terminan consolidando un mismo modelo que privilegia las obras para infraestructura y la participaci\u00f3n privada por encima de alternativas democratizadoras de la gesti\u00f3n de un bien com\u00fan. Frente a esta situaci\u00f3n, debemos preguntarnos: \u00bfpueden las crisis conducir tambi\u00e9n a fortalecer la gesti\u00f3n del agua como bien com\u00fan y derecho humano? \u00bfo terminar\u00e1n siempre siendo un camino para soluciones que involucren a los sectores privados con inter\u00e9s en los servicios de abastecimiento de agua?<\/p>\n","protected":false},"excerpt":{"rendered":"<p>Las crisis h\u00eddricas en Montevideo y R\u00edo de Janeiro revelan c\u00f3mo la falta de agua se convierte en una oportunidad para privatizar un recurso que deber\u00eda ser un derecho p\u00fablico.<\/p>\n","protected":false},"author":471,"featured_media":54875,"comment_status":"closed","ping_status":"closed","sticky":false,"template":"","format":"standard","meta":{"_acf_changed":false,"episode_type":"","audio_file":"","cover_image":"","cover_image_id":"","duration":"","filesize":"","filesize_raw":"","date_recorded":"","explicit":"","block":"","itunes_episode_number":"","itunes_title":"","itunes_season_number":"","itunes_episode_type":"","footnotes":""},"categories":[16652],"tags":[14126],"gps":[],"class_list":{"0":"post-54874","1":"post","2":"type-post","3":"status-publish","4":"format-standard","5":"has-post-thumbnail","7":"category-agua","8":"tag-debates-br-es"},"acf":[],"_links":{"self":[{"href":"https:\/\/latinoamerica21.com\/es\/wp-json\/wp\/v2\/posts\/54874","targetHints":{"allow":["GET"]}}],"collection":[{"href":"https:\/\/latinoamerica21.com\/es\/wp-json\/wp\/v2\/posts"}],"about":[{"href":"https:\/\/latinoamerica21.com\/es\/wp-json\/wp\/v2\/types\/post"}],"author":[{"embeddable":true,"href":"https:\/\/latinoamerica21.com\/es\/wp-json\/wp\/v2\/users\/471"}],"replies":[{"embeddable":true,"href":"https:\/\/latinoamerica21.com\/es\/wp-json\/wp\/v2\/comments?post=54874"}],"version-history":[{"count":0,"href":"https:\/\/latinoamerica21.com\/es\/wp-json\/wp\/v2\/posts\/54874\/revisions"}],"wp:featuredmedia":[{"embeddable":true,"href":"https:\/\/latinoamerica21.com\/es\/wp-json\/wp\/v2\/media\/54875"}],"wp:attachment":[{"href":"https:\/\/latinoamerica21.com\/es\/wp-json\/wp\/v2\/media?parent=54874"}],"wp:term":[{"taxonomy":"category","embeddable":true,"href":"https:\/\/latinoamerica21.com\/es\/wp-json\/wp\/v2\/categories?post=54874"},{"taxonomy":"post_tag","embeddable":true,"href":"https:\/\/latinoamerica21.com\/es\/wp-json\/wp\/v2\/tags?post=54874"},{"taxonomy":"gps","embeddable":true,"href":"https:\/\/latinoamerica21.com\/es\/wp-json\/wp\/v2\/gps?post=54874"}],"curies":[{"name":"wp","href":"https:\/\/api.w.org\/{rel}","templated":true}]}}