{"id":56181,"date":"2026-04-27T09:00:00","date_gmt":"2026-04-27T12:00:00","guid":{"rendered":"https:\/\/latinoamerica21.com\/?p=56181"},"modified":"2026-04-24T13:16:48","modified_gmt":"2026-04-24T16:16:48","slug":"la-cuenta-regresiva-del-obradorismo","status":"publish","type":"post","link":"https:\/\/latinoamerica21.com\/es\/la-cuenta-regresiva-del-obradorismo\/","title":{"rendered":"\u00bfLa cuenta regresiva del obradorismo?"},"content":{"rendered":"\n<p>El <a href=\"https:\/\/www.v-dem.net\/documents\/75\/V-Dem_Institute_Democracy_Report_2026_lowres.pdf\">Informe sobre la Democracia 2026 del V-Dem Institute<\/a>, un an\u00e1lisis acad\u00e9mico global coordinado por la Universidad de Gotemburgo que mide y clasifica la calidad de la democracia en el mundo, se\u00f1ala que el sistema pol\u00edtico mexicano ha transitado de una democracia liberal a una \u201cautocracia electoral\u201d. Esta calificaci\u00f3n regresiva llega en un mal momento para el gobierno de la presidenta Claudia Sheinbaum, que se enfrenta a las presiones estadounidenses y a las m\u00faltiples elecciones que se celebrar\u00e1n el 6 de junio de 2027 en M\u00e9xico.&nbsp;<\/p>\n\n\n\n<p>No hay dudas de que el presidente de Estados Unidos, Donald Trump, tomar\u00e1 nota de este informe y lo agregar\u00e1 a su discurso de que en M\u00e9xico existe un \u201cnarcoestado\u201d y de que la presidenta Sheinbaum no lo reconoce porque tiene miedo de combatir a los c\u00e1rteles del crimen organizado.&nbsp;<\/p>\n\n\n\n<figure class=\"wp-block-image size-large\"><img loading=\"lazy\" decoding=\"async\" width=\"1024\" height=\"190\" src=\"https:\/\/latinoamerica21.com\/wp-content\/uploads\/2025\/09\/L21-Banner-2-1-1024x190.png\" alt=\"\" class=\"wp-image-51423\" srcset=\"https:\/\/latinoamerica21.com\/wp-content\/uploads\/2025\/09\/L21-Banner-2-1-1024x190.png 1024w, https:\/\/latinoamerica21.com\/wp-content\/uploads\/2025\/09\/L21-Banner-2-1-300x56.png 300w, https:\/\/latinoamerica21.com\/wp-content\/uploads\/2025\/09\/L21-Banner-2-1-768x142.png 768w, https:\/\/latinoamerica21.com\/wp-content\/uploads\/2025\/09\/L21-Banner-2-1-1536x284.png 1536w, https:\/\/latinoamerica21.com\/wp-content\/uploads\/2025\/09\/L21-Banner-2-1-2048x379.png 2048w, https:\/\/latinoamerica21.com\/wp-content\/uploads\/2025\/09\/L21-Banner-2-1-150x28.png 150w, https:\/\/latinoamerica21.com\/wp-content\/uploads\/2025\/09\/L21-Banner-2-1-696x129.png 696w, https:\/\/latinoamerica21.com\/wp-content\/uploads\/2025\/09\/L21-Banner-2-1-1068x198.png 1068w, https:\/\/latinoamerica21.com\/wp-content\/uploads\/2025\/09\/L21-Banner-2-1-1920x356.png 1920w\" sizes=\"auto, (max-width: 1024px) 100vw, 1024px\" \/><\/figure>\n\n\n\n<p>El informe llega en mal momento tambi\u00e9n porque, aunque ahora seg\u00fan el oficialismo el nivel de aprobaci\u00f3n de la presidenta es de m\u00e1s del 70%, en el poder legislativo la unidad entre Morena y sus aliados, el Partido Verde Ecologista de M\u00e9xico (PVEM) y el Partido del Trabajo (PT), tiene grietas: una comisi\u00f3n presidencial integrada \u00fanicamente por militantes y funcionarios morenistas elabor\u00f3 una iniciativa de reforma constitucional y reglamentaria que buscaba, con poco tacto, empoderar m\u00e1s a Morena pasando por encima de los intereses de sus aliados pol\u00edticos.&nbsp;<\/p>\n\n\n\n<p>El llamado Plan A de la reforma electoral constitucional contemplaba una serie de cambios que iban contra el financiamiento p\u00fablico a partidos pol\u00edticos y promov\u00edan un nuevo modelo de representaci\u00f3n pol\u00edtica que no fue avalado ni por la oposici\u00f3n tradicional ni por los partidos aliados de Morena en el Congreso de la Uni\u00f3n.&nbsp;<\/p>\n\n\n\n<p>Este rechazo provoc\u00f3 una embestida innecesaria contra quienes romp\u00edan la unidad o, mejor, rechazaban el papel sumiso que le asignaba el oficialismo. La quiebra logr\u00f3 repararse parcialmente con modificaciones al proyecto original, el llamado Plan B, que logr\u00f3 alinear al Partido Verde pero no al Partido del Trabajo, que ideol\u00f3gicamente est\u00e1 m\u00e1s a la izquierda del oficialismo.&nbsp;<\/p>\n\n\n\n<p>Sin el voto de seis senadores del Partido del Trabajo no era posible alcanzar la mayor\u00eda calificada que implicaba un cambio en el pacto constitucional en este tipo de reformas, que exigen las dos terceras partes de ambas c\u00e1maras. Ante esta realidad, la consulta de revocaci\u00f3n de mandato prevista en la Constituci\u00f3n \u2014un instrumento impulsado durante el mandato del presidente L\u00f3pez Obrador por el que el presidente se somete a la opini\u00f3n de los ciudadanos para determinar si debe continuar en el cargo o ser relevado\u2014 no se celebrar\u00e1 en forma concurrente a las elecciones constitucionales de 2027 sino, como est\u00e1 previsto, en 2028, sin campa\u00f1as, ni injerencia legal, de los partidos pol\u00edticos.&nbsp;<\/p>\n\n\n\n<p>Esa consulta pondr\u00e1 a prueba el alto nivel de aprobaci\u00f3n que tiene Sheinbaum en las encuestas de percepci\u00f3n. Si la presidenta traduce esa aprobaci\u00f3n en una victoria, la consulta le servir\u00e1 para distanciarse de L\u00f3pez Obrador y decidir sin interferencias en los comicios presidenciales de 2030. Pero si es rechazada por m\u00e1s del 40% de los participantes, tendr\u00e1 que abandonar el cargo y ser sustituida por alguien a quien nombre el Congreso de la Uni\u00f3n. Ser\u00eda un golpe definitivo para la presidenta Sheinbaum y el llamado segundo piso de la 4T.&nbsp;<\/p>\n\n\n\n<p>En ese caso, y aun cuando en el relevo ponga a un morenista, se mostrar\u00eda que no tiene el apoyo del que presume, y tampoco un partido, un movimiento pol\u00edtico, lo suficientemente arraigado en el \u201cpueblo\u201d de M\u00e9xico. Por el contrario, se har\u00eda visible una estratagema medi\u00e1tica insostenible que busca instalar la idea de que este partido es el \u00fanico capaz de gobernar.&nbsp;<\/p>\n\n\n\n<p>As\u00ed, haber presentado una iniciativa excluyente, sin el consenso de la oposici\u00f3n o, peor, sin considerar los intereses de sus aliados, fue un error de c\u00e1lculo que estaba destinado a ser rechazado en la votaci\u00f3n senatorial; o quiz\u00e1s, por qu\u00e9 no, una jugada del expresidente L\u00f3pez Obrador para mantener alineada a Sheinbaum a sus intereses.&nbsp;<\/p>\n\n\n\n<p>Ahora la presidenta tiene un triple desaf\u00edo: restablecer la confianza entre los partidos que conforman la coalici\u00f3n Sigamos Haciendo Historia, conservar la coalici\u00f3n para los comicios de 2027 y ganar ampliamente la consulta de revocaci\u00f3n de mandato.&nbsp;<\/p>\n\n\n\n<p>Sin embargo, en estos d\u00edas amargos para la presidenta Sheinbaum, la pol\u00edtica sigue su curso dentro de los partidos aliados, que han demostrado que Morena, sin sus votos, no es lo que se vende en el mundo. Ahora saben, dada la arrogancia mostrada en el texto constitucional, que tienen un peso espec\u00edfico m\u00e1s all\u00e1 de chantajes y arreglos pol\u00edticos e ideol\u00f3gicos.&nbsp;<\/p>\n\n\n\n<p>La muestra de ese poder se observa en las disputas pol\u00edticas anticipadas en algunos estados del pa\u00eds, donde liderazgos locales est\u00e1n marcando el rumbo. Esto obliga a realizar una operaci\u00f3n pol\u00edtica importante de cara a las candidaturas para la C\u00e1mara de Diputados y para los 17 de los 32 estados que renovar\u00e1n sus gobiernos en junio de 2027.<\/p>\n\n\n\n<p>El pron\u00f3stico es que no necesariamente Morena y sus aliados tendr\u00e1n coaliciones en todos lados. Si bien podr\u00eda ser que sigan siendo coalici\u00f3n en la mayor\u00eda de los distritos electorales, en otros podr\u00edan ir solos, con sus candidatos o en coalici\u00f3n con el Partido Verde y el Partido de los Trabajadores, y no hay que descartar, en otros distritos, coaliciones con la oposici\u00f3n tradicional del PAN, el PRI o Movimiento Ciudadano, cosa que debe de preocupar a los estrategas de Palacio Nacional y de Morena por haber abierto esta caja de Pandora.&nbsp;<\/p>\n\n\n\n<p>Independientemente del desenlace que pueda darse en 2027, lo evidente es que no ser\u00e1n elecciones como las de 2024, y previsiblemente, al final, si se mantiene la tendencia de rupturas y reacomodos, habr\u00e1 una nueva distribuci\u00f3n del poder en la C\u00e1mara de Diputados y los estados de la federaci\u00f3n.&nbsp;<\/p>\n\n\n\n<p>Sin embargo, los resultados que pudiera haber en 2027 no ser\u00e1n suficientes para contradecir el informe sueco sobre la calidad de la democracia, que la define como una \u201cautocracia electoral\u201d. Esta realidad no se puede revertir porque ser\u00eda necesaria no solo una nueva mayor\u00eda en la C\u00e1mara de Diputados, sino tambi\u00e9n en la de Senadores, y esto no estar\u00e1 en juego en 2027, sino en 2030. Cualquier reversa exige tener en ambas c\u00e1maras la mayor\u00eda calificada y mayor\u00eda en 18 Congresos locales.&nbsp;<\/p>\n\n\n\n<p>Finalmente, algo que destacar en todo esto es que la gran coalici\u00f3n que se form\u00f3 en 2018 y se ratific\u00f3 en 2024 a favor del obradorismo ya no tiene el fuelle que tuvo durante la presidencia de L\u00f3pez Obrador. Sostenerla exige mucho clientelismo y una renovaci\u00f3n pol\u00edtica y pactos. No solo con los aliados, sino tambi\u00e9n con la oposici\u00f3n tradicional, que es necesaria ante la embestida del presidente estadounidense, Donald Trump, que pega una y otra vez en el \u00e1ngulo pol\u00edtico donde est\u00e1n actores morenistas presumiblemente vinculados a los c\u00e1rteles del crimen organizado. Y m\u00e1s en estos d\u00edas, cuando est\u00e1n en curso las negociaciones sobre la continuidad del T-MEC.<\/p>\n","protected":false},"excerpt":{"rendered":"<p>El obradorismo enfrenta su prueba m\u00e1s cr\u00edtica entre divisiones internas, presi\u00f3n de EE.UU. y el riesgo pol\u00edtico de la revocaci\u00f3n de mandato.<\/p>\n","protected":false},"author":331,"featured_media":56182,"comment_status":"closed","ping_status":"closed","sticky":false,"template":"","format":"standard","meta":{"_acf_changed":false,"episode_type":"","audio_file":"","cover_image":"","cover_image_id":"","duration":"","filesize":"","filesize_raw":"","date_recorded":"","explicit":"","block":"","itunes_episode_number":"","itunes_title":"","itunes_season_number":"","itunes_episode_type":"","footnotes":""},"categories":[16466,16468],"tags":[14126],"gps":[],"class_list":{"0":"post-56181","1":"post","2":"type-post","3":"status-publish","4":"format-standard","5":"has-post-thumbnail","7":"category-mexico","8":"category-politica","9":"tag-debates-br-es"},"acf":[],"_links":{"self":[{"href":"https:\/\/latinoamerica21.com\/es\/wp-json\/wp\/v2\/posts\/56181","targetHints":{"allow":["GET"]}}],"collection":[{"href":"https:\/\/latinoamerica21.com\/es\/wp-json\/wp\/v2\/posts"}],"about":[{"href":"https:\/\/latinoamerica21.com\/es\/wp-json\/wp\/v2\/types\/post"}],"author":[{"embeddable":true,"href":"https:\/\/latinoamerica21.com\/es\/wp-json\/wp\/v2\/users\/331"}],"replies":[{"embeddable":true,"href":"https:\/\/latinoamerica21.com\/es\/wp-json\/wp\/v2\/comments?post=56181"}],"version-history":[{"count":1,"href":"https:\/\/latinoamerica21.com\/es\/wp-json\/wp\/v2\/posts\/56181\/revisions"}],"predecessor-version":[{"id":56185,"href":"https:\/\/latinoamerica21.com\/es\/wp-json\/wp\/v2\/posts\/56181\/revisions\/56185"}],"wp:featuredmedia":[{"embeddable":true,"href":"https:\/\/latinoamerica21.com\/es\/wp-json\/wp\/v2\/media\/56182"}],"wp:attachment":[{"href":"https:\/\/latinoamerica21.com\/es\/wp-json\/wp\/v2\/media?parent=56181"}],"wp:term":[{"taxonomy":"category","embeddable":true,"href":"https:\/\/latinoamerica21.com\/es\/wp-json\/wp\/v2\/categories?post=56181"},{"taxonomy":"post_tag","embeddable":true,"href":"https:\/\/latinoamerica21.com\/es\/wp-json\/wp\/v2\/tags?post=56181"},{"taxonomy":"gps","embeddable":true,"href":"https:\/\/latinoamerica21.com\/es\/wp-json\/wp\/v2\/gps?post=56181"}],"curies":[{"name":"wp","href":"https:\/\/api.w.org\/{rel}","templated":true}]}}