{"id":56186,"date":"2026-04-26T08:00:00","date_gmt":"2026-04-26T11:00:00","guid":{"rendered":"https:\/\/latinoamerica21.com\/?p=56186"},"modified":"2026-04-26T06:23:09","modified_gmt":"2026-04-26T09:23:09","slug":"presidentes-semi-dioses-y-teologias-de-segunda","status":"publish","type":"post","link":"https:\/\/latinoamerica21.com\/es\/presidentes-semi-dioses-y-teologias-de-segunda\/","title":{"rendered":"Presidentes, semi-dioses y teolog\u00edas de segunda"},"content":{"rendered":"\n<p>No hay duda que para ser presidente de un pa\u00eds se debe tener una buena dosis de egocentrismo. Por lo menos, se debe creer que uno tiene la f\u00f3rmula para arreglar los problemas de su pa\u00eds, e incluso del mundo. Hay, sin embargo, casos patol\u00f3gicos de narcisismo entre presidentes poderosos. Y esto hace que estos personajes tan singulares rompan con el protocolo, con las normas escritas y no escritas, y, hoy en d\u00eda, gracias a las tecnolog\u00edas digitales y la IA, proyecten su imagen p\u00fablicamente con elementos espirituales y cuasi-teol\u00f3gicos.<\/p>\n\n\n\n<p>Viene a la cabeza el presidente Donald Trump y su reciente controversia con el Papa Le\u00f3n XIV. El jefe de la Iglesia cat\u00f3lica ha abogado por la paz, como se podr\u00eda esperar. Trump lo ha tomado como una cr\u00edtica a su pol\u00edtica hacia Ir\u00e1n. El vice-Presidente JD Vance se ha metido en la mel\u00e9 para decirle al Papa que sea \u201cm\u00e1s cuidadoso a la hora de hablar de teolog\u00eda\u201d. Y para m\u00e1s inri, Trump hab\u00eda decidido publicar una <a href=\"https:\/\/www.bbc.com\/mundo\/articles\/cj60dggy1p0o\">estampita<\/a> en su red digital donde aparece vestido con una t\u00fanica cr\u00edstica curando a un hombre convaleciente con el \u201cpoder\u201d de una lucecita que sale de su mano, en una escena celestial-apocal\u00edptica. El presidente de Estados Unidos tuvo que borrar la controversial estampita. Despu\u00e9s difundi\u00f3 <a href=\"https:\/\/es.euronews.com\/2026\/04\/16\/trump-publica-una-nueva-foto-con-jesus-tras-la-ira-catolica\">otra imagen<\/a> en la que se le ve al lado de un Jes\u00fas que lo abraza.<\/p>\n\n\n\n<figure class=\"wp-block-image size-large\"><a href=\"https:\/\/dona.latinoamerica21.com\/\"><img loading=\"lazy\" decoding=\"async\" width=\"1024\" height=\"190\" src=\"https:\/\/latinoamerica21.com\/wp-content\/uploads\/2025\/09\/L21-Banner-2-1-1024x190.png\" alt=\"\" class=\"wp-image-51423\" srcset=\"https:\/\/latinoamerica21.com\/wp-content\/uploads\/2025\/09\/L21-Banner-2-1-1024x190.png 1024w, https:\/\/latinoamerica21.com\/wp-content\/uploads\/2025\/09\/L21-Banner-2-1-300x56.png 300w, https:\/\/latinoamerica21.com\/wp-content\/uploads\/2025\/09\/L21-Banner-2-1-768x142.png 768w, https:\/\/latinoamerica21.com\/wp-content\/uploads\/2025\/09\/L21-Banner-2-1-1536x284.png 1536w, https:\/\/latinoamerica21.com\/wp-content\/uploads\/2025\/09\/L21-Banner-2-1-2048x379.png 2048w, https:\/\/latinoamerica21.com\/wp-content\/uploads\/2025\/09\/L21-Banner-2-1-150x28.png 150w, https:\/\/latinoamerica21.com\/wp-content\/uploads\/2025\/09\/L21-Banner-2-1-696x129.png 696w, https:\/\/latinoamerica21.com\/wp-content\/uploads\/2025\/09\/L21-Banner-2-1-1068x198.png 1068w, https:\/\/latinoamerica21.com\/wp-content\/uploads\/2025\/09\/L21-Banner-2-1-1920x356.png 1920w\" sizes=\"auto, (max-width: 1024px) 100vw, 1024px\" \/><\/a><\/figure>\n\n\n\n<p>En Latinoam\u00e9rica los presidentes endiosados tienen antecedentes. Aunque no fue presidenta de Argentina, Eva Per\u00f3n, la<a href=\"https:\/\/www.loboesteparioblog.com\/single-post\/2019\/02\/22\/santa-evita-1995-de-tom%C3%A1s-eloy-mart%C3%ADnez\"> Santa Evita<\/a> a la que el periodista Tom\u00e1s Eloy Mart\u00ednez le dedic\u00f3 una excelente novela, vivi\u00f3 su pasi\u00f3n y muerte a la vista de los fan\u00e1ticos de la \u201cSe\u00f1ora\u201d como la llamaban. Evita fue, a su manera, un producto de la cultura popular. Actriz de radio-novelas, entend\u00eda muy bien la importancia de los medios de comunicaci\u00f3n en la pol\u00edtica. Como lo escribiera<a href=\"http:\/\/borgestodoelanio.blogspot.ca\/2015\/10\/jorge-luis-borges-lillusion-comique.html\"> Jorge Luis Borges<\/a>, la presidencia de Juan Domingo Per\u00f3n y Evita (fueron un duo pol\u00edtico-m\u00edtico) estuvo marcada por<\/p>\n\n\n\n<p class=\"has-text-align-center\">\u201c[\u2026] a\u00f1os de oprobio y bober\u00eda, los m\u00e9todos de la propaganda comercial y de la <em>lit\u00e9rature pour concierges<\/em> fueron aplicados al gobierno de la rep\u00fablica. Hubo as\u00ed dos historias: una, de \u00edndole criminal, hecha de c\u00e1rceles, torturas, prostituciones, robos, muertes e incendios; otra, de car\u00e1cter esc\u00e9nico, hecha de necedades y f\u00e1bulas para consumo de patanes [\u2026]\u201d<\/p>\n\n\n\n<p>Otro ejemplo m\u00e1s reciente es el de Hugo Ch\u00e1vez en Venezuela. Asumi\u00f3 en varias ocasiones papeles de demiurgo. La m\u00e1s destaca de esas ocasiones fue la apertura del sarc\u00f3fago de Sim\u00f3n Bol\u00edvar el 16 de julio de 2010. La <a href=\"https:\/\/www.youtube.com\/watch?v=2HMq1FKxW68\">transmiti\u00f3<\/a> <em>Urbi et Orbi <\/em>por televisi\u00f3n, un evento entre lo grotesco y lo ritual, en el que Ch\u00e1vez pretend\u00eda asumir el papel de nuevo Libertador mostr\u00e1ndole al mundo el esquel\u00e9tico cad\u00e1ver del h\u00e9roe patri\u00f3tico, a quien el presidente hab\u00eda bajado simb\u00f3licamente de los altares para rebajarlo al pozo de la muerte.<\/p>\n\n\n\n<p>El otro momento fue cuando Ch\u00e1vez asumi\u00f3 el papel de sacerdote cat\u00f3lico en una cuasi homil\u00eda que dio, entre llantos (imploraba por la sanaci\u00f3n del c\u00e1ncer que lo mat\u00f3) y chistes (record\u00f3 el noviazgo de sus padres), en una misa de Jueves Santo el 5 de abril de 2012 en Sabaneta de Barinas (su lugar natal). Transmitida por <a href=\"https:\/\/www.youtube.com\/watch?v=XlyICaWyCXw\">televisi\u00f3n<\/a>, la improvisada alocuci\u00f3n de Ch\u00e1vez lo mostr\u00f3 muchas veces delante de un Nazareno cargando la cruz. De nuevo, el presidente-comandante buscaba confundirse con una figura religiosa (en esa ocasi\u00f3n con la m\u00e1s importante figura religiosa en una Venezuela mayoritariamente cat\u00f3lica).<\/p>\n\n\n\n<p><strong>Revoltillo entre pol\u00edtica y religi\u00f3n<\/strong><\/p>\n\n\n\n<p>La convergencia entre pol\u00edtica y religi\u00f3n marca hoy en d\u00eda varios de los conflictos mundiales. Los ayatol\u00e1s de Ir\u00e1n basan su ideolog\u00eda en un chiismo escatol\u00f3gico fundamentado en la idea de que habr\u00eda un decimosegundo y \u00faltimo <em>mahdi<\/em> (equivalente a un mes\u00edas) que estar\u00eda oculto. Para que el <em>mahdi<\/em> se revele, piensan los religiosos iran\u00edes, habr\u00eda que acelerar el Fin de los Tiempos, desatando una guerra de proporciones apocal\u00edpticas contra lo que los dirigentes iran\u00edes llaman el Gran Sat\u00e1n (EEUU) y el Peque\u00f1o Sat\u00e1n (Israel).<\/p>\n\n\n\n<p>En Israel algunas de las facciones del actual gobierno encabezado por Benjam\u00edn Netanyahu, se inspiran en un mesianismo nacionalista con el ojo puesto tambi\u00e9n en la redenci\u00f3n final. Es el caso del controvertido ministro de seguridad nacional, Itamar Ben-Gvir (partido <em>Otzma Yehudit<\/em>, \u201cPoder Jud\u00edo\u201d) y del tambi\u00e9n pol\u00e9mico ministro de finanzas, Bezalel Smotrich (Partido Religioso Sionista), quienes proponen una ideolog\u00eda de aspiraciones maximalistas seg\u00fan el cual Israel deber\u00eda ejercer la soberan\u00eda sobre todo el territorio desde el r\u00edo Jord\u00e1n hasta el mar Mediterr\u00e1neo.<\/p>\n\n\n\n<p>En la India el partido gobernante del primer ministro Narendra Modi, el llamado Partido Popular Indio, combina nacionalismo con hinduismo. Su programa reivindica los valores socio-religiosos del hinduismo, mantiene posiciones problem\u00e1ticas sobre la minor\u00eda musulmana de la India (alrededor del 14% de la poblaci\u00f3n), y sostiene posturas beligerantes contra su vecino de mayor\u00eda isl\u00e1mica, Pakist\u00e1n.<\/p>\n\n\n\n<p>Parece que el advenimiento de la modernidad no ha asegurado claramente la separaci\u00f3n entre \u201ciglesia y estado\u201d. El principio republicano derivado de las revoluciones del siglo XVIII de una divisi\u00f3n de los poderes terrenales y celestiales ha sido puesto a prueba varias veces en el siglo XXI. Despu\u00e9s de los ataques terroristas del 11 de septiembre de 2001 se ha invocado la cruzada contra los enemigos de Estados Unidos y Occidente (como lo hiciera el presidente George Bush), ha resurgido la tesis de Huntington sobre el choque de civilizaciones, y los populistas de derecha y de izquierda han jugado a conveniencia con una teolog\u00eda de segunda mano para justificar sus acciones b\u00e9licas o revolucionarias.<\/p>\n\n\n\n<p>Ya en 1978, en los proleg\u00f3menos de la revoluci\u00f3n isl\u00e1mica en Ir\u00e1n, el intelectual franc\u00e9s <a href=\"https:\/\/www.elnacional.com\/2020\/05\/foucault-y-la-fascinacion-de-la-izquierda-radical-por-la-republica-islamica-de-iran\/\">Michel Foucault<\/a> hab\u00eda observado con entusiasmo la \u201cespiritualizaci\u00f3n de la pol\u00edtica\u201d. Un ateo como \u00e9l, anti-disciplinario y anti-poder, vio en la islamizaci\u00f3n de Ir\u00e1n bajo el liderazgo del Ayatol\u00e1 Jomeini, una mezcla explosiva que cambiar\u00eda para siempre las relaciones de poder en el Medio Oriente y en el mundo isl\u00e1mico en general. No le falt\u00f3 raz\u00f3n a Foucault. Sin embargo, la explosiva mezcla entre religi\u00f3n y pol\u00edtica no asegura paz ni estabilidad. Los resultados est\u00e1n a la vista.<\/p>\n","protected":false},"excerpt":{"rendered":"<p>Del narcisismo presidencial a la sacralizaci\u00f3n del poder, l\u00edderes contempor\u00e1neos mezclan pol\u00edtica y religi\u00f3n en una peligrosa escenificaci\u00f3n que tensiona las democracias.<\/p>\n","protected":false},"author":263,"featured_media":56216,"comment_status":"closed","ping_status":"closed","sticky":false,"template":"","format":"standard","meta":{"_acf_changed":false,"episode_type":"","audio_file":"","cover_image":"","cover_image_id":"","duration":"","filesize":"","filesize_raw":"","date_recorded":"","explicit":"","block":"","itunes_episode_number":"","itunes_title":"","itunes_season_number":"","itunes_episode_type":"","footnotes":""},"categories":[16579,16468],"tags":[14128],"gps":[],"class_list":{"0":"post-56186","1":"post","2":"type-post","3":"status-publish","4":"format-standard","5":"has-post-thumbnail","7":"category-lideres-politicos","8":"category-politica","9":"tag-ideas-en-es"},"acf":[],"_links":{"self":[{"href":"https:\/\/latinoamerica21.com\/es\/wp-json\/wp\/v2\/posts\/56186","targetHints":{"allow":["GET"]}}],"collection":[{"href":"https:\/\/latinoamerica21.com\/es\/wp-json\/wp\/v2\/posts"}],"about":[{"href":"https:\/\/latinoamerica21.com\/es\/wp-json\/wp\/v2\/types\/post"}],"author":[{"embeddable":true,"href":"https:\/\/latinoamerica21.com\/es\/wp-json\/wp\/v2\/users\/263"}],"replies":[{"embeddable":true,"href":"https:\/\/latinoamerica21.com\/es\/wp-json\/wp\/v2\/comments?post=56186"}],"version-history":[{"count":1,"href":"https:\/\/latinoamerica21.com\/es\/wp-json\/wp\/v2\/posts\/56186\/revisions"}],"predecessor-version":[{"id":56187,"href":"https:\/\/latinoamerica21.com\/es\/wp-json\/wp\/v2\/posts\/56186\/revisions\/56187"}],"wp:featuredmedia":[{"embeddable":true,"href":"https:\/\/latinoamerica21.com\/es\/wp-json\/wp\/v2\/media\/56216"}],"wp:attachment":[{"href":"https:\/\/latinoamerica21.com\/es\/wp-json\/wp\/v2\/media?parent=56186"}],"wp:term":[{"taxonomy":"category","embeddable":true,"href":"https:\/\/latinoamerica21.com\/es\/wp-json\/wp\/v2\/categories?post=56186"},{"taxonomy":"post_tag","embeddable":true,"href":"https:\/\/latinoamerica21.com\/es\/wp-json\/wp\/v2\/tags?post=56186"},{"taxonomy":"gps","embeddable":true,"href":"https:\/\/latinoamerica21.com\/es\/wp-json\/wp\/v2\/gps?post=56186"}],"curies":[{"name":"wp","href":"https:\/\/api.w.org\/{rel}","templated":true}]}}