{"id":56229,"date":"2026-04-29T09:00:00","date_gmt":"2026-04-29T12:00:00","guid":{"rendered":"https:\/\/latinoamerica21.com\/?p=56229"},"modified":"2026-04-28T07:25:12","modified_gmt":"2026-04-28T10:25:12","slug":"prosperidad-en-america-latina-una-regionfragmentada","status":"publish","type":"post","link":"https:\/\/latinoamerica21.com\/es\/prosperidad-en-america-latina-una-regionfragmentada\/","title":{"rendered":"Prosperidad en Am\u00e9rica Latina: una regi\u00f3n fragmentada"},"content":{"rendered":"\n<p>Am\u00e9rica Latina y el Caribe (ALC) ha logrado avances significativos en las \u00faltimas d\u00e9cadas en educaci\u00f3n, salud, gobernanza democr\u00e1tica y reducci\u00f3n de la pobreza. Sin embargo, la regi\u00f3n sigue estancada. No porque no haya progreso, sino porque los avances en algunas \u00e1reas no se conectan sistem\u00e1ticamente con los de otras. El resultado es una regi\u00f3n donde los logros parciales rara vez se traducen en mejoras sostenidas en el nivel de vida.<\/p>\n\n\n\n<p><strong>Progreso sin rumbo<\/strong><\/p>\n\n\n\n<p>Un peque\u00f1o n\u00famero de pa\u00edses, entre ellos Chile, Costa Rica y Uruguay, combinan instituciones eficaces, amplio acceso a los servicios p\u00fablicos y entornos empresariales relativamente s\u00f3lidos. Demuestran que es posible alcanzar una mayor prosperidad dentro de las limitaciones de la regi\u00f3n.<\/p>\n\n\n\n<figure class=\"wp-block-image size-large\"><a href=\"https:\/\/dona.latinoamerica21.com\/\"><img loading=\"lazy\" decoding=\"async\" width=\"1024\" height=\"190\" src=\"https:\/\/latinoamerica21.com\/wp-content\/uploads\/2025\/09\/L21-Banner-2-1-1024x190.png\" alt=\"\" class=\"wp-image-51423\" srcset=\"https:\/\/latinoamerica21.com\/wp-content\/uploads\/2025\/09\/L21-Banner-2-1-1024x190.png 1024w, https:\/\/latinoamerica21.com\/wp-content\/uploads\/2025\/09\/L21-Banner-2-1-300x56.png 300w, https:\/\/latinoamerica21.com\/wp-content\/uploads\/2025\/09\/L21-Banner-2-1-768x142.png 768w, https:\/\/latinoamerica21.com\/wp-content\/uploads\/2025\/09\/L21-Banner-2-1-1536x284.png 1536w, https:\/\/latinoamerica21.com\/wp-content\/uploads\/2025\/09\/L21-Banner-2-1-2048x379.png 2048w, https:\/\/latinoamerica21.com\/wp-content\/uploads\/2025\/09\/L21-Banner-2-1-150x28.png 150w, https:\/\/latinoamerica21.com\/wp-content\/uploads\/2025\/09\/L21-Banner-2-1-696x129.png 696w, https:\/\/latinoamerica21.com\/wp-content\/uploads\/2025\/09\/L21-Banner-2-1-1068x198.png 1068w, https:\/\/latinoamerica21.com\/wp-content\/uploads\/2025\/09\/L21-Banner-2-1-1920x356.png 1920w\" sizes=\"auto, (max-width: 1024px) 100vw, 1024px\" \/><\/a><\/figure>\n\n\n\n<p>Pero son la excepci\u00f3n. La mayor\u00eda de los pa\u00edses de la regi\u00f3n han avanzado en algunos frentes mientras se estancan en otros. Un pa\u00eds puede fortalecer sus instituciones mientras su sector empresarial sigue siendo improductivo. Otro puede crecer econ\u00f3micamente mientras la desigualdad se agudiza. Otros pueden aumentar la matr\u00edcula escolar mientras la calidad de la educaci\u00f3n sigue siendo deficiente. Existen avances, pero no se conectan entre s\u00ed.<\/p>\n\n\n\n<p>Un grupo reducido de pa\u00edses enfrenta simult\u00e1neamente limitaciones en m\u00faltiples dimensiones. En estos casos, mejoras aisladas, como un a\u00f1o de mayor crecimiento y una nueva ley anticorrupci\u00f3n, no alteran el panorama general. Las debilidades en otras \u00e1reas permanecen demasiado arraigadas.<\/p>\n\n\n\n<p><strong>Crecimiento que no transforma<\/strong><\/p>\n\n\n\n<p>Am\u00e9rica Latina y el Caribe ha experimentado per\u00edodos de aut\u00e9ntica expansi\u00f3n econ\u00f3mica. El auge de las materias primas en la d\u00e9cada de 2000 sac\u00f3 a millones de personas de la pobreza y expandi\u00f3 la clase media. Sin embargo, cuando los precios mundiales cayeron, gran parte de ese progreso demostr\u00f3 ser fr\u00e1gil. La regi\u00f3n ha crecido m\u00e1s lentamente que la mayor parte del mundo en desarrollo durante m\u00e1s de una d\u00e9cada. Las proyecciones actuales sit\u00faan el crecimiento anual promedio en torno al 2%, demasiado bajo para cerrar la brecha con las econom\u00edas m\u00e1s avanzadas o para generar la inversi\u00f3n necesaria para mejores servicios p\u00fablicos.<\/p>\n\n\n\n<p>El problema de fondo radica en qu\u00e9 impulsa ese crecimiento. Gran parte de la regi\u00f3n depende en gran medida de la exportaci\u00f3n de materias primas, como petr\u00f3leo, minerales y productos agr\u00edcolas. Esto la hace vulnerable a las fluctuaciones de los precios mundiales. Tambi\u00e9n limita el tipo de transformaci\u00f3n productiva que genera mejores empleos y un mayor nivel de vida a largo plazo. Las empresas de la regi\u00f3n invierten menos del 0,5 % de su PIB en investigaci\u00f3n y desarrollo, muy por debajo de los niveles de Asia Oriental o de las econom\u00edas avanzadas. La innovaci\u00f3n sigue concentrada en un peque\u00f1o n\u00famero de grandes empresas. La mayor\u00eda de las empresas, en particular las m\u00e1s peque\u00f1as, operan con tecnolog\u00eda limitada, acceso restringido a la financiaci\u00f3n y escasa conexi\u00f3n con los mercados globales.<\/p>\n\n\n\n<p><strong>Democracia sin resultados concretos<\/strong><\/p>\n\n\n\n<p>La regi\u00f3n es formalmente una de las m\u00e1s democr\u00e1ticas del mundo. Se celebran elecciones peri\u00f3dicamente y existen instituciones formales en casi todos los pa\u00edses. Sin embargo, lo que var\u00eda enormemente es si estas instituciones cumplen con su cometido en la pr\u00e1ctica.<\/p>\n\n\n\n<p>En gran parte de la regi\u00f3n, el estado de derecho se aplica de forma inconsistente. La mayor\u00eda de los pa\u00edses de Am\u00e9rica Latina y el Caribe obtienen puntuaciones inferiores a las previstas por su nivel de ingresos en los indicadores relevantes. La corrupci\u00f3n sigue estando muy extendida. Los sistemas judiciales son lentos y con frecuencia est\u00e1n politizados. En varios pa\u00edses, la situaci\u00f3n ha empeorado desde 2016.<\/p>\n\n\n\n<p>Estas deficiencias tienen consecuencias econ\u00f3micas directas. Cuando los contratos no se cumplen de forma fiable, cuando las regulaciones se aplican arbitrariamente o cuando la inversi\u00f3n p\u00fablica se desv\u00eda a trav\u00e9s de redes corruptas, se debilita el incentivo para invertir, contratar e innovar. Las deficiencias en la gobernanza limitan silenciosamente las condiciones econ\u00f3micas que requiere la prosperidad.<\/p>\n\n\n\n<p>Una preocupaci\u00f3n particular es la creciente concentraci\u00f3n del poder ejecutivo en varios pa\u00edses. Las elecciones democr\u00e1ticas coexisten con instituciones de supervisi\u00f3n debilitadas, poderes judiciales presionados y administraciones p\u00fablicas politizadas. La disminuci\u00f3n de la confianza en los partidos pol\u00edticos es una tendencia regional. El apoyo a los candidatos que prometen seguridad y orden por encima de la moderaci\u00f3n institucional ha aumentado en los \u00faltimos ciclos electorales.<\/p>\n\n\n\n<p><strong>Una distribuci\u00f3n desigual del progreso<\/strong><\/p>\n\n\n\n<p>Desde la d\u00e9cada de 1990, la regi\u00f3n ha ampliado significativamente el acceso a la educaci\u00f3n y la salud. La pobreza extrema ha disminuido y la esperanza de vida ha aumentado. Estos son logros genuinos.<\/p>\n\n\n\n<p>Sin embargo, Am\u00e9rica Latina y el Caribe sigue siendo la regi\u00f3n m\u00e1s desigual del mundo. El 10% m\u00e1s rico acapara m\u00e1s de un tercio del ingreso total, mientras que el 10% m\u00e1s pobre recibe menos del 2%. Esta brecha condiciona el funcionamiento de las econom\u00edas, limita la demanda interna, restringe la movilidad social y reduce la productividad de la fuerza laboral.<\/p>\n\n\n\n<p>La educaci\u00f3n ilustra claramente este problema. A pesar de una matriculaci\u00f3n casi universal en la educaci\u00f3n primaria, los resultados del aprendizaje se mantienen muy por debajo de lo que cabr\u00eda esperar seg\u00fan los niveles de ingresos. Los estudiantes de Am\u00e9rica Latina y el Caribe obtienen sistem\u00e1ticamente algunas de las puntuaciones m\u00e1s bajas a nivel mundial en las evaluaciones de matem\u00e1ticas y lectura. Los estudiantes de hogares de bajos ingresos enfrentan las mayores brechas, con consecuencias para la productividad y las oportunidades que se agravan con el tiempo.<\/p>\n\n\n\n<p>El acceso digital a\u00f1ade otra capa de exclusi\u00f3n. Alrededor de tres cuartas partes de la poblaci\u00f3n utiliza internet, pero la conectividad sigue siendo limitada en las zonas rurales y entre los hogares de bajos ingresos. La participaci\u00f3n digital desigual refuerza las disparidades sociales y econ\u00f3micas m\u00e1s amplias.<\/p>\n\n\n\n<p><strong>Cuando el progreso no se acumula<\/strong><\/p>\n\n\n\n<p>Los avances de Am\u00e9rica Latina y el Caribe han sido reales, pero desconectados. Instituciones m\u00e1s s\u00f3lidas no siempre han generado empresas m\u00e1s productivas. El crecimiento econ\u00f3mico no se ha traducido consistentemente en inclusi\u00f3n social. Las mejoras en los sistemas educativos han ampliado el acceso, pero no han mejorado la calidad de manera consistente.<\/p>\n\n\n\n<p>La regi\u00f3n cuenta con importantes activos, como recursos naturales, una poblaci\u00f3n joven en muchos pa\u00edses, una infraestructura digital en expansi\u00f3n y centros de excelencia en negocios, ciencia y administraci\u00f3n p\u00fablica. Convertir estos activos en prosperidad generalizada requiere que el progreso en las dimensiones econ\u00f3mica, institucional y social avance de forma conjunta. En gran parte de la regi\u00f3n, esto a\u00fan no ha sucedido.<\/p>\n","protected":false},"excerpt":{"rendered":"<p>Am\u00e9rica Latina progresa en m\u00faltiples frentes, pero la falta de articulaci\u00f3n entre avances econ\u00f3micos, sociales e institucionales impide convertirlos en bienestar sostenido.<\/p>\n","protected":false},"author":889,"featured_media":56230,"comment_status":"closed","ping_status":"closed","sticky":false,"template":"","format":"standard","meta":{"_acf_changed":false,"episode_type":"","audio_file":"","cover_image":"","cover_image_id":"","duration":"","filesize":"","filesize_raw":"","date_recorded":"","explicit":"","block":"","itunes_episode_number":"","itunes_title":"","itunes_season_number":"","itunes_episode_type":"","footnotes":""},"categories":[16506,16510],"tags":[14126],"gps":[],"class_list":{"0":"post-56229","1":"post","2":"type-post","3":"status-publish","4":"format-standard","5":"has-post-thumbnail","7":"category-economia","8":"category-desarrollo","9":"tag-debates-br-es"},"acf":[],"_links":{"self":[{"href":"https:\/\/latinoamerica21.com\/es\/wp-json\/wp\/v2\/posts\/56229","targetHints":{"allow":["GET"]}}],"collection":[{"href":"https:\/\/latinoamerica21.com\/es\/wp-json\/wp\/v2\/posts"}],"about":[{"href":"https:\/\/latinoamerica21.com\/es\/wp-json\/wp\/v2\/types\/post"}],"author":[{"embeddable":true,"href":"https:\/\/latinoamerica21.com\/es\/wp-json\/wp\/v2\/users\/889"}],"replies":[{"embeddable":true,"href":"https:\/\/latinoamerica21.com\/es\/wp-json\/wp\/v2\/comments?post=56229"}],"version-history":[{"count":1,"href":"https:\/\/latinoamerica21.com\/es\/wp-json\/wp\/v2\/posts\/56229\/revisions"}],"predecessor-version":[{"id":56233,"href":"https:\/\/latinoamerica21.com\/es\/wp-json\/wp\/v2\/posts\/56229\/revisions\/56233"}],"wp:featuredmedia":[{"embeddable":true,"href":"https:\/\/latinoamerica21.com\/es\/wp-json\/wp\/v2\/media\/56230"}],"wp:attachment":[{"href":"https:\/\/latinoamerica21.com\/es\/wp-json\/wp\/v2\/media?parent=56229"}],"wp:term":[{"taxonomy":"category","embeddable":true,"href":"https:\/\/latinoamerica21.com\/es\/wp-json\/wp\/v2\/categories?post=56229"},{"taxonomy":"post_tag","embeddable":true,"href":"https:\/\/latinoamerica21.com\/es\/wp-json\/wp\/v2\/tags?post=56229"},{"taxonomy":"gps","embeddable":true,"href":"https:\/\/latinoamerica21.com\/es\/wp-json\/wp\/v2\/gps?post=56229"}],"curies":[{"name":"wp","href":"https:\/\/api.w.org\/{rel}","templated":true}]}}