{"id":56235,"date":"2026-04-30T09:00:00","date_gmt":"2026-04-30T12:00:00","guid":{"rendered":"https:\/\/latinoamerica21.com\/?p=56235"},"modified":"2026-04-29T07:05:38","modified_gmt":"2026-04-29T10:05:38","slug":"la-deriva-autoritaria-de-ecuador","status":"publish","type":"post","link":"https:\/\/latinoamerica21.com\/es\/la-deriva-autoritaria-de-ecuador\/","title":{"rendered":"La deriva autoritaria de Ecuador"},"content":{"rendered":"\n<p>El gobierno de Daniel Noboa, presidente de Ecuador, muestra signos cada vez m\u00e1s consistentes de una deriva autoritaria. De forma progresiva, el Ejecutivo concentra cada vez m\u00e1s poder, los contrapesos se debilitan y las reglas de la competencia pol\u00edtica comienzan a reconfigurarse desde el propio oficialismo.<\/p>\n\n\n\n<p><strong>Concentraci\u00f3n progresiva del poder institucional<\/strong><\/p>\n\n\n\n<p>En la Asamblea Nacional, el oficialismo ha logrado construir una mayor\u00eda funcional mediante la incorporaci\u00f3n de legisladores de fuerzas minoritarias. Esta din\u00e1mica no solo ha facilitado la aprobaci\u00f3n de las iniciativas gubernamentales, sino que debilita el rol del Legislativo como poder independiente y contrapeso efectivo.<\/p>\n\n\n\n<figure class=\"wp-block-image size-large\"><a href=\"https:\/\/dona.latinoamerica21.com\/\"><img loading=\"lazy\" decoding=\"async\" width=\"1024\" height=\"190\" src=\"https:\/\/latinoamerica21.com\/wp-content\/uploads\/2025\/09\/L21-Banner-2-1-1024x190.png\" alt=\"\" class=\"wp-image-51423\" srcset=\"https:\/\/latinoamerica21.com\/wp-content\/uploads\/2025\/09\/L21-Banner-2-1-1024x190.png 1024w, https:\/\/latinoamerica21.com\/wp-content\/uploads\/2025\/09\/L21-Banner-2-1-300x56.png 300w, https:\/\/latinoamerica21.com\/wp-content\/uploads\/2025\/09\/L21-Banner-2-1-768x142.png 768w, https:\/\/latinoamerica21.com\/wp-content\/uploads\/2025\/09\/L21-Banner-2-1-1536x284.png 1536w, https:\/\/latinoamerica21.com\/wp-content\/uploads\/2025\/09\/L21-Banner-2-1-2048x379.png 2048w, https:\/\/latinoamerica21.com\/wp-content\/uploads\/2025\/09\/L21-Banner-2-1-150x28.png 150w, https:\/\/latinoamerica21.com\/wp-content\/uploads\/2025\/09\/L21-Banner-2-1-696x129.png 696w, https:\/\/latinoamerica21.com\/wp-content\/uploads\/2025\/09\/L21-Banner-2-1-1068x198.png 1068w, https:\/\/latinoamerica21.com\/wp-content\/uploads\/2025\/09\/L21-Banner-2-1-1920x356.png 1920w\" sizes=\"auto, (max-width: 1024px) 100vw, 1024px\" \/><\/a><\/figure>\n\n\n\n<p>A ello se suma la incidencia sobre otras instancias clave. El Consejo de Participaci\u00f3n Ciudadana y Control Social (CPCCS), encargado de la designaci\u00f3n de autoridades, ha mostrado un comportamiento funcional a la l\u00f3gica del poder pol\u00edtico, mientras que la Fiscal\u00eda y la Contralor\u00eda proyectan, en determinados casos, una actuaci\u00f3n selectiva que alimenta percepciones de alineamiento.<\/p>\n\n\n\n<p>En paralelo, las tensiones con la Corte Constitucional \u2014incluidos varios episodios de confrontaci\u00f3n p\u00fablica promovidos desde el propio Ejecutivo\u2014 reflejan una disputa por los l\u00edmites del control institucional.<\/p>\n\n\n\n<p>Finalmente, algunas decisiones del Consejo Nacional Electoral, como el adelantamiento de las elecciones seccionales, terminan de configurar un escenario en el que las reglas del juego pol\u00edtico dejan de ser un marco estable y pasan a formar parte de la disputa.<\/p>\n\n\n\n<p><strong>Reconfiguraci\u00f3n del ecosistema medi\u00e1tico y presi\u00f3n sobre la prensa<\/strong><\/p>\n\n\n\n<p>La relaci\u00f3n con la prensa tampoco ha estado al margen de este proceso. Se observa una progresiva reconfiguraci\u00f3n del ecosistema informativo, en el que conviven medios tradicionales bajo presi\u00f3n, nuevos actores digitales afines al oficialismo y estrategias de comunicaci\u00f3n orientadas a posicionar la narrativa gubernamental. El resultado es una reducci\u00f3n del pluralismo informativo.<\/p>\n\n\n\n<p>Las denuncias de presiones e intervenciones a medios cr\u00edticos \u2014como el caso de diario <em>Expreso<\/em> de Guayaquil\u2014 ilustran esta tendencia. M\u00e1s que un mecanismo directo de censura, lo que emerge es un esquema m\u00e1s sofisticado en el que la combinaci\u00f3n de acoso institucional e incentivos econ\u00f3micos configura un entorno menos propicio para el periodismo independiente. La cr\u00edtica, en este contexto, comienza a ser tratada como un elemento a gestionar.<\/p>\n\n\n\n<p><strong>Excepcionalidad como herramienta de gobierno<\/strong><\/p>\n\n\n\n<p>Otro rasgo relevante es el uso reiterado de los estados de excepci\u00f3n. Lo que en principio deber\u00eda ser un instrumento extraordinario tiende a convertirse en un mecanismo habitual de gesti\u00f3n, lo que ampl\u00eda las facultades del Ejecutivo y reduce el control pol\u00edtico efectivo sobre sus decisiones.<\/p>\n\n\n\n<p>Esta tendencia no es neutra. La aplicaci\u00f3n sostenida de medidas restrictivas en contextos de conflictividad ha derivado en episodios que han generado alarma p\u00fablica, como el caso de los cuatro ni\u00f1os de Las Malvinas, en el que la justicia determin\u00f3 la responsabilidad de militares en una desaparici\u00f3n forzada. M\u00e1s que un hecho aislado, este caso evidencia los riesgos de prolongar l\u00f3gicas dise\u00f1adas para situaciones l\u00edmite. Cuando lo excepcional deja de ser transitorio, el equilibrio entre seguridad y derechos comienza a desplazarse de forma sostenida.<\/p>\n\n\n\n<p><strong>Tensiones y redefinici\u00f3n de las reglas democr\u00e1ticas<\/strong><\/p>\n\n\n\n<p>En un plano m\u00e1s amplio, desde el inicio del gobierno se han observado decisiones que tensionan normas b\u00e1sicas del orden democr\u00e1tico. La incursi\u00f3n policial en la embajada de M\u00e9xico, por ejemplo, transgredi\u00f3 principios de inviolabilidad diplom\u00e1tica y marc\u00f3 un precedente de alto impacto en la pol\u00edtica exterior y en la percepci\u00f3n internacional del pa\u00eds.<\/p>\n\n\n\n<p>Asimismo, la decisi\u00f3n de no encargar el poder a la vicepresidenta durante la \u00faltima campa\u00f1a electoral introduce interrogantes sobre el respeto a las reglas de competencia y a la institucionalidad prevista para estos escenarios.<\/p>\n\n\n\n<p>Estas acciones no implican necesariamente la anulaci\u00f3n formal de las normas, pero s\u00ed modifican su aplicaci\u00f3n. La interpretaci\u00f3n de la legalidad se vuelve cada vez m\u00e1s flexible en funci\u00f3n de objetivos pol\u00edticos.<\/p>\n\n\n\n<p><strong>Polarizaci\u00f3n como herramienta de estructuraci\u00f3n pol\u00edtica<\/strong><\/p>\n\n\n\n<p>El gobierno busca ordenar el sistema pol\u00edtico entorno a antagonismos definidos. El eje de confrontaci\u00f3n se plantea, de forma recurrente, en t\u00e9rminos de oficialismo frente al corre\u00edsmo, corriente asociada al expresidente Rafael Correa.<\/p>\n\n\n\n<p>Este clivaje simplifica el debate y encuadra la competencia en una l\u00f3gica binaria que, en determinados casos, facilita la legitimaci\u00f3n de decisiones controvertidas. Al mismo tiempo, reduce el espacio electoral a dos polos, limita la emergencia de alternativas intermedias y dificulta la construcci\u00f3n de consensos.<\/p>\n\n\n\n<p><strong>Nuevos actores, antiguos m\u00e9todos<\/strong><\/p>\n\n\n\n<p>Las democracias contempor\u00e1neas rara vez colapsan de forma abrupta; m\u00e1s bien tienden a transformarse gradualmente a partir de decisiones acumulativas. Ecuador ya atraves\u00f3 un proceso similar durante la d\u00e9cada de gobierno de Rafael Correa, en la que la concentraci\u00f3n de poder y la presi\u00f3n sobre la oposici\u00f3n se consolidaron de manera progresiva.<\/p>\n\n\n\n<p>El contexto actual no es id\u00e9ntico, pero presenta paralelismos en los m\u00e9todos: centralizaci\u00f3n, reconfiguraci\u00f3n de reglas y reducci\u00f3n de espacios de control. Cuando estos procesos se normalizan \u2014independientemente de qui\u00e9n gobierne\u2014, el riesgo no es solo el desgaste institucional, sino la redefinici\u00f3n de los l\u00edmites de lo democr\u00e1tico.&nbsp;<\/p>\n\n\n\n<p>Ecuador no enfrenta una ruptura visible del orden democr\u00e1tico, sino una transformaci\u00f3n gradual que, de no ser advertida, puede terminar por redefinir de forma duradera las reglas del sistema pol\u00edtico.<\/p>\n","protected":false},"excerpt":{"rendered":"<p>Bajo el gobierno de Daniel Noboa, Ecuador atraviesa una transformaci\u00f3n gradual que concentra poder, debilita contrapesos y reconfigura las reglas democr\u00e1ticas en una deriva de tintes autoritarios.<\/p>\n","protected":false},"author":879,"featured_media":56236,"comment_status":"closed","ping_status":"closed","sticky":false,"template":"","format":"standard","meta":{"_acf_changed":false,"episode_type":"","audio_file":"","cover_image":"","cover_image_id":"","duration":"","filesize":"","filesize_raw":"","date_recorded":"","explicit":"","block":"","itunes_episode_number":"","itunes_title":"","itunes_season_number":"","itunes_episode_type":"","footnotes":""},"categories":[16533,16475],"tags":[14126],"gps":[],"class_list":{"0":"post-56235","1":"post","2":"type-post","3":"status-publish","4":"format-standard","5":"has-post-thumbnail","7":"category-autoritarismo","8":"category-ecuador","9":"tag-debates-br-es"},"acf":[],"_links":{"self":[{"href":"https:\/\/latinoamerica21.com\/es\/wp-json\/wp\/v2\/posts\/56235","targetHints":{"allow":["GET"]}}],"collection":[{"href":"https:\/\/latinoamerica21.com\/es\/wp-json\/wp\/v2\/posts"}],"about":[{"href":"https:\/\/latinoamerica21.com\/es\/wp-json\/wp\/v2\/types\/post"}],"author":[{"embeddable":true,"href":"https:\/\/latinoamerica21.com\/es\/wp-json\/wp\/v2\/users\/879"}],"replies":[{"embeddable":true,"href":"https:\/\/latinoamerica21.com\/es\/wp-json\/wp\/v2\/comments?post=56235"}],"version-history":[{"count":1,"href":"https:\/\/latinoamerica21.com\/es\/wp-json\/wp\/v2\/posts\/56235\/revisions"}],"predecessor-version":[{"id":56239,"href":"https:\/\/latinoamerica21.com\/es\/wp-json\/wp\/v2\/posts\/56235\/revisions\/56239"}],"wp:featuredmedia":[{"embeddable":true,"href":"https:\/\/latinoamerica21.com\/es\/wp-json\/wp\/v2\/media\/56236"}],"wp:attachment":[{"href":"https:\/\/latinoamerica21.com\/es\/wp-json\/wp\/v2\/media?parent=56235"}],"wp:term":[{"taxonomy":"category","embeddable":true,"href":"https:\/\/latinoamerica21.com\/es\/wp-json\/wp\/v2\/categories?post=56235"},{"taxonomy":"post_tag","embeddable":true,"href":"https:\/\/latinoamerica21.com\/es\/wp-json\/wp\/v2\/tags?post=56235"},{"taxonomy":"gps","embeddable":true,"href":"https:\/\/latinoamerica21.com\/es\/wp-json\/wp\/v2\/gps?post=56235"}],"curies":[{"name":"wp","href":"https:\/\/api.w.org\/{rel}","templated":true}]}}