{"id":56265,"date":"2026-05-03T07:00:00","date_gmt":"2026-05-03T10:00:00","guid":{"rendered":"https:\/\/latinoamerica21.com\/?p=56265"},"modified":"2026-05-03T07:09:35","modified_gmt":"2026-05-03T10:09:35","slug":"transiciones-sin-ruptura-lecciones-de-america-latina-para-la-hungria-post-orban","status":"publish","type":"post","link":"https:\/\/latinoamerica21.com\/es\/transiciones-sin-ruptura-lecciones-de-america-latina-para-la-hungria-post-orban\/","title":{"rendered":"Transiciones sin ruptura: lecciones de Am\u00e9rica Latina para la Hungr\u00eda post-Orb\u00e1n"},"content":{"rendered":"\n<p>El ganador de las recientes elecciones h\u00fangaras, P\u00e9ter Magyar, calific\u00f3 al gobierno derrotado de Viktor Orb\u00e1n como una \u00aborganizaci\u00f3n criminal\u00bb. Pero m\u00e1s all\u00e1 de los delitos que se le pueda demostrar \u00bfpodr\u00eda el ex presidente ser condenado por atacar a la democracia y el estado de derecho? Este es un elemento clave en las transiciones democr\u00e1ticas y es el principal tema para el futuro de la democracia de Hungr\u00eda. La historia demuestra que cuando los autoritarios no han sido castigados, en muchos casos han vuelto al poder y a atacar la democracia.<\/p>\n\n\n\n<p>La historia de c\u00f3mo Am\u00e9rica Latina ha abordado el legado de dictadores y aspirantes a dictadores, desde los juicios a las juntas militares argentinas en la d\u00e9cada de 1980 hasta el reciente juicio a Jair Bolsonaro en Brasil, ofrece una lecci\u00f3n hist\u00f3rica para la Hungr\u00eda. Y quiz\u00e1s tambi\u00e9n para Estados Unidos tras la era Trump.<\/p>\n\n\n\n<figure class=\"wp-block-image size-large\"><a href=\"https:\/\/dona.latinoamerica21.com\/\"><img loading=\"lazy\" decoding=\"async\" width=\"1024\" height=\"190\" src=\"https:\/\/latinoamerica21.com\/wp-content\/uploads\/2025\/09\/L21-Banner-2-1-1024x190.png\" alt=\"\" class=\"wp-image-51423\" srcset=\"https:\/\/latinoamerica21.com\/wp-content\/uploads\/2025\/09\/L21-Banner-2-1-1024x190.png 1024w, https:\/\/latinoamerica21.com\/wp-content\/uploads\/2025\/09\/L21-Banner-2-1-300x56.png 300w, https:\/\/latinoamerica21.com\/wp-content\/uploads\/2025\/09\/L21-Banner-2-1-768x142.png 768w, https:\/\/latinoamerica21.com\/wp-content\/uploads\/2025\/09\/L21-Banner-2-1-1536x284.png 1536w, https:\/\/latinoamerica21.com\/wp-content\/uploads\/2025\/09\/L21-Banner-2-1-2048x379.png 2048w, https:\/\/latinoamerica21.com\/wp-content\/uploads\/2025\/09\/L21-Banner-2-1-150x28.png 150w, https:\/\/latinoamerica21.com\/wp-content\/uploads\/2025\/09\/L21-Banner-2-1-696x129.png 696w, https:\/\/latinoamerica21.com\/wp-content\/uploads\/2025\/09\/L21-Banner-2-1-1068x198.png 1068w, https:\/\/latinoamerica21.com\/wp-content\/uploads\/2025\/09\/L21-Banner-2-1-1920x356.png 1920w\" sizes=\"auto, (max-width: 1024px) 100vw, 1024px\" \/><\/a><\/figure>\n\n\n\n<p>Las transiciones democr\u00e1ticas, si bien generan esperanza en gran parte de la poblaci\u00f3n, tambi\u00e9n son procesos delicados, lentos y propensos a la frustraci\u00f3n. La Hungr\u00eda post-Orb\u00e1n es y ser\u00e1 todo eso. Las multitudes que bailaban frente al Parlamento h\u00fangaro tras la victoria de Magyar recordaban a las que bailaban sobre el Muro de Berl\u00edn en 1989, y en la Avenida 9 de Julio de Buenos Aires en 1983. Sin embargo, aquellos fueron casos de transiciones pol\u00edticas de reg\u00edmenes autoritarios a democr\u00e1ticos. La situaci\u00f3n de Hungr\u00eda es diferente y quiz\u00e1s estemos ante un nuevo tipo de proceso de democratizaci\u00f3n. No se trata del fin del autoritarismo, sino del fin de la \u00abdesliberalizaci\u00f3n\u00bb de la democracia.<\/p>\n\n\n\n<p>Lo que defini\u00f3 al gobierno de Orb\u00e1n como no democr\u00e1tico fue la promulgaci\u00f3n, desde 2011, de profundas reformas constitucionales que afianzaron los valores conservadores, reforzaron el control pol\u00edtico sobre el poder judicial, modificaron los procedimientos electorales, centralizaron el poder y socavaron los derechos humanos. La erosi\u00f3n del estado de derecho, la demolici\u00f3n del equilibrio de poderes, y la \u00abcolonizaci\u00f3n\u00bb de las instituciones c\u00edvicas, medios de comunicaci\u00f3n y las agencias estatales independientes por Fidesz, transformaron a la Hungr\u00eda de Orb\u00e1n en un r\u00e9gimen pol\u00edtico singular.<\/p>\n\n\n\n<p>Diversos especialistas han definido este r\u00e9gimen como un Estado mafioso, una democracia h\u00edbrida, un aspirante a fascista, un autoritarismo legal o un r\u00e9gimen iliberal con rasgos autocr\u00e1ticos. Y es que Hungr\u00eda ya no era una democracia, pero tampoco un r\u00e9gimen autoritario en toda regla.<\/p>\n\n\n\n<p>Dicho esto, los desaf\u00edos de Peter Magyar no ser\u00e1n muy diferentes a los que enfrentaron Alfons\u00edn en Argentina, Su\u00e1rez en Espa\u00f1a, Walesa en Polonia o Frei en Chile. Transiciones a la democracia que pasaron por reformas constitucionales, leyes que consolidaron la superioridad de la autoridad civil, rehabilitaron partidos pol\u00edticos y ampliaron los derechos civiles y pol\u00edticos, sin llevar a cabo purgas masivas del aparato de seguridad, reformar todo el sistema judicial, y sin procesar a cuadros enteros del r\u00e9gimen anterior.<\/p>\n\n\n\n<p>En el caso de Argentina, Ra\u00fal Alfons\u00edn enfrent\u00f3 varios levantamientos militares, y Adolfo Su\u00e1rez tuvo que lidiar con un intento de golpe de Estado y terrorismo de extrema derecha. Por lo tanto, es probable que el nuevo gobierno enfrente cierta resistencia interna y sabotaje por parte de los leales a Orb\u00e1n, especialmente si se impulsa el desmantelamiento de los obst\u00e1culos impuestos por el r\u00e9gimen anterior. Esto podr\u00eda generar inestabilidad y relegitimar a Orb\u00e1n.<\/p>\n\n\n\n<p>De esta manera, podr\u00edamos estar presenciando un nuevo tipo de proceso de democratizaci\u00f3n, a partir de un r\u00e9gimen que se dedic\u00f3 a desmantelar activamente el estado de derecho y las instituciones democr\u00e1ticas, pero que a\u00fan no hab\u00eda cruzado el umbral del autoritarismo total, como lo demuestra la reversi\u00f3n electoral.<\/p>\n\n\n\n<p>Brasil y Estados Unidos atravesaron un camino similar recientemente, en 2022-23 y 2020-2021 respectivamente. Si bien en ambos casos no podemos hablar de \u201cel r\u00e9gimen de Trump o de Bolsonaro\u201d, es evidente que ten\u00edan la intenci\u00f3n de subvertir la democracia, como lo demuestran sus respectivos intentos de golpe de estado. Al negar los resultados de las elecciones de 2020 y fomentar las mentiras sobre el fraude electoral, Trump redefini\u00f3 la pol\u00edtica populista, permitiendo e inspirando a otros l\u00edderes a negar la legitimidad electoral de sus oponentes. El intento de golpe de Trump del 6 de enero de 2021, alent\u00f3 a otros, como Bolsonaro en Brasil.<\/p>\n\n\n\n<p>Una diferencia clave es que Bolsonaro fue juzgado por sus cr\u00edmenes contra la democracia brasile\u00f1a y el 11 de septiembre de 2025 la Corte Suprema lo conden\u00f3 a 27 a\u00f1os de prisi\u00f3n. Brasil sent\u00f3 as\u00ed un precedente para las democracias del mundo. En cambio, en el caso de Trump no se hizo justicia. Se le permiti\u00f3 lanzar su tercera campa\u00f1a presidencial y regresar al poder.<\/p>\n\n\n\n<p>Si Peter Magyar es sincero en su deseo de volver a la democracia, tendr\u00e1 que afrontar importantes desaf\u00edos, sobre todo en lo que respecta al equilibrio entre justicia, estabilidad social y econ\u00f3mica, y viabilidad a largo plazo. La historia nos ense\u00f1a que el revanchismo por s\u00ed solo conduce a resultados antidemocr\u00e1ticos o tecnocr\u00e1ticos. El desaf\u00edo reside en c\u00f3mo integrar a algunos de los partidarios del l\u00edder autoritario en una forma de democracia m\u00e1s inclusiva e igualitaria.<\/p>\n\n\n\n<p>Cada vez que cae un r\u00e9gimen antidemocr\u00e1tico, surge la pregunta clave de hasta qu\u00e9 punto, y durante cu\u00e1nto tiempo, se har\u00e1 justicia.<\/p>\n","protected":false},"excerpt":{"rendered":"<p>Las experiencias latinoamericanas sugieren que sin justicia efectiva frente a los abusos del poder, las transiciones democr\u00e1ticas quedan expuestas a retrocesos y regresos autoritarios.<\/p>\n","protected":false},"author":77,"featured_media":56273,"comment_status":"closed","ping_status":"closed","sticky":false,"template":"","format":"standard","meta":{"_acf_changed":false,"episode_type":"","audio_file":"","cover_image":"","cover_image_id":"","duration":"","filesize":"","filesize_raw":"","date_recorded":"","explicit":"","block":"","itunes_episode_number":"","itunes_title":"","itunes_season_number":"","itunes_episode_type":"","footnotes":""},"categories":[16497,16533],"tags":[14128],"gps":[],"class_list":{"0":"post-56265","1":"post","2":"type-post","3":"status-publish","4":"format-standard","5":"has-post-thumbnail","7":"category-democracia","8":"category-autoritarismo","9":"tag-ideas-en-es"},"acf":[],"_links":{"self":[{"href":"https:\/\/latinoamerica21.com\/es\/wp-json\/wp\/v2\/posts\/56265","targetHints":{"allow":["GET"]}}],"collection":[{"href":"https:\/\/latinoamerica21.com\/es\/wp-json\/wp\/v2\/posts"}],"about":[{"href":"https:\/\/latinoamerica21.com\/es\/wp-json\/wp\/v2\/types\/post"}],"author":[{"embeddable":true,"href":"https:\/\/latinoamerica21.com\/es\/wp-json\/wp\/v2\/users\/77"}],"replies":[{"embeddable":true,"href":"https:\/\/latinoamerica21.com\/es\/wp-json\/wp\/v2\/comments?post=56265"}],"version-history":[{"count":1,"href":"https:\/\/latinoamerica21.com\/es\/wp-json\/wp\/v2\/posts\/56265\/revisions"}],"predecessor-version":[{"id":56266,"href":"https:\/\/latinoamerica21.com\/es\/wp-json\/wp\/v2\/posts\/56265\/revisions\/56266"}],"wp:featuredmedia":[{"embeddable":true,"href":"https:\/\/latinoamerica21.com\/es\/wp-json\/wp\/v2\/media\/56273"}],"wp:attachment":[{"href":"https:\/\/latinoamerica21.com\/es\/wp-json\/wp\/v2\/media?parent=56265"}],"wp:term":[{"taxonomy":"category","embeddable":true,"href":"https:\/\/latinoamerica21.com\/es\/wp-json\/wp\/v2\/categories?post=56265"},{"taxonomy":"post_tag","embeddable":true,"href":"https:\/\/latinoamerica21.com\/es\/wp-json\/wp\/v2\/tags?post=56265"},{"taxonomy":"gps","embeddable":true,"href":"https:\/\/latinoamerica21.com\/es\/wp-json\/wp\/v2\/gps?post=56265"}],"curies":[{"name":"wp","href":"https:\/\/api.w.org\/{rel}","templated":true}]}}