{"id":5721,"date":"2021-05-29T06:00:00","date_gmt":"2021-05-29T09:00:00","guid":{"rendered":"http:\/\/latinoamerica21.com\/?p=5721"},"modified":"2023-12-28T04:14:34","modified_gmt":"2023-12-28T07:14:34","slug":"amlo-y-su-cuarta-transformacion","status":"publish","type":"post","link":"https:\/\/latinoamerica21.com\/es\/amlo-y-su-cuarta-transformacion\/","title":{"rendered":"AMLO y su cuarta transformaci\u00f3n"},"content":{"rendered":"\n<p>A casi tres a\u00f1os del triunfo de Andr\u00e9s Manuel L\u00f3pez Obrador (AMLO) y la irrupci\u00f3n del Movimiento de Regeneraci\u00f3n Nacional (MORENA), las elecciones del 6 de junio se vislumbran como catalizadores de la hegemon\u00eda electoral de esta organizaci\u00f3n pol\u00edtica y con ello, la continuidad de la llamada cuarta transformaci\u00f3n de la pol\u00edtica mexicana. Transformaci\u00f3n que es pretendida por el ahora partido gobernante, y que m\u00e1s que un programa de gobierno se ha utilizado como un <em>slogan<\/em> de campa\u00f1a desde su llegada al poder. La cuarta transformaci\u00f3n, conocida como la \u201c4T\u201d ha sido el argumento m\u00e1s potente del cambio pol\u00edtico en el pa\u00eds y el slogan vitoreado por el partido en el gobierno y el presidente.<\/p>\n\n\n\n<p>El eje central en el que gira la 4T hace alusi\u00f3n a un momento de cambio del sistema pol\u00edtico que tiene como precedentes, seg\u00fan sus creadores, tres momentos hist\u00f3ricos: la independencia, la reforma y la revoluci\u00f3n. La esencia de la cuarta transformaci\u00f3n, seg\u00fan sus defensores, se define en general por el cambio de r\u00e9gimen pol\u00edtico. Por un lado, se asocia al cambio de la pol\u00edtica econ\u00f3mica que da fin al paradigma neoliberal de los gobiernos precedentes. Un segundo elemento son las pol\u00edticas sociales, buscando una mayor cobertura de la poblaci\u00f3n con menos recursos. Un tercer elemento es el fin de la corrupci\u00f3n como sistema enquistado en la estructura estatal, y por ultimo, la austeridad republicana.<\/p>\n\n\n\n<p><strong>Argumento electoral<\/strong><\/p>\n\n\n\n<p>La 4T como argumento electoral es sumamente rentable. Pese a ello, parecer\u00eda ser que \u00fanicamente hablan de ello sus gestores. Las continuas cr\u00edticas al desempe\u00f1o del gobierno, la centralizaci\u00f3n y personalizaci\u00f3n de la pol\u00edtica, la inexperiencia administrativa, las deficientes decisiones en pol\u00edtica p\u00fablica, la reducci\u00f3n de presupuestos a instituciones del Estado, el continuo ataque a organizaciones, medios y periodistas detractores de la 4T se posicionan como eslabones esgrimidos por la oposici\u00f3n frente a una fuerza pol\u00edtica legitimada por las urnas. El hartazgo ciudadano frente un sistema pol\u00edtico desgastado y que por d\u00e9cadas no supo responder a sus demandas, es hoy quien controla la mayor\u00eda en el Congreso suficiente para cambiar la Constituci\u00f3n. Situaci\u00f3n a la que el sistema pol\u00edtico no se encontraba preparado debido a la hegemon\u00eda previa a la transici\u00f3n democr\u00e1tica<\/p>\n\n\n\n<div class=\"wp-block-image\"><figure class=\"alignright size-large is-resized\"><img loading=\"lazy\" decoding=\"async\" src=\"http:\/\/latinoamerica21.com\/wp-content\/uploads\/2021\/05\/226-C-2.jpg\" alt=\"\" class=\"wp-image-5676\" width=\"335\" height=\"493\" srcset=\"https:\/\/latinoamerica21.com\/wp-content\/uploads\/2021\/05\/226-C-2.jpg 675w, https:\/\/latinoamerica21.com\/wp-content\/uploads\/2021\/05\/226-C-2-204x300.jpg 204w\" sizes=\"auto, (max-width: 335px) 100vw, 335px\" \/><figcaption><em><sub>Foto de Eneas en Foter.com<\/sub><\/em><\/figcaption><\/figure><\/div>\n\n\n\n<p>Para entender esto es preciso rese\u00f1ar que la transici\u00f3n a la democracia y la alternancia pol\u00edtica de principios del presente siglo manifest\u00f3 la nueva din\u00e1mica del sistema pol\u00edtico, con gobierno sin mayor\u00edas legislativas, lo cual promovi\u00f3 la irremediable construcci\u00f3n de acuerdos (formales e informales) entre las diferentes fuerzas pol\u00edticas del pa\u00eds. Con ello como estructura de ese nuevo sistema pol\u00edtico, los actores olvidaron un elemento central en democracia, la posible llegada de un nuevo partido hegem\u00f3nico, fuera de las fuerzas pol\u00edticas tradicionales.<\/p>\n\n\n\n<p>Posterior a la transici\u00f3n, tanto los gobiernos del Partido Acci\u00f3n Nacional (PAN 2000-2012), como el gobierno del retorno del Partido Revolucionario Institucional (PRI 2012-2018) evidenciaron la visible incapacidad de estos partidos para crear mayor\u00edas que les permitieran tanto el control del Congreso como el Poder Ejecutivo. Con la llegada de MORENA al poder en las elecciones de 2018, el sistema pol\u00edtico y su incipiente democracia se dio cuenta que las mayor\u00edas podr\u00edan alcanzarse.<\/p>\n\n\n\n<p>Independientemente de los efectos del sistema electoral en la conformaci\u00f3n del poder pol\u00edtico en M\u00e9xico, MORENA logr\u00f3 controlar ambos poderes del Estado de forma leg\u00edtima y bajo los est\u00e1ndares democr\u00e1ticos que hab\u00edan persistido desde 1994.<\/p>\n\n\n\n<p><strong>La aprobaci\u00f3n del presidente<\/strong><\/p>\n\n\n\n<p>Lo anterior se robustece de la mando del estado de \u00e1nimo de la sociedad que, a poco m\u00e1sde un a\u00f1o del inicio de la pandemia, manifiesta un amplio apoyo a la gesti\u00f3n de AMLO. <a href=\"https:\/\/oraculus.mx\/diputados2021\/\">La aprobaci\u00f3n presidencial se sit\u00faa por encima del 60%<\/a>, ubic\u00e1ndose como uno de los presidentes con mayor aprobaci\u00f3n en la historia democr\u00e1tica del pa\u00eds y comparativamente por arriba de la media internacional. Cabe destacar la relevancia de estos niveles de aprobaci\u00f3n en el contexto de la crisis sanitaria, en la que hasta la fecha se han contabilizado oficialmente <a href=\"https:\/\/datos.covid-19.conacyt.mx\/\">m\u00e1s de dos millones de infectados y poco m\u00e1s de 220 mil muertes<\/a>.<\/p>\n\n\n\n<p>Sobre la percepci\u00f3n democr\u00e1tica, la mitad de la ciudadan\u00eda se encuentra satisfecha, sin embargo, cerca del 80% conf\u00eda poco o nada en los partidos pol\u00edticos. En el pa\u00eds, seg\u00fan los encuestados, es m\u00e1s frecuente ejercer la libertad de culto religioso (89%) que la libertad de expresi\u00f3n (66%), y <a href=\"https:\/\/www.inegi.org.mx\/programas\/encuci\/2020\/\">seis de cada diez mexicanos opina que las leyes se respetan poco o nada<\/a>. Con una econom\u00eda contra\u00edda en raz\u00f3n de la pandemia y las decisiones del gobierno, avanzan los programas estrat\u00e9gicos del Poder Ejecutivo y tambi\u00e9n el programa de vacunaci\u00f3n, que hasta el momoento ha llegado a poco m\u00e1s de 15 millones de dosis aplicadas.<\/p>\n\n\n\n<p>Las pr\u00f3ximas elecciones podr\u00edan significar la continuidad del proyecto que conforma la coalici\u00f3n gobernante. Esto consolidar\u00eda las bases, seg\u00fan sus protagonistas, de la cuarta transformaci\u00f3n. La oposici\u00f3n se resiste a la idea de un partido hegem\u00f3nico semejanteal PRI del siglo XX, mientras MORENA intenta controlar, no s\u00f3lo el poder Ejecutivo y Legislativo, sino tambi\u00e9n consolidarse en la arena subestatal y municipal. Cosa no menor en un escenario de polarizaci\u00f3n y la incapacidad de encontrar puntos de acuerdo respecto al futuro pol\u00edtico del pa\u00eds.<\/p>\n\n\n\n<hr class=\"wp-block-separator\"\/>\n\n\n\n<p class=\"has-text-align-right\"><strong><em>Episodio relacionado de nuestro&nbsp;<a href=\"http:\/\/latinoamerica21.com\/podcast\/\">podcast<\/a><\/em><\/strong>:<\/p>\n\n\n\n<figure class=\"wp-block-embed is-type-rich is-provider-spotify wp-block-embed-spotify wp-embed-aspect-21-9 wp-has-aspect-ratio\"><div class=\"wp-block-embed__wrapper\">\n<iframe title=\"Spotify Embed: Crisis de la democracia en Latinoam\u00e9rica\" style=\"border-radius: 12px\" width=\"100%\" height=\"152\" frameborder=\"0\" allowfullscreen allow=\"autoplay; clipboard-write; encrypted-media; fullscreen; picture-in-picture\" loading=\"lazy\" src=\"https:\/\/open.spotify.com\/embed\/episode\/3XBfbiL2vbQuBv8hsX3iGD?si=cu-pvqggSLWPRnORxPODrQ&#038;utm_source=oembed\"><\/iframe>\n<\/div><\/figure>\n\n\n\n<p><sub><em>Foto de Eneas en Foter.com<\/em><\/sub><\/p>\n","protected":false},"excerpt":{"rendered":"<p>A casi tres a\u00f1os del triunfo de L\u00f3pez Obrador, las elecciones del 6 de junio se vislumbran como catalizadores de la hegemon\u00eda electoral de su partido y con ello, la continuidad de la llamada cuarta transformaci\u00f3n de la pol\u00edtica mexicana. Transformaci\u00f3n que m\u00e1s que un programa de gobierno se ha utilizado como un slogan de campa\u00f1a. <\/p>\n","protected":false},"author":534,"featured_media":5677,"comment_status":"closed","ping_status":"closed","sticky":false,"template":"","format":"standard","meta":{"_acf_changed":false,"episode_type":"","audio_file":"","cover_image":"","cover_image_id":"","duration":"","filesize":"","filesize_raw":"","date_recorded":"","explicit":"","block":"","itunes_episode_number":"","itunes_title":"","itunes_season_number":"","itunes_episode_type":"","footnotes":""},"categories":[16466,16466],"tags":[],"gps":[],"class_list":{"0":"post-5721","1":"post","2":"type-post","3":"status-publish","4":"format-standard","5":"has-post-thumbnail","7":"category-mexico"},"acf":[],"_links":{"self":[{"href":"https:\/\/latinoamerica21.com\/es\/wp-json\/wp\/v2\/posts\/5721","targetHints":{"allow":["GET"]}}],"collection":[{"href":"https:\/\/latinoamerica21.com\/es\/wp-json\/wp\/v2\/posts"}],"about":[{"href":"https:\/\/latinoamerica21.com\/es\/wp-json\/wp\/v2\/types\/post"}],"author":[{"embeddable":true,"href":"https:\/\/latinoamerica21.com\/es\/wp-json\/wp\/v2\/users\/534"}],"replies":[{"embeddable":true,"href":"https:\/\/latinoamerica21.com\/es\/wp-json\/wp\/v2\/comments?post=5721"}],"version-history":[{"count":0,"href":"https:\/\/latinoamerica21.com\/es\/wp-json\/wp\/v2\/posts\/5721\/revisions"}],"wp:featuredmedia":[{"embeddable":true,"href":"https:\/\/latinoamerica21.com\/es\/wp-json\/wp\/v2\/media\/5677"}],"wp:attachment":[{"href":"https:\/\/latinoamerica21.com\/es\/wp-json\/wp\/v2\/media?parent=5721"}],"wp:term":[{"taxonomy":"category","embeddable":true,"href":"https:\/\/latinoamerica21.com\/es\/wp-json\/wp\/v2\/categories?post=5721"},{"taxonomy":"post_tag","embeddable":true,"href":"https:\/\/latinoamerica21.com\/es\/wp-json\/wp\/v2\/tags?post=5721"},{"taxonomy":"gps","embeddable":true,"href":"https:\/\/latinoamerica21.com\/es\/wp-json\/wp\/v2\/gps?post=5721"}],"curies":[{"name":"wp","href":"https:\/\/api.w.org\/{rel}","templated":true}]}}