{"id":58593,"date":"2026-08-31T09:00:00","date_gmt":"2026-08-31T12:00:00","guid":{"rendered":"https:\/\/latinoamerica21.com\/?p=58593"},"modified":"2026-08-31T05:56:29","modified_gmt":"2026-08-31T08:56:29","slug":"javier-milei-en-brasil-y-la-nueva-derecha-latinoamericana","status":"publish","type":"post","link":"https:\/\/latinoamerica21.com\/es\/javier-milei-en-brasil-y-la-nueva-derecha-latinoamericana\/","title":{"rendered":"Javier Milei en Brasil y la nueva derecha latinoamericana"},"content":{"rendered":"\n<p class=\"wp-block-paragraph\">La visita de Javier Milei a S\u00e3o Paulo, el pasado 25 de julio, para respaldar la candidatura presidencial de Fl\u00e1vio Bolsonaro contribuy\u00f3 a desencadenar una nueva crisis diplom\u00e1tica entre Brasil y Argentina. Pero el episodio representa algo m\u00e1s amplio: la creciente articulaci\u00f3n de las derechas latinoamericanas y la disputa por el rumbo pol\u00edtico de la regi\u00f3n.<\/p>\n\n\n\n<p class=\"wp-block-paragraph\">Durante la convenci\u00f3n del Partido Liberal (PL), Milei atac\u00f3 directamente al presidente Lula, a quien calific\u00f3 de \u201cladr\u00f3n\u201d y \u201csocialista\u201d, y tambi\u00e9n arremeti\u00f3 contra el juez de la Corte Suprema Alexandre de Moraes. Al mismo tiempo, present\u00f3 a Fl\u00e1vio Bolsonaro como la alternativa capaz de \u201cparar\u201d al socialismo. La intervenci\u00f3n mostr\u00f3 hasta qu\u00e9 punto las disputas de las nuevas derechas latinoamericanas atraviesan las fronteras nacionales.<\/p>\n\n\n\n<figure class=\"wp-block-image size-large\"><a href=\"https:\/\/dona.latinoamerica21.com\/\"><img loading=\"lazy\" decoding=\"async\" width=\"1024\" height=\"190\" src=\"https:\/\/latinoamerica21.com\/wp-content\/uploads\/2025\/09\/L21-Banner-2-1-1024x190.png\" alt=\"\" class=\"wp-image-51423\" srcset=\"https:\/\/latinoamerica21.com\/wp-content\/uploads\/2025\/09\/L21-Banner-2-1-1024x190.png 1024w, https:\/\/latinoamerica21.com\/wp-content\/uploads\/2025\/09\/L21-Banner-2-1-300x56.png 300w, https:\/\/latinoamerica21.com\/wp-content\/uploads\/2025\/09\/L21-Banner-2-1-768x142.png 768w, https:\/\/latinoamerica21.com\/wp-content\/uploads\/2025\/09\/L21-Banner-2-1-1536x284.png 1536w, https:\/\/latinoamerica21.com\/wp-content\/uploads\/2025\/09\/L21-Banner-2-1-2048x379.png 2048w, https:\/\/latinoamerica21.com\/wp-content\/uploads\/2025\/09\/L21-Banner-2-1-150x28.png 150w, https:\/\/latinoamerica21.com\/wp-content\/uploads\/2025\/09\/L21-Banner-2-1-696x129.png 696w, https:\/\/latinoamerica21.com\/wp-content\/uploads\/2025\/09\/L21-Banner-2-1-1068x198.png 1068w, https:\/\/latinoamerica21.com\/wp-content\/uploads\/2025\/09\/L21-Banner-2-1-1920x356.png 1920w\" sizes=\"auto, (max-width: 1024px) 100vw, 1024px\" \/><\/a><\/figure>\n\n\n\n<p class=\"wp-block-paragraph\">El episodio forma parte de un ciclo pol\u00edtico que est\u00e1 modificando el equilibrio regional. En los \u00faltimos a\u00f1os, la derecha avanz\u00f3 en Argentina, Bolivia, Chile, Ecuador y Paraguay, y en 2026 sum\u00f3 las victorias de Keiko Fujimori en Per\u00fa y Abelardo de la Espriella en Colombia. Brasil se prepara ahora para una de las elecciones m\u00e1s importantes del a\u00f1o, que se celebrar\u00e1 en octubre. Este desplazamiento muestra que la derecha ha ganado terreno en buena parte de Am\u00e9rica del Sur, aunque sus gobiernos y proyectos pol\u00edticos respondan a tradiciones y agendas diferentes.<\/p>\n\n\n\n<p class=\"wp-block-paragraph\">No se trata, sin embargo, de una simple repetici\u00f3n de la \u201cola conservadora\u201d de d\u00e9cadas anteriores. El propio campo de la derecha est\u00e1 cambiando. Partidos tradicionales incorporan discursos de seguridad, reducci\u00f3n del Estado y confrontaci\u00f3n cultural, mientras movimientos m\u00e1s radicales buscan convertirse en fuerzas de gobierno. La frontera entre la derecha tradicional, la derecha conservadora y la extrema derecha se vuelve cada vez m\u00e1s dif\u00edcil de establecer.<\/p>\n\n\n\n<p class=\"wp-block-paragraph\">La inseguridad y el deterioro de las condiciones econ\u00f3micas desempe\u00f1an un papel central en este proceso. Las promesas de \u201cmano dura\u201d frente al crimen se combinan con un discurso que responsabiliza a las \u00e9lites pol\u00edticas tradicionales por la crisis. La experiencia de Nayib Bukele en El Salvador y el regreso de Donald Trump a la Casa Blanca ofrecen referencias para estas nuevas derechas, que encuentran en la seguridad, la confrontaci\u00f3n cultural y el rechazo a la izquierda instrumentos de movilizaci\u00f3n electoral.<\/p>\n\n\n\n<p class=\"wp-block-paragraph\">Brasil es ahora uno de los principales escenarios de esta disputa. Las encuestas m\u00e1s recientes mantienen a Lula al frente, pero muestran una competencia estrecha con Fl\u00e1vio Bolsonaro. La investigaci\u00f3n <em>BTG\/Nexus<\/em> divulgada el 17 de agosto registra 41% para Lula y 36% para Fl\u00e1vio en el primer turno. En un eventual segundo turno, Lula obtiene 47% y Fl\u00e1vio 44%. La encuesta de <em>Quaest<\/em> tambi\u00e9n indicaba un escenario ajustado, con 43% para Lula y 40% para Fl\u00e1vio en el segundo turno.<\/p>\n\n\n\n<p class=\"wp-block-paragraph\">Pero la disputa no se limita a los dos principales candidatos. Ronaldo Caiado, Romeu Zema y Renan Santos tambi\u00e9n buscan ocupar el espacio conservador, aunque todav\u00eda aparecen con porcentajes menores en las encuestas. Su presencia revela una disputa dentro de la propia derecha por definir qui\u00e9n ser\u00e1 capaz de representar a este electorado y, eventualmente, superar el liderazgo pol\u00edtico construido por Jair Bolsonaro.<\/p>\n\n\n\n<p class=\"wp-block-paragraph\">La dimensi\u00f3n estadounidense es fundamental para comprender este escenario. El gobierno de Donald Trump dej\u00f3 de ser una referencia ideol\u00f3gica distante para convertirse en un actor con capacidad concreta de intervenir en los conflictos pol\u00edticos latinoamericanos. La presi\u00f3n comercial sobre Brasil, las cr\u00edticas a instituciones brasile\u00f1as y el respaldo pol\u00edtico a sectores bolsonaristas, vinculados al expresidente Jair Bolsonaro, condenado por intento de golpe de Estado, colocan nuevamente a Washington en el centro de las disputas sobre la orientaci\u00f3n pol\u00edtica de la regi\u00f3n.<\/p>\n\n\n\n<p class=\"wp-block-paragraph\">Aqu\u00ed aparece una contradicci\u00f3n central. Mientras las nuevas derechas latinoamericanas utilizan el lenguaje de la soberan\u00eda nacional, muchas buscan simult\u00e1neamente una relaci\u00f3n privilegiada con Washington y aceptan instrumentos externos de presi\u00f3n contra gobiernos adversarios. La soberan\u00eda parece convertirse en un principio selectivo: se invoca frente a la izquierda, pero se relativiza cuando la presi\u00f3n proviene de Estados Unidos y favorece al propio campo pol\u00edtico.<\/p>\n\n\n\n<p class=\"wp-block-paragraph\">Brasil es un caso particularmente evidente. Fl\u00e1vio Bolsonaro ha buscado estrechar sus v\u00ednculos con Trump y presentar su candidatura como parte de una alianza pol\u00edtica internacional m\u00e1s amplia. Sectores del bolsonarismo, adem\u00e1s, han celebrado las medidas adoptadas por Washington contra Brasil. La tensi\u00f3n entre el nacionalismo reivindicado por el bolsonarismo y su disposici\u00f3n a aceptar la presi\u00f3n de una potencia extranjera constituye una de las principales contradicciones de este proyecto pol\u00edtico.<\/p>\n\n\n\n<p class=\"wp-block-paragraph\">Para Lula, esta situaci\u00f3n abre un espacio electoral. Frente a la presi\u00f3n de Washington y los ataques de Milei, el presidente brasile\u00f1o ha reforzado un discurso centrado en la defensa de la soberan\u00eda y de la autonom\u00eda nacional. Mientras Fl\u00e1vio combina un discurso nacionalista con una estrecha aproximaci\u00f3n a Trump, Lula busca presentar la presi\u00f3n externa como una amenaza a los intereses brasile\u00f1os y contraponerle una pol\u00edtica de mayor autonom\u00eda internacional.<\/p>\n\n\n\n<p class=\"wp-block-paragraph\">La confrontaci\u00f3n tambi\u00e9n tiene costos para ambos pa\u00edses. Brasil y Argentina poseen una relaci\u00f3n econ\u00f3mica y estrat\u00e9gica que excede las preferencias ideol\u00f3gicas de sus gobiernos. Comercio, inversiones, cadenas productivas, energ\u00eda y el Mercosur dependen de un v\u00ednculo relativamente estable. La estrategia de confrontaci\u00f3n de Milei puede fortalecer su posici\u00f3n dentro de la derecha regional, pero deteriora una relaci\u00f3n fundamental para la econom\u00eda argentina y para la integraci\u00f3n sudamericana.<\/p>\n\n\n\n<p class=\"wp-block-paragraph\">Esta conexi\u00f3n entre pol\u00edtica dom\u00e9stica y pol\u00edtica exterior es uno de los rasgos centrales de la nueva derecha regional. Las disputas electorales ya no se desarrollan exclusivamente dentro de las fronteras nacionales: los liderazgos intercambian apoyos, discursos y estrategias, mientras actores externos como Estados Unidos adquieren un papel cada vez m\u00e1s visible en la configuraci\u00f3n de alianzas pol\u00edticas.<\/p>\n\n\n\n<p class=\"wp-block-paragraph\">Por eso, la elecci\u00f3n brasile\u00f1a ser\u00e1 m\u00e1s que una disputa presidencial. Ser\u00e1 una prueba sobre la capacidad de la nueva derecha latinoamericana para transformar su crecimiento electoral en una hegemon\u00eda regional y, al mismo tiempo, sobre qui\u00e9n conseguir\u00e1 liderar el campo conservador brasile\u00f1o. Despu\u00e9s de las victorias de la derecha en Per\u00fa y Colombia, Brasil se convierte en uno de los principales territorios en disputa entre dos proyectos distintos para el futuro pol\u00edtico de la regi\u00f3n.<\/p>\n\n\n\n<p class=\"wp-block-paragraph\">El resultado mostrar\u00e1 si esta transformaci\u00f3n consigue consolidarse o si Lula todav\u00eda puede representar un l\u00edmite a la nueva configuraci\u00f3n pol\u00edtica regional. En octubre, Brasil no solamente elegir\u00e1 un presidente: tambi\u00e9n estar\u00e1 en juego el equilibrio pol\u00edtico de Am\u00e9rica Latina y el tipo de relaci\u00f3n que la regi\u00f3n establecer\u00e1 con Estados Unidos.<\/p>\n","protected":false},"excerpt":{"rendered":"<p>La visita de Milei a Brasil expuso la creciente coordinaci\u00f3n de las nuevas derechas latinoamericanas y convirti\u00f3 las elecciones brasile\u00f1as en una disputa clave por el rumbo pol\u00edtico de la regi\u00f3n.<\/p>\n","protected":false},"author":940,"featured_media":58594,"comment_status":"closed","ping_status":"closed","sticky":false,"template":"","format":"standard","meta":{"_acf_changed":false,"episode_type":"","audio_file":"","podmotor_file_id":"","podmotor_episode_id":"","cover_image":"","cover_image_id":"","duration":"","filesize":"","filesize_raw":"","date_recorded":"","explicit":"","block":"","itunes_episode_number":"","itunes_title":"","itunes_season_number":"","itunes_episode_type":"","footnotes":""},"categories":[16487,16607],"tags":[14126],"gps":[],"class_list":["post-58593","post","type-post","status-publish","format-standard","has-post-thumbnail","category-brasil","category-javier-milei","tag-debates-br-es"],"acf":[],"_links":{"self":[{"href":"https:\/\/latinoamerica21.com\/es\/wp-json\/wp\/v2\/posts\/58593","targetHints":{"allow":["GET"]}}],"collection":[{"href":"https:\/\/latinoamerica21.com\/es\/wp-json\/wp\/v2\/posts"}],"about":[{"href":"https:\/\/latinoamerica21.com\/es\/wp-json\/wp\/v2\/types\/post"}],"author":[{"embeddable":true,"href":"https:\/\/latinoamerica21.com\/es\/wp-json\/wp\/v2\/users\/940"}],"replies":[{"embeddable":true,"href":"https:\/\/latinoamerica21.com\/es\/wp-json\/wp\/v2\/comments?post=58593"}],"version-history":[{"count":1,"href":"https:\/\/latinoamerica21.com\/es\/wp-json\/wp\/v2\/posts\/58593\/revisions"}],"predecessor-version":[{"id":58597,"href":"https:\/\/latinoamerica21.com\/es\/wp-json\/wp\/v2\/posts\/58593\/revisions\/58597"}],"wp:featuredmedia":[{"embeddable":true,"href":"https:\/\/latinoamerica21.com\/es\/wp-json\/wp\/v2\/media\/58594"}],"wp:attachment":[{"href":"https:\/\/latinoamerica21.com\/es\/wp-json\/wp\/v2\/media?parent=58593"}],"wp:term":[{"taxonomy":"category","embeddable":true,"href":"https:\/\/latinoamerica21.com\/es\/wp-json\/wp\/v2\/categories?post=58593"},{"taxonomy":"post_tag","embeddable":true,"href":"https:\/\/latinoamerica21.com\/es\/wp-json\/wp\/v2\/tags?post=58593"},{"taxonomy":"gps","embeddable":true,"href":"https:\/\/latinoamerica21.com\/es\/wp-json\/wp\/v2\/gps?post=58593"}],"curies":[{"name":"wp","href":"https:\/\/api.w.org\/{rel}","templated":true}]}}