{"id":58619,"date":"2026-09-02T09:00:00","date_gmt":"2026-09-02T12:00:00","guid":{"rendered":"https:\/\/latinoamerica21.com\/?p=58619"},"modified":"2026-09-01T06:01:45","modified_gmt":"2026-09-01T09:01:45","slug":"la-mafia-balcanica-en-america-latina-el-crimen-organizado-que-no-necesita-territorio","status":"publish","type":"post","link":"https:\/\/latinoamerica21.com\/es\/la-mafia-balcanica-en-america-latina-el-crimen-organizado-que-no-necesita-territorio\/","title":{"rendered":"La mafia balc\u00e1nica en Am\u00e9rica Latina: el crimen organizado que no necesita territorio"},"content":{"rendered":"\n<p class=\"wp-block-paragraph\">\u00bfQu\u00e9 pasa cuando una organizaci\u00f3n criminal deja de querer territorio y empieza a querer, simplemente, eficiencia? Esa pregunta, m\u00e1s que cualquier mapa de rutas o listado de incautaciones, es la que resume mejor lo que ha ocurrido con las redes albanesas en Am\u00e9rica Latina durante la \u00faltima d\u00e9cada. El reflejo habitual, casi autom\u00e1tico, ha sido pensar el crimen organizado como una estructura que avanza a fuerza de plomo y control territorial. La trayectoria balc\u00e1nica en la regi\u00f3n desmonta ese reflejo con paciencia y con cifras. Aqu\u00ed no hay ej\u00e9rcitos ni banderas. Hay, en cambio, una gobernanza criminal construida sobre la intermediaci\u00f3n log\u00edstica, la sofisticaci\u00f3n h\u00edbrida entre econom\u00edas legales e il\u00edcitas, y una capacidad de reingenier\u00eda operativa que le permite instalarse dentro de cadenas de valor existentes, sin necesidad de disputarlas a balazos.<\/p>\n\n\n\n<p class=\"wp-block-paragraph\">La tesis de este an\u00e1lisis es, en el fondo, sencilla: la expansi\u00f3n albanesa, m\u00e1s que responder a una l\u00f3gica de conquista, responde a una explotaci\u00f3n sistem\u00e1tica de la vulnerabilidad estructural de los Estados receptores. Y esa distinci\u00f3n, aunque parezca sutil, cambia por completo el tipo de pol\u00edtica p\u00fablica que se necesita para contenerla.<\/p>\n\n\n\n<figure class=\"wp-block-image size-large\"><a href=\"https:\/\/dona.latinoamerica21.com\/\"><img loading=\"lazy\" decoding=\"async\" width=\"1024\" height=\"190\" src=\"https:\/\/latinoamerica21.com\/wp-content\/uploads\/2025\/09\/L21-Banner-2-1-1024x190.png\" alt=\"\" class=\"wp-image-51423\" srcset=\"https:\/\/latinoamerica21.com\/wp-content\/uploads\/2025\/09\/L21-Banner-2-1-1024x190.png 1024w, https:\/\/latinoamerica21.com\/wp-content\/uploads\/2025\/09\/L21-Banner-2-1-300x56.png 300w, https:\/\/latinoamerica21.com\/wp-content\/uploads\/2025\/09\/L21-Banner-2-1-768x142.png 768w, https:\/\/latinoamerica21.com\/wp-content\/uploads\/2025\/09\/L21-Banner-2-1-1536x284.png 1536w, https:\/\/latinoamerica21.com\/wp-content\/uploads\/2025\/09\/L21-Banner-2-1-2048x379.png 2048w, https:\/\/latinoamerica21.com\/wp-content\/uploads\/2025\/09\/L21-Banner-2-1-150x28.png 150w, https:\/\/latinoamerica21.com\/wp-content\/uploads\/2025\/09\/L21-Banner-2-1-696x129.png 696w, https:\/\/latinoamerica21.com\/wp-content\/uploads\/2025\/09\/L21-Banner-2-1-1068x198.png 1068w, https:\/\/latinoamerica21.com\/wp-content\/uploads\/2025\/09\/L21-Banner-2-1-1920x356.png 1920w\" sizes=\"auto, (max-width: 1024px) 100vw, 1024px\" \/><\/a><\/figure>\n\n\n\n<p class=\"wp-block-paragraph\">Vale la pena empezar por el origen. De acuerdo con el documental <a href=\"https:\/\/www.youtube.com\/watch?v=GIuCM_i7bMQ\"><em>Mafia Albanesa \u2013 Familias Narco<\/em><\/a> (D News, 2025), la organizaci\u00f3n se consolid\u00f3 tras la ca\u00edda del r\u00e9gimen comunista alban\u00e9s en los a\u00f1os noventa, un quiebre hist\u00f3rico que empuj\u00f3 su proyecci\u00f3n hacia Europa occidental y, m\u00e1s tarde, hacia Am\u00e9rica Latina. Su estructura, articulada en clanes familiares, le regal\u00f3 algo que pocas organizaciones criminales logran sostener en el tiempo: cohesi\u00f3n interna sin necesidad de exhibici\u00f3n p\u00fablica de poder. Una reingenier\u00eda silenciosa que lo \u00fanico que busca es que el negocio funcione.<\/p>\n\n\n\n<p class=\"wp-block-paragraph\"><strong>Una empresa transnacional disfrazada de mafia<\/strong><\/p>\n\n\n\n<p class=\"wp-block-paragraph\">Llamarla \u201cmafia\u201d quiz\u00e1s ya se qued\u00f3 corto. El reportaje de Arturo Torres en <a href=\"https:\/\/dialogopolitico.org\/dp-enfoque\/dp-enfoque-20-redes-con-podercomo-opera-la-mafia-albanesa-en-latinoamerica\/\"><em>Di\u00e1logo Pol\u00edtico<\/em><\/a> (2026) documenta que estas redes operan como coaliciones de grupos dispares e independientes que priorizan la alianza sobre la confrontaci\u00f3n. Eso redefine, de ra\u00edz, la l\u00f3gica del poder criminal tal como la conoc\u00edamos. El caso de Dritan Gjika lo ilustra bien: su estructura combin\u00f3 un esquema corporativo dual, con una facci\u00f3n encargada de la compra, transporte y exportaci\u00f3n de coca\u00edna, y otra dedicada al lavado de activos mediante empresas fachada, incluida la infiltraci\u00f3n del comercio bananero ecuatoriano. Fruta legal por fuera, alcaloide por dentro.<\/p>\n\n\n\n<p class=\"wp-block-paragraph\">Las cifras, aqu\u00ed, dejan de ser un adorno estad\u00edstico y empiezan a contar una historia por s\u00ed solas. Entre 2019 y 2025, Ecuador pas\u00f3 de incautar 80 a 226 toneladas de coca\u00edna, acumulando 835 toneladas en ese periodo, mientras distintos analistas calculan que m\u00e1s de 4.000 toneladas habr\u00edan salido del pa\u00eds hacia mercados internacionales en el mismo lapso. \u00bfC\u00f3mo se sostiene un flujo de esa magnitud sin un entramado log\u00edstico verdaderamente sofisticado? Un dato ayuda a responder: cerca del 70% de la coca\u00edna colombiana saldr\u00eda hoy por puertos ecuatorianos, lo que confirma su papel de nodo log\u00edstico global y no de simple corredor de paso.<\/p>\n\n\n\n<p class=\"wp-block-paragraph\">Detr\u00e1s de esa magnitud hay, adem\u00e1s, una econom\u00eda elemental que explica la velocidad de la expansi\u00f3n. El precio del kilogramo crece de forma casi vertical a lo largo de la cadena: entre 500 y 2.500 d\u00f3lares en zonas productoras, cerca de 35.000 en Europa y m\u00e1s de 150.000 en mercados como Australia. Con ese margen, no sorprende que redes de Italia, Turqu\u00eda y Rusia hayan empezado a disputarse rutas que antes eran territorio casi exclusivo de los clanes balc\u00e1nicos. El giro en la demanda mundial tambi\u00e9n empuja en la misma direcci\u00f3n: desde 2020, Europa super\u00f3 a Estados Unidos como principal mercado consumidor de coca\u00edna, y ese mercado se habr\u00eda cuadruplicado entre 2010 y 2025.<\/p>\n\n\n\n<p class=\"wp-block-paragraph\">Ah\u00ed aparece una figura que, sin ser la m\u00e1s visible, resulta decisiva: el emisario. Gavin Voss, en su an\u00e1lisis para <a href=\"https:\/\/insightcrime.org\/es\/noticias\/distintas-caras-crimen-organizado-balcanico-america-latina\/\">InSight Crime<\/a>, describe a estos operadores como negociadores que viajan directamente a Ecuador, Colombia y Brasil, eliminando intermediarios y qued\u00e1ndose con un margen mayor de ganancia. El caso de Dritan Rexhepi, quien habr\u00eda seguido coordinando env\u00edos desde prisi\u00f3n hasta 2021, revela algo inc\u00f3modo: la continuidad de estas redes no est\u00e1 supeditada a la libertad de un individuo, al contar con v\u00ednculos ya consolidados, capaces de sobrevivir a la c\u00e1rcel de su propio l\u00edder. Capturar a un capo, entonces, deja de ser garant\u00eda.<\/p>\n\n\n\n<p class=\"wp-block-paragraph\">El componente financiero termina de cerrar el cuadro. La sanci\u00f3n impuesta en 2025 por el Departamento del Tesoro de Estados Unidos contra una red vinculada a la familia Hysa, que operaba junto al C\u00e1rtel de Sinaloa, confirma que el lavado de activos ya deja de ser un ap\u00e9ndice del negocio para convertirse en su continuaci\u00f3n natural. A su vez, el reportaje de Dar\u00edo Brooks para <a href=\"https:\/\/www.bbc.com\/mundo\/noticias-america-latina-63579332\">BBC Mundo<\/a> (2022, actualizado en 2024) aporta un matiz que conviene no perder de vista: los ciudadanos albaneses, como los detectados en Per\u00fa, se concentran justamente en las tareas financieras y log\u00edsticas, m\u00e1s que en el control armado del territorio. La incautaci\u00f3n de dos toneladas de coca\u00edna l\u00edquida ocultas en esp\u00e1rragos, valoradas en 77 millones de d\u00f3lares, es apenas una muestra de hasta d\u00f3nde llega esa especializaci\u00f3n.&nbsp;<\/p>\n\n\n\n<p class=\"wp-block-paragraph\">La presencia balc\u00e1nica en la regi\u00f3n, de hecho, no es nueva: se remonta a inicios de los a\u00f1os 2000, con v\u00ednculos posteriores hacia la &#8216;Ndrangheta italiana y hacia puertos como Rotterdam y Amberes, seg\u00fan registros de Europol. Todo apunta, en \u00faltima instancia, a una relaci\u00f3n de cooperaci\u00f3n con actores latinoamericanos \u2014incluido el entorno de Ismael Zambada\u2014, m\u00e1s que a una disputa por el control del territorio.<\/p>\n\n\n\n<p class=\"wp-block-paragraph\"><strong>Retos y propuestas de pol\u00edtica de Estado<\/strong><\/p>\n\n\n\n<p class=\"wp-block-paragraph\">Y, a todas estas, \u00bfqu\u00e9 hace un Estado frente a un adversario que no quiere pelear por la calle, sino infiltrar la contabilidad? La respuesta exige salir del reflejo militar y construir una estrategia en tres pilares.<\/p>\n\n\n\n<p class=\"wp-block-paragraph\">El primero es la trazabilidad financiera: unidades especializadas, con capacidad t\u00e9cnica real, para detectar empresas fachada en sectores exportadores sensibles como el bananero o el agroindustrial.&nbsp;<\/p>\n\n\n\n<p class=\"wp-block-paragraph\">El segundo es la reingenier\u00eda de los sistemas migratorios y portuarios, cerrando las ventanas de oportunidad que hoy facilitan la infiltraci\u00f3n silenciosa de econom\u00edas legales. El tercero, quiz\u00e1s el m\u00e1s urgente, es la construcci\u00f3n de inteligencia regional compartida entre Ecuador, Colombia, Per\u00fa y Brasil, capaz de anticipar patrones de operaci\u00f3n en lugar de reaccionar, una vez m\u00e1s, a la pr\u00f3xima incautaci\u00f3n aislada.<\/p>\n\n\n\n<p class=\"wp-block-paragraph\">Ninguno de estos pilares es vistoso. Ninguno da titulares f\u00e1ciles. Pero son, en definitiva, los que podr\u00edan determinar si un Estado logra recuperar control civil leg\u00edtimo sobre los espacios econ\u00f3micos que hoy est\u00e1n siendo capturados desde adentro.<\/p>\n\n\n\n<p class=\"wp-block-paragraph\">La expansi\u00f3n de las redes albanesas en Am\u00e9rica Latina confirma una mutaci\u00f3n relevante del crimen organizado contempor\u00e1neo: menos visible, pero notablemente eficiente. Contenerla exige, sobre todo, una decisi\u00f3n pol\u00edtica sostenida en el tiempo, m\u00e1s all\u00e1 del ciclo de una sola administraci\u00f3n. Bajo esa premisa, cualquier hoja de ruta seria deber\u00e1 poner en el centro la dignidad humana de las comunidades que hoy conviven, muchas veces sin saberlo, con estas estructuras; el fortalecimiento institucional de los Estados de la regi\u00f3n; y la transparencia en la gesti\u00f3n de las econom\u00edas que, sin quererlo, terminan sosteni\u00e9ndolas.&nbsp;<\/p>\n\n\n\n<p class=\"wp-block-paragraph\">Porque, al final, la pregunta hoy no es c\u00f3mo perseguir a una mafia, sino c\u00f3mo dejar de ofrecerle las condiciones para prosperar.<\/p>\n","protected":false},"excerpt":{"rendered":"<p>Las redes criminales balc\u00e1nicas est\u00e1n transformando el crimen organizado en Am\u00e9rica Latina: menos territorio y violencia visible, y m\u00e1s log\u00edstica, alianzas transnacionales e infiltraci\u00f3n de econom\u00edas legales.<\/p>\n","protected":false},"author":485,"featured_media":58620,"comment_status":"closed","ping_status":"closed","sticky":false,"template":"","format":"standard","meta":{"_acf_changed":false,"episode_type":"","audio_file":"","podmotor_file_id":"","podmotor_episode_id":"","cover_image":"","cover_image_id":"","duration":"","filesize":"","filesize_raw":"","date_recorded":"","explicit":"","block":"","itunes_episode_number":"","itunes_title":"","itunes_season_number":"","itunes_episode_type":"","footnotes":""},"categories":[16491],"tags":[14126],"gps":[],"class_list":["post-58619","post","type-post","status-publish","format-standard","has-post-thumbnail","category-crimen-organizado","tag-debates-br-es"],"acf":[],"_links":{"self":[{"href":"https:\/\/latinoamerica21.com\/es\/wp-json\/wp\/v2\/posts\/58619","targetHints":{"allow":["GET"]}}],"collection":[{"href":"https:\/\/latinoamerica21.com\/es\/wp-json\/wp\/v2\/posts"}],"about":[{"href":"https:\/\/latinoamerica21.com\/es\/wp-json\/wp\/v2\/types\/post"}],"author":[{"embeddable":true,"href":"https:\/\/latinoamerica21.com\/es\/wp-json\/wp\/v2\/users\/485"}],"replies":[{"embeddable":true,"href":"https:\/\/latinoamerica21.com\/es\/wp-json\/wp\/v2\/comments?post=58619"}],"version-history":[{"count":1,"href":"https:\/\/latinoamerica21.com\/es\/wp-json\/wp\/v2\/posts\/58619\/revisions"}],"predecessor-version":[{"id":58623,"href":"https:\/\/latinoamerica21.com\/es\/wp-json\/wp\/v2\/posts\/58619\/revisions\/58623"}],"wp:featuredmedia":[{"embeddable":true,"href":"https:\/\/latinoamerica21.com\/es\/wp-json\/wp\/v2\/media\/58620"}],"wp:attachment":[{"href":"https:\/\/latinoamerica21.com\/es\/wp-json\/wp\/v2\/media?parent=58619"}],"wp:term":[{"taxonomy":"category","embeddable":true,"href":"https:\/\/latinoamerica21.com\/es\/wp-json\/wp\/v2\/categories?post=58619"},{"taxonomy":"post_tag","embeddable":true,"href":"https:\/\/latinoamerica21.com\/es\/wp-json\/wp\/v2\/tags?post=58619"},{"taxonomy":"gps","embeddable":true,"href":"https:\/\/latinoamerica21.com\/es\/wp-json\/wp\/v2\/gps?post=58619"}],"curies":[{"name":"wp","href":"https:\/\/api.w.org\/{rel}","templated":true}]}}