{"id":58632,"date":"2026-09-03T09:00:00","date_gmt":"2026-09-03T12:00:00","guid":{"rendered":"https:\/\/latinoamerica21.com\/?p=58632"},"modified":"2026-09-02T09:41:07","modified_gmt":"2026-09-02T12:41:07","slug":"el-sur-global-o-una-nueva-geografia-del-poder","status":"publish","type":"post","link":"https:\/\/latinoamerica21.com\/es\/el-sur-global-o-una-nueva-geografia-del-poder\/","title":{"rendered":"El sur global o una nueva geograf\u00eda del poder"},"content":{"rendered":"\n<p class=\"wp-block-paragraph\">Nunca se habl\u00f3 tanto del Sur Global. China reivindica su pertenencia a pesar de ser la segunda econom\u00eda del mundo; India aspira a convertirse en una de sus voces; Brasil lo ha incorporado a su discurso internacional y los BRICS hacen de esa identidad una parte creciente de su narrativa. Sin embargo, nadie puede establecer con precisi\u00f3n d\u00f3nde empieza y d\u00f3nde termina.<\/p>\n\n\n\n<p class=\"wp-block-paragraph\">\u00bfEstamos frente a un nuevo actor internacional o frente a una categor\u00eda que cataliza transformaciones reales del poder mundial? El experto Juan Agull\u00f3, coordinador del Diploma Superior en Geopol\u00edtica de CLACSO, propone una reivindicaci\u00f3n del concepto: tampoco \u201cOccidente\u201d tiene fronteras estables y eso no impide utilizarlo como categor\u00eda geopol\u00edtica. El Sur Global, sostiene, es una categor\u00eda \u201cdefinitivamente evolutiva\u201d, con una genealog\u00eda que pasa por los No Alineados, el G77 y los debates sobre centro y periferia.&nbsp; La imprecisi\u00f3n, por lo tanto, no volver\u00eda in\u00fatil al concepto.<\/p>\n\n\n\n<figure class=\"wp-block-image size-large\"><a href=\"https:\/\/dona.latinoamerica21.com\/\"><img loading=\"lazy\" decoding=\"async\" width=\"1024\" height=\"190\" src=\"https:\/\/latinoamerica21.com\/wp-content\/uploads\/2025\/09\/L21-Banner-2-1-1024x190.png\" alt=\"\" class=\"wp-image-51423\" srcset=\"https:\/\/latinoamerica21.com\/wp-content\/uploads\/2025\/09\/L21-Banner-2-1-1024x190.png 1024w, https:\/\/latinoamerica21.com\/wp-content\/uploads\/2025\/09\/L21-Banner-2-1-300x56.png 300w, https:\/\/latinoamerica21.com\/wp-content\/uploads\/2025\/09\/L21-Banner-2-1-768x142.png 768w, https:\/\/latinoamerica21.com\/wp-content\/uploads\/2025\/09\/L21-Banner-2-1-1536x284.png 1536w, https:\/\/latinoamerica21.com\/wp-content\/uploads\/2025\/09\/L21-Banner-2-1-2048x379.png 2048w, https:\/\/latinoamerica21.com\/wp-content\/uploads\/2025\/09\/L21-Banner-2-1-150x28.png 150w, https:\/\/latinoamerica21.com\/wp-content\/uploads\/2025\/09\/L21-Banner-2-1-696x129.png 696w, https:\/\/latinoamerica21.com\/wp-content\/uploads\/2025\/09\/L21-Banner-2-1-1068x198.png 1068w, https:\/\/latinoamerica21.com\/wp-content\/uploads\/2025\/09\/L21-Banner-2-1-1920x356.png 1920w\" sizes=\"auto, (max-width: 1024px) 100vw, 1024px\" \/><\/a><\/figure>\n\n\n\n<p class=\"wp-block-paragraph\">Que el Sur Global pueda funcionar como categor\u00eda anal\u00edtica no lo convierte en actor pol\u00edtico monol\u00edtico. Los pa\u00edses comprendidos bajo esa denominaci\u00f3n tienen reg\u00edmenes diferentes, niveles de desarrollo extraordinariamente desiguales e intereses econ\u00f3micos y estrat\u00e9gicos que muchas veces chocan entre s\u00ed. Sin embargo, varios de sus principales integrantes compiten por representar esa identidad.<\/p>\n\n\n\n<p class=\"wp-block-paragraph\">El concepto del Sur Global precede largamente al ascenso de China, pero Beijing tiene un inter\u00e9s evidente en consolidarlo como identidad pol\u00edtica y se define como parte de \u00e9l. India, por su parte, ha organizado sucesivas cumbres bajo el nombre <em>Voice of Global South<\/em>, mientras el Brasil de Lula tambi\u00e9n incorpora esa identidad a su proyecci\u00f3n internacional como una potencia intermedia, representante del Sur Global desde Occidente.<\/p>\n\n\n\n<p class=\"wp-block-paragraph\">La paradoja es evidente: quienes pretenden representar al Sur Global tambi\u00e9n compiten entre s\u00ed por mercados, inversiones, tecnolog\u00eda e influencia. M\u00e1s all\u00e1 de las dificultades de la categor\u00eda, hay transformaciones materiales que ayudan a explicar por qu\u00e9 ha adquirido tanta relevancia.<\/p>\n\n\n\n<p class=\"wp-block-paragraph\"><strong>El regreso de la materialidad<\/strong><\/p>\n\n\n\n<p class=\"wp-block-paragraph\">Durante las d\u00e9cadas de globalizaci\u00f3n se instal\u00f3 cierta ilusi\u00f3n de que la distancia, las fronteras y la localizaci\u00f3n de los recursos hab\u00edan perdido importancia relativa. Las recientes guerras calientes, las sanciones, la competencia entre Estados Unidos y China, y la vulnerabilidad de las cadenas de suministro nos obligaron a volver a mirar el mapa: Suez, Malaca, Panam\u00e1, el Mar Rojo o el Mar Negro vuelven a formar parte de la conversaci\u00f3n.&nbsp; La globalizaci\u00f3n no elimin\u00f3 la geograf\u00eda, m\u00e1s bien construy\u00f3 una enorme infraestructura que depende de ella.<\/p>\n\n\n\n<p class=\"wp-block-paragraph\">Las materias primas tambi\u00e9n regresaron a los Excels de las empresas y a la planificaci\u00f3n de las cuentas p\u00fablicas. Petr\u00f3leo y gas contin\u00faan siendo estrat\u00e9gicos, pero la electrificaci\u00f3n y la digitalizaci\u00f3n aumentaron la importancia del litio, cobre, n\u00edquel, cobalto, grafito y tierras raras.<\/p>\n\n\n\n<p class=\"wp-block-paragraph\">Una proporci\u00f3n considerable de las reservas y la producci\u00f3n de minerales cr\u00edticos se concentra en pa\u00edses en desarrollo. Existe sin embargo una diferencia cualitativa entre poseer esos recursos y controlar las cadenas de valor. China ocupa posiciones dominantes y de escala en el refinado y procesamiento de numerosos minerales estrat\u00e9gicos, y es precisamente all\u00ed donde el recurso se convierte en capacidad industrial y tecnol\u00f3gica.<\/p>\n\n\n\n<p class=\"wp-block-paragraph\">Seg\u00fan M\u00f3nica Bruckmann, co-coordinadora del Diploma Superior en Geopol\u00edtica de CLACSO, \u201chay elementos subjetivos abstractos que est\u00e1n cambiando: la cartograf\u00eda es tambi\u00e9n una expresi\u00f3n de poder. Los mapas que durante siglos colocaron al Atl\u00e1ntico Norte en el centro empiezan a convivir con representaciones en las que el \u00cdndico y el Pac\u00edfico ocupan una posici\u00f3n central\u201d.<\/p>\n\n\n\n<p class=\"wp-block-paragraph\">Mientras que Agull\u00f3 introduce una precisi\u00f3n importante sobre la geograf\u00eda: recuperarla no significa regresar al determinismo de la vieja geopol\u00edtica: \u201cLa materialidad del siglo XXI est\u00e1 constituida tambi\u00e9n por puertos de aguas profundas, carreteras, redes el\u00e9ctricas, internet y cadenas globales de valor\u201d. El territorio importa, pero tambi\u00e9n aquello que permite conectarlo, explotarlo, procesarlo y convertirlo en capacidad econ\u00f3mica.<\/p>\n\n\n\n<p class=\"wp-block-paragraph\">Algunos territorios empiezan incluso a adquirir valor, no s\u00f3lo por aquello que producen hoy, sino por lo que preservan para un futuro m\u00e1s incierto: agua, biodiversidad, capacidad alimentaria, minerales o energ\u00eda. Una suerte de \u201cArca de No\u00e9\u201d geopol\u00edtica.<\/p>\n\n\n\n<p class=\"wp-block-paragraph\"><strong>La paradoja latinoamericana<\/strong><\/p>\n\n\n\n<p class=\"wp-block-paragraph\">Am\u00e9rica Latina posee una extraordinaria dotaci\u00f3n de recursos necesarios para la transici\u00f3n energ\u00e9tica y la econom\u00eda digital, y sin embargo en general se queda atascada en los primeros eslabones de muchas cadenas productivas. Tener algo que el mundo demande no significa necesariamente ser parte del c\u00edrculo decisorio de las reglas del juego internacional. Bruckmann lo plantea como una paradoja: \u201cChina representa una gran oportunidad que nosotros estamos dejando pasar, porque, en gran medida, continuamos pensando en la l\u00f3gica primario exportadora, que fue la l\u00f3gica que se impuso desde el inicio de la colonia, y de la cual todav\u00eda no nos hemos liberado\u201d.<\/p>\n\n\n\n<p class=\"wp-block-paragraph\">La cuesti\u00f3n, entonces, no es solamente qui\u00e9n posee el litio, el cobre o las tierras raras, sino tambi\u00e9n qui\u00e9n dispone capacidad para transformarlos y capturar mayor valor. \u201cEs indispensable tener planes estrat\u00e9gicos y pol\u00edticas concretas para llevar adelante esos planes\u201d, sostiene Bruckmann, y cita el caso de Indonesia, que restringi\u00f3 la exportaci\u00f3n de mineral de n\u00edquel sin procesar como parte de una estrategia de <em>downstreaming<\/em> destinado a impulsar el refinado y la manufactura para capturar mayor valor localmente. La pol\u00edtica gener\u00f3 un conflicto comercial con la Uni\u00f3n Europea y fue cuestionada ante la Organizaci\u00f3n Mundial del Comercio, pero muestra algo fundamental: poseer un recurso y utilizarlo como instrumento de pol\u00edtica industrial son dos cosas diferentes.&nbsp;<\/p>\n\n\n\n<p class=\"wp-block-paragraph\"><strong>M\u00e1s opciones, \u00bfmayor autonom\u00eda?<\/strong><\/p>\n\n\n\n<p class=\"wp-block-paragraph\">El ascenso de China (y el dinamismo de India) ha introducido otra transformaci\u00f3n. Para muchos pa\u00edses que durante d\u00e9cadas dependieron de un n\u00famero reducido de mercados, proveedores tecnol\u00f3gicos y fuentes de financiamiento, el mapa de alternativas se ve ampliado. A los v\u00ednculos tradicionales con Estados Unidos y Europa se suman hoy China y otros actores asi\u00e1ticos, nuevos mecanismos de financiamiento y distintos espacios de cooperaci\u00f3n. El resultado es un sistema con m\u00e1s interlocutores y potencialmente mayores posibilidades de elecci\u00f3n.&nbsp;<\/p>\n\n\n\n<p class=\"wp-block-paragraph\">Agull\u00f3 encuentra en los BRICS una manifestaci\u00f3n particularmente interesante de esta nueva configuraci\u00f3n, que resume con una provocaci\u00f3n: \u201clos BRICS no son la Uni\u00f3n Sovi\u00e9tica\u201d, ya que sus integrantes mantienen intereses distintos y en ocasiones contrapuestos. India y China compiten; productores y consumidores de energ\u00eda persiguen objetivos diferentes, y sus relaciones con Estados Unidos tampoco son equivalentes. Sin embargo, esas divergencias no impiden acuerdos puntuales: India coopera con China dentro de los BRICS mientras, al mismo tiempo, integra el Quad junto con Estados Unidos, Jap\u00f3n y Australia.&nbsp;<\/p>\n\n\n\n<p class=\"wp-block-paragraph\">Quiz\u00e1s all\u00ed haya una transformaci\u00f3n importante respecto de la l\u00f3gica de la Guerra Fr\u00eda. La autonom\u00eda ya no tendr\u00eda necesariamente que significar no alinearse con nadie. Puede consistir en alinearse selectivamente con diferentes actores seg\u00fan intereses concretos.<\/p>\n\n\n\n<p class=\"wp-block-paragraph\">Pero incluso el multi-alineamiento tiene l\u00edmites: a medida que una decisi\u00f3n se acerca al n\u00facleo de los intereses estrat\u00e9gicos de una gran potencia, el margen de autonom\u00eda puede estrecharse velozmente. La reciente controversia entre Estados Unidos y CALF, la distribuidora de energ\u00eda el\u00e9ctrica m\u00e1s grande de la Patagonia argentina, ofrece una peque\u00f1a muestra. La cooperativa denunci\u00f3 presiones estadounidenses ante la posibilidad de contratar tecnolog\u00eda de Huawei para infraestructura tecnol\u00f3gica en una regi\u00f3n particularmente sensible por su proximidad a Vaca Muerta. Washington considera a la compa\u00f1\u00eda china una amenaza para su seguridad nacional.<\/p>\n\n\n\n<p class=\"wp-block-paragraph\">Las pugnas entre China y Estados Unidos dibujan l\u00edneas rojas que, por ahora, tiene alto costo pisar. El episodio llama a cautela: contar m\u00e1s proveedores, inversores y socios aumenta las alternativas, pero no necesariamente elimina las jerarqu\u00edas.<\/p>\n","protected":false},"excerpt":{"rendered":"<p>El Sur Global emerge como una nueva geograf\u00eda del poder mundial, donde los recursos y las alianzas estrat\u00e9gicas est\u00e1n redefiniendo los m\u00e1rgenes de autonom\u00eda de los pa\u00edses en desarrollo.<\/p>\n","protected":false},"author":487,"featured_media":58633,"comment_status":"closed","ping_status":"closed","sticky":false,"template":"","format":"standard","meta":{"_acf_changed":false,"episode_type":"","audio_file":"","podmotor_file_id":"","podmotor_episode_id":"","cover_image":"","cover_image_id":"","duration":"","filesize":"","filesize_raw":"","date_recorded":"","explicit":"","block":"","itunes_episode_number":"","itunes_title":"","itunes_season_number":"","itunes_episode_type":"","footnotes":""},"categories":[17478,16604],"tags":[14126],"gps":[],"class_list":["post-58632","post","type-post","status-publish","format-standard","has-post-thumbnail","category-geopolitica","category-sur-global","tag-debates-br-es"],"acf":[],"_links":{"self":[{"href":"https:\/\/latinoamerica21.com\/es\/wp-json\/wp\/v2\/posts\/58632","targetHints":{"allow":["GET"]}}],"collection":[{"href":"https:\/\/latinoamerica21.com\/es\/wp-json\/wp\/v2\/posts"}],"about":[{"href":"https:\/\/latinoamerica21.com\/es\/wp-json\/wp\/v2\/types\/post"}],"author":[{"embeddable":true,"href":"https:\/\/latinoamerica21.com\/es\/wp-json\/wp\/v2\/users\/487"}],"replies":[{"embeddable":true,"href":"https:\/\/latinoamerica21.com\/es\/wp-json\/wp\/v2\/comments?post=58632"}],"version-history":[{"count":1,"href":"https:\/\/latinoamerica21.com\/es\/wp-json\/wp\/v2\/posts\/58632\/revisions"}],"predecessor-version":[{"id":58636,"href":"https:\/\/latinoamerica21.com\/es\/wp-json\/wp\/v2\/posts\/58632\/revisions\/58636"}],"wp:featuredmedia":[{"embeddable":true,"href":"https:\/\/latinoamerica21.com\/es\/wp-json\/wp\/v2\/media\/58633"}],"wp:attachment":[{"href":"https:\/\/latinoamerica21.com\/es\/wp-json\/wp\/v2\/media?parent=58632"}],"wp:term":[{"taxonomy":"category","embeddable":true,"href":"https:\/\/latinoamerica21.com\/es\/wp-json\/wp\/v2\/categories?post=58632"},{"taxonomy":"post_tag","embeddable":true,"href":"https:\/\/latinoamerica21.com\/es\/wp-json\/wp\/v2\/tags?post=58632"},{"taxonomy":"gps","embeddable":true,"href":"https:\/\/latinoamerica21.com\/es\/wp-json\/wp\/v2\/gps?post=58632"}],"curies":[{"name":"wp","href":"https:\/\/api.w.org\/{rel}","templated":true}]}}