{"id":58653,"date":"2026-09-04T09:00:00","date_gmt":"2026-09-04T12:00:00","guid":{"rendered":"https:\/\/latinoamerica21.com\/?p=58653"},"modified":"2026-09-03T06:05:01","modified_gmt":"2026-09-03T09:05:01","slug":"costa-rica-entre-la-nostalgia-y-la-bronca","status":"publish","type":"post","link":"https:\/\/latinoamerica21.com\/es\/costa-rica-entre-la-nostalgia-y-la-bronca\/","title":{"rendered":"Costa Rica, entre la nostalgia y la bronca"},"content":{"rendered":"\n<p class=\"wp-block-paragraph\">Desde hace unos a\u00f1os, en Costa Rica los datos muestran el establecimiento de dos visiones de pa\u00eds profundamente diferenciadas, tanto en el campo econ\u00f3mico estrat\u00e9gico como en el sociocultural. Dos hechos ocurridos en agosto reflejan m\u00e1s expl\u00edcitamente las dimensiones y caracter\u00edsticas de ambas visiones: la concentraci\u00f3n del pasado 6 de agosto en la Plaza de la Democracia en favor del r\u00e9gimen democr\u00e1tico y el poder judicial, y, una semana m\u00e1s tarde la publicaci\u00f3n de los sondeos de opini\u00f3n sobre la gesti\u00f3n de la presidenta Laura Fern\u00e1ndez, a cien d\u00edas de iniciado su gobierno, cuyo apoyo se sit\u00faa por encima del 74% de las personas consultadas. Esta es una cifra r\u00e9cord en la historia pol\u00edtica nacional, sobre todo si se tiene en cuenta que las encuestas fueron realizadas despu\u00e9s del plant\u00f3n de la oposici\u00f3n.<\/p>\n\n\n\n<p class=\"wp-block-paragraph\">Sin embargo, ello no disminuye la significaci\u00f3n pol\u00edtica del plant\u00f3n. Mas bien identifica su naturaleza. Se trata una demostraci\u00f3n activa y exitosa de un segmento ciudadano, en buena medida reflejo de la unidad de acci\u00f3n de las fuerzas opositoras al gobierno, que, sin embargo, es claramente minoritaria respecto de la opini\u00f3n del conjunto de la ciudadan\u00eda. Una vez m\u00e1s, se demuestra que la capacidad de movilizaci\u00f3n de las minor\u00edas dista de representar la percepci\u00f3n ciudadana mayoritaria. Un fen\u00f3meno frecuente a nivel mundial.<\/p>\n\n\n\n<figure class=\"wp-block-image size-large\"><a href=\"https:\/\/dona.latinoamerica21.com\/\"><img loading=\"lazy\" decoding=\"async\" width=\"1024\" height=\"190\" src=\"https:\/\/latinoamerica21.com\/wp-content\/uploads\/2025\/09\/L21-Banner-2-1-1024x190.png\" alt=\"\" class=\"wp-image-51423\" srcset=\"https:\/\/latinoamerica21.com\/wp-content\/uploads\/2025\/09\/L21-Banner-2-1-1024x190.png 1024w, https:\/\/latinoamerica21.com\/wp-content\/uploads\/2025\/09\/L21-Banner-2-1-300x56.png 300w, https:\/\/latinoamerica21.com\/wp-content\/uploads\/2025\/09\/L21-Banner-2-1-768x142.png 768w, https:\/\/latinoamerica21.com\/wp-content\/uploads\/2025\/09\/L21-Banner-2-1-1536x284.png 1536w, https:\/\/latinoamerica21.com\/wp-content\/uploads\/2025\/09\/L21-Banner-2-1-2048x379.png 2048w, https:\/\/latinoamerica21.com\/wp-content\/uploads\/2025\/09\/L21-Banner-2-1-150x28.png 150w, https:\/\/latinoamerica21.com\/wp-content\/uploads\/2025\/09\/L21-Banner-2-1-696x129.png 696w, https:\/\/latinoamerica21.com\/wp-content\/uploads\/2025\/09\/L21-Banner-2-1-1068x198.png 1068w, https:\/\/latinoamerica21.com\/wp-content\/uploads\/2025\/09\/L21-Banner-2-1-1920x356.png 1920w\" sizes=\"auto, (max-width: 1024px) 100vw, 1024px\" \/><\/a><\/figure>\n\n\n\n<p class=\"wp-block-paragraph\">No obstante, esa oposici\u00f3n minoritaria est\u00e1 dotada de una argamasa sociocultural no menos robusta que la que representa el proyecto refundacionista de la presidenta Fern\u00e1ndez. En realidad, lo que hoy une a la representante neoliberal del partido socialcristiano con la representaci\u00f3n izquierdista del Frente Amplio y la fracci\u00f3n socialdem\u00f3crata de Liberaci\u00f3n Nacional es, sobre todo, la defensa de las tradiciones pol\u00edticas de la democracia costarricense del pasado, claramente exitoso a nivel continental.<\/p>\n\n\n\n<p class=\"wp-block-paragraph\">Frente a esa percepci\u00f3n nacional se ha levantado un proyecto de cambio del pa\u00eds con argumentos no menos contundentes. Seg\u00fan su relato, se trata de sacar a Costa Rica del entrabamiento que supone la no puesta en marcha de las reformas estructurales planteadas por distintos actores desde fines del siglo pasado. Y para hacerlo no ha resultado posible avanzando por la via del -siempre sobrevalorado- consenso tico tradicional, implementado a trav\u00e9s de las \u00e9lites, sino mediante una ruptura de la tradici\u00f3n pol\u00edtica, fielmente representada por la victoria desafiante del outsider Rodrigo Chaves al inicio de 2022.<\/p>\n\n\n\n<p class=\"wp-block-paragraph\">Las caracter\u00edsticas pol\u00edticas y personales del presidente Chaves agudizaron los rasgos \u00e1speros de esa ruptura, que, adem\u00e1s del irrespeto por las tradiciones pol\u00edticas nacionales, mostr\u00f3 una inclinaci\u00f3n a llevar adelante su programa contra viento y marea, incluyendo comportamientos autoritarios. Sin embargo, no consigui\u00f3 los reacomodos constitucionales y sist\u00e9micos para seguir en la presidencia y tuvo que proyectar la ruptura mediante una de sus colaboradoras m\u00e1s destacadas, la entonces ministra de planificaci\u00f3n, Laura Fern\u00e1ndez.<\/p>\n\n\n\n<p class=\"wp-block-paragraph\">La rotunda victoria de Fern\u00e1ndez en febrero mostr\u00f3 con claridad el apoyo del pa\u00eds profundo al proyecto rupturista de Chaves, quien se apuntal\u00f3 con la asunci\u00f3n de los ministerios de la Presidencia y de Hacienda en el nuevo gobierno. Como muestran los sondeos, el apoyo popular a Chaves refiere tanto a su propuesta de cambio estructural como a su estilo confrontativo.<\/p>\n\n\n\n<p class=\"wp-block-paragraph\">Al cumplirse los primeros cien d\u00edas de la nueva presidenta, parecen resolverse dos inc\u00f3gnitas importantes planteadas al inicio de su mandato. La primera, si Fern\u00e1ndez lograr\u00eda conjugar el car\u00e1cter continuista de su gobierno con la necesidad de mostrar un perfil propio como gobernante. Existen pocas dudas de que ha conseguido los frutos deseados al respecto. La diferencia de estilos comunicacionales respecto de su antecesor no ha disminuido la imagen de firmeza de la nueva presidenta.<\/p>\n\n\n\n<p class=\"wp-block-paragraph\">Sin embargo, en el plano doctrinal mas profundo, existe una modificaci\u00f3n sensible no resuelta todav\u00eda. En su discurso de victoria electoral, Laura Fern\u00e1ndez dej\u00f3 claro que su victoria significaba el acceso de Costa Rica a su III Rep\u00fablica. \u201cEste es el final de la Segunda Rep\u00fablica\u201d, afirm\u00f3 exultante. Y agreg\u00f3 que se trataba de \u201cun cambio profundo e irreversible\u201d. \u201c\u00a1Hoy nace la Tercera Rep\u00fablica!\u201d exclam\u00f3.<\/p>\n\n\n\n<p class=\"wp-block-paragraph\">Resulta significativo que este planteamiento haya estado ausente en la celebraci\u00f3n de estos primero cien d\u00edas de gobierno. \u00bfSignifica ello que la presidenta ha abandonado su proyecto refundacionista? Es dif\u00edcil saberlo. Podr\u00eda ser una opci\u00f3n ante la firme resistencia de la oposici\u00f3n, lo cual reduce un tanto su ambici\u00f3n estrat\u00e9gica. Pero tambi\u00e9n podr\u00eda suponer un cambio t\u00e1ctico, en el sentido de no asustar para ir produciendo un cambio sustantivo en el terreno m\u00e1s pr\u00e1ctico de la gesti\u00f3n institucional y financiera, algo que, por ejemplo, tendr\u00eda consonancia con el pacto fiscal que propone su ministro de Hacienda.<\/p>\n\n\n\n<p class=\"wp-block-paragraph\">En todo caso, hoy es posible identificar el n\u00facleo duro de cada una de las dos sensibilidades pol\u00edticas. De parte del oficialismo, el argumento es que lo que se busca es llevar a la pr\u00e1ctica los cambios estrat\u00e9gicos postergados, que sacar\u00edan a Costa Rica del anquilosamiento producido por un pacto entre \u00e9lites. Su argumento es que ese cambio es resistido por quienes sienten una profunda nostalgia de la Costa Rica exitosa del pasado. Para romper esa resistencia ser\u00eda necesario una ruptura de los modos tradicionales de actuar en pol\u00edtica, algo obligadamente confrontativo.<\/p>\n\n\n\n<p class=\"wp-block-paragraph\">Para la oposici\u00f3n, si bien no hay convergencia acerca de los cambios necesarios, si existe consenso acerca de que las formas del proyecto rupturista (y en particular las del expresidente Chaves) muestran una tendencia, no solo al irrespeto por las tradiciones pol\u00edticas ticas, sino que reflejan la esencia de un proyecto autoritario que busca eliminar el sistema de pesos y contrapesos.<\/p>\n\n\n\n<p class=\"wp-block-paragraph\">La seguridad es el tema m\u00e1s controversial. Una legislaci\u00f3n garantista se asocia bien con un poder judicial aut\u00f3nomo que rechace cualquier intento de control institucional. El argumento rupturista consiste en mostrar la diferencia hist\u00f3rica entre arrestos y sentencias. El sistema funcionaba, seg\u00fan ellos, cuando Costa Rica enfrentaba una delincuencia com\u00fan controlable y presentaba los niveles m\u00e1s bajos de homicidios en la regi\u00f3n. Pero, con la consolidaci\u00f3n del crimen organizado y el aumento rampante de la tasa de homicidios, la poblaci\u00f3n reclama una contundente respuesta. La controversia ha acabado adquiriendo la forma de un choque de trenes entre los poderes ejecutivo y judicial. La judicatura no acepta someterse a la planificaci\u00f3n institucional por resultados y el proyecto rupturista no respeta el aura de intocabilidad que asiste al poder judicial.<\/p>\n\n\n\n<p class=\"wp-block-paragraph\">Paralelamente, el poder ejecutivo implementa modelos de contingencia al estilo Bukele, como con la construcci\u00f3n del Centro de Alta Contenci\u00f3n del Crimen Organizado (CACCO), que restringir\u00e1 las condiciones carcelarias&nbsp; como las comunicaciones y visitas de los privados de libertad. Y ante las cr\u00edticas de la oposici\u00f3n sobre la lesi\u00f3n de los derechos humanos de estos reclusos, el gobierno asegura que est\u00e1 protegiendo los derechos humanos de los costarricenses, violados sistem\u00e1ticamente por el crimen organizado.<\/p>\n\n\n\n<p class=\"wp-block-paragraph\">El enfrentamiento en este \u00e1mbito ha llevado a una extrema polarizaci\u00f3n pol\u00edtica. El poder judicial ha dado muestras de querer mandatar a la Asamblea legislativa y la respuesta de la presidencia ha consistido en condenar lo que ha calificado de \u201cgolpe de Estado\u201d institucional.<\/p>\n\n\n\n<p class=\"wp-block-paragraph\">Los riesgos de mantenerse en esa polarizaci\u00f3n extrema son evidentes, comenzando por el r\u00e9dito que obtiene el propio crimen organizado. Sin embargo, las posiciones de fondo de los dos proyectos enfrentados son dif\u00edcilmente negociables. algo que podr\u00eda mantener al pa\u00eds bajo una presi\u00f3n extrema. Lo que no es previsible, al menos a corto plazo, es un regreso a las formas de consenso que han caracterizado a la Costa Rica del pasado.<\/p>\n","protected":false},"excerpt":{"rendered":"<p>Costa Rica est\u00e1 viviendo una creciente polarizaci\u00f3n pol\u00edtica entre la defensa de su tradici\u00f3n democr\u00e1tica y un proyecto pol\u00edtico de ruptura impulsado por el oficialismo.<\/p>\n","protected":false},"author":300,"featured_media":58657,"comment_status":"closed","ping_status":"closed","sticky":false,"template":"","format":"standard","meta":{"_acf_changed":false,"episode_type":"","audio_file":"","podmotor_file_id":"","podmotor_episode_id":"","cover_image":"","cover_image_id":"","duration":"","filesize":"","filesize_raw":"","date_recorded":"","explicit":"","block":"","itunes_episode_number":"","itunes_title":"","itunes_season_number":"","itunes_episode_type":"","footnotes":""},"categories":[16609,16497],"tags":[14126],"gps":[],"class_list":["post-58653","post","type-post","status-publish","format-standard","has-post-thumbnail","category-costa-rica","category-democracia","tag-debates-br-es"],"acf":[],"_links":{"self":[{"href":"https:\/\/latinoamerica21.com\/es\/wp-json\/wp\/v2\/posts\/58653","targetHints":{"allow":["GET"]}}],"collection":[{"href":"https:\/\/latinoamerica21.com\/es\/wp-json\/wp\/v2\/posts"}],"about":[{"href":"https:\/\/latinoamerica21.com\/es\/wp-json\/wp\/v2\/types\/post"}],"author":[{"embeddable":true,"href":"https:\/\/latinoamerica21.com\/es\/wp-json\/wp\/v2\/users\/300"}],"replies":[{"embeddable":true,"href":"https:\/\/latinoamerica21.com\/es\/wp-json\/wp\/v2\/comments?post=58653"}],"version-history":[{"count":1,"href":"https:\/\/latinoamerica21.com\/es\/wp-json\/wp\/v2\/posts\/58653\/revisions"}],"predecessor-version":[{"id":58660,"href":"https:\/\/latinoamerica21.com\/es\/wp-json\/wp\/v2\/posts\/58653\/revisions\/58660"}],"wp:featuredmedia":[{"embeddable":true,"href":"https:\/\/latinoamerica21.com\/es\/wp-json\/wp\/v2\/media\/58657"}],"wp:attachment":[{"href":"https:\/\/latinoamerica21.com\/es\/wp-json\/wp\/v2\/media?parent=58653"}],"wp:term":[{"taxonomy":"category","embeddable":true,"href":"https:\/\/latinoamerica21.com\/es\/wp-json\/wp\/v2\/categories?post=58653"},{"taxonomy":"post_tag","embeddable":true,"href":"https:\/\/latinoamerica21.com\/es\/wp-json\/wp\/v2\/tags?post=58653"},{"taxonomy":"gps","embeddable":true,"href":"https:\/\/latinoamerica21.com\/es\/wp-json\/wp\/v2\/gps?post=58653"}],"curies":[{"name":"wp","href":"https:\/\/api.w.org\/{rel}","templated":true}]}}