{"id":58692,"date":"2026-09-05T09:00:00","date_gmt":"2026-09-05T12:00:00","guid":{"rendered":"https:\/\/latinoamerica21.com\/?p=58692"},"modified":"2026-09-05T13:10:56","modified_gmt":"2026-09-05T16:10:56","slug":"el-vinculo-entre-america-latina-e-italia-una-alianza-historica-que-recobra-impulso","status":"publish","type":"post","link":"https:\/\/latinoamerica21.com\/es\/el-vinculo-entre-america-latina-e-italia-una-alianza-historica-que-recobra-impulso\/","title":{"rendered":"El v\u00ednculo entre Am\u00e9rica Latina e Italia: una alianza hist\u00f3rica que recobra impulso"},"content":{"rendered":"\n<p class=\"wp-block-paragraph\">Despu\u00e9s de a\u00f1os de atenci\u00f3n intermitente, parece abrirse una nueva etapa en las relaciones entre Am\u00e9rica Latina e Italia. El Gobierno italiano ha renovado su inter\u00e9s por la regi\u00f3n, favorecido por su afinidad pol\u00edtica con varios de sus dirigentes. La presidenta del Consejo de Ministros, Giorgia Meloni, ha desarrollado una relaci\u00f3n especialmente estrecha con el mandatario argentino, Javier Milei, pero el acercamiento no se limita a Argentina. El di\u00e1logo con los presidentes de Paraguay, Santiago Pe\u00f1a, y Ecuador, Daniel Noboa, as\u00ed como los contactos con otros gobiernos latinoamericanos, muestran una atenci\u00f3n renovada hacia el continente.<\/p>\n\n\n\n<p class=\"wp-block-paragraph\">Tambi\u00e9n ha aumentado el inter\u00e9s de Am\u00e9rica Latina por estrechar sus v\u00ednculos con la Uni\u00f3n Europea e Italia. Ante las limitaciones de relaciones condicionadas por la competencia geopol\u00edtica, la dependencia financiera o profundas asimetr\u00edas, varios gobiernos ven en Europa un socio capaz de ofrecer otras formas de cooperaci\u00f3n. Entre ellas, un modelo que busca combinar crecimiento econ\u00f3mico, cohesi\u00f3n social, sostenibilidad y fortalecimiento institucional.<\/p>\n\n\n\n<figure class=\"wp-block-image size-large\"><a href=\"https:\/\/dona.latinoamerica21.com\/\"><img loading=\"lazy\" decoding=\"async\" width=\"1024\" height=\"190\" src=\"https:\/\/latinoamerica21.com\/wp-content\/uploads\/2025\/09\/L21-Banner-2-1-1024x190.png\" alt=\"\" class=\"wp-image-51423\" srcset=\"https:\/\/latinoamerica21.com\/wp-content\/uploads\/2025\/09\/L21-Banner-2-1-1024x190.png 1024w, https:\/\/latinoamerica21.com\/wp-content\/uploads\/2025\/09\/L21-Banner-2-1-300x56.png 300w, https:\/\/latinoamerica21.com\/wp-content\/uploads\/2025\/09\/L21-Banner-2-1-768x142.png 768w, https:\/\/latinoamerica21.com\/wp-content\/uploads\/2025\/09\/L21-Banner-2-1-1536x284.png 1536w, https:\/\/latinoamerica21.com\/wp-content\/uploads\/2025\/09\/L21-Banner-2-1-2048x379.png 2048w, https:\/\/latinoamerica21.com\/wp-content\/uploads\/2025\/09\/L21-Banner-2-1-150x28.png 150w, https:\/\/latinoamerica21.com\/wp-content\/uploads\/2025\/09\/L21-Banner-2-1-696x129.png 696w, https:\/\/latinoamerica21.com\/wp-content\/uploads\/2025\/09\/L21-Banner-2-1-1068x198.png 1068w, https:\/\/latinoamerica21.com\/wp-content\/uploads\/2025\/09\/L21-Banner-2-1-1920x356.png 1920w\" sizes=\"auto, (max-width: 1024px) 100vw, 1024px\" \/><\/a><\/figure>\n\n\n\n<p class=\"wp-block-paragraph\">Algo similar ocurre en materia de seguridad. Frente a respuestas centradas exclusivamente en la represi\u00f3n, la experiencia europea puede aportar una perspectiva que articule prevenci\u00f3n, desarrollo, participaci\u00f3n social y respeto del Estado de derecho.<\/p>\n\n\n\n<h3 class=\"wp-block-heading\"><strong>Una relaci\u00f3n que va m\u00e1s all\u00e1 de la coyuntura<\/strong><\/h3>\n\n\n\n<p class=\"wp-block-paragraph\">El acercamiento entre Am\u00e9rica Latina e Italia no deber\u00eda entenderse \u00fanicamente como una alternativa frente a las estrategias de otras potencias. Su principal fortaleza reside en una historia compartida y en la posibilidad de construir una asociaci\u00f3n menos desigual, con intereses concretos para ambas partes.<\/p>\n\n\n\n<p class=\"wp-block-paragraph\">Esta aproximaci\u00f3n tampoco responde \u00fanicamente a la coyuntura pol\u00edtica. Recupera una dimensi\u00f3n presente en la pol\u00edtica exterior italiana desde el nacimiento de la Rep\u00fablica y cuyas ra\u00edces son anteriores.<\/p>\n\n\n\n<p class=\"wp-block-paragraph\">Mucho antes de que Italia redefiniera su papel internacional despu\u00e9s de la Segunda Guerra Mundial, parte de su dirigencia pol\u00edtica ya consideraba Am\u00e9rica Latina un espacio natural de di\u00e1logo. Esta visi\u00f3n no se apoyaba \u00fanicamente en intereses diplom\u00e1ticos o comerciales, sino tambi\u00e9n en los v\u00ednculos creados por las migraciones, la cultura, el derecho y ciertas tradiciones compartidas.<\/p>\n\n\n\n<p class=\"wp-block-paragraph\">Para los millones de italianos que cruzaron el Atl\u00e1ntico entre finales del siglo XIX y buena parte del XX, Am\u00e9rica Latina no fue solo un destino econ\u00f3mico. Fue el lugar donde construyeron nuevas vidas y comunidades que, con el tiempo, pasaron a formar parte de las sociedades latinoamericanas.<\/p>\n\n\n\n<p class=\"wp-block-paragraph\">De esa experiencia surgi\u00f3 uno de los rasgos distintivos del enfoque italiano hacia la regi\u00f3n: la idea de que la cooperaci\u00f3n no deb\u00eda basarse en una relaci\u00f3n vertical entre donante y receptor, sino en una asociaci\u00f3n entre sociedades vinculadas por su historia y capaces de obtener beneficios mutuos.<\/p>\n\n\n\n<h3 class=\"wp-block-heading\"><strong>De la emigraci\u00f3n a la cooperaci\u00f3n institucional<\/strong><\/h3>\n\n\n\n<p class=\"wp-block-paragraph\">A comienzos del siglo XX, el economista y futuro presidente de la Rep\u00fablica Luigi Einaudi defendi\u00f3 una presencia italiana en el mundo basada en el trabajo, la empresa y la emigraci\u00f3n, frente a la l\u00f3gica colonial predominante en Europa. Am\u00e9rica Latina representaba uno de los principales escenarios de esa presencia pac\u00edfica.<\/p>\n\n\n\n<p class=\"wp-block-paragraph\">Despu\u00e9s de la Segunda Guerra Mundial, Alcide De Gasperi, jefe del Gobierno italiano entre 1945 y 1953, vio en Am\u00e9rica Latina un interlocutor importante para el regreso de Italia a la comunidad internacional. Argentina ocupaba un lugar central debido a la presencia de millones de italianos y sus descendientes.<\/p>\n\n\n\n<p class=\"wp-block-paragraph\">Esta visi\u00f3n fue adquiriendo una estructura institucional. En 1949, el Gobierno italiano impuls\u00f3 una misi\u00f3n diplom\u00e1tica por las principales capitales latinoamericanas. <a href=\"https:\/\/iila.org\/es\/50-aniversario\/\">En 1966 se cre\u00f3 el Instituto \u00cdtalo-Latino Americano, hoy Organizaci\u00f3n Internacional \u00cdtalo-Latinoamericana (IILA)<\/a>, que reuni\u00f3 a Italia y a los pa\u00edses de la regi\u00f3n en un foro permanente de di\u00e1logo y cooperaci\u00f3n.<\/p>\n\n\n\n<p class=\"wp-block-paragraph\">El valor de esta instituci\u00f3n se hizo evidente durante la Guerra Fr\u00eda. En un continente atravesado por fuertes divisiones ideol\u00f3gicas, Italia consigui\u00f3 mantener un espacio en el que participaban gobiernos de tendencias muy distintas, incluida Cuba.<\/p>\n\n\n\n<p class=\"wp-block-paragraph\">La crisis pol\u00edtica italiana de comienzos de los a\u00f1os noventa debilit\u00f3 la continuidad de esta pol\u00edtica. Am\u00e9rica Latina comenz\u00f3 a recibir una atenci\u00f3n m\u00e1s irregular, subordinada con frecuencia a las prioridades de cada gobierno. Las Conferencias Italia-Am\u00e9rica Latina y el Caribe, celebradas desde comienzos de este siglo, permitieron conservar un espacio estable de di\u00e1logo, aunque no siempre lograron traducirse en una estrategia duradera.<\/p>\n\n\n\n<h3 class=\"wp-block-heading\"><strong>Del acercamiento pol\u00edtico a una estrategia estable<\/strong><\/h3>\n\n\n\n<p class=\"wp-block-paragraph\">El contexto internacional vuelve hoy a ofrecer condiciones favorables para profundizar esta relaci\u00f3n. Los acuerdos entre la Uni\u00f3n Europea y el Mercosur, las afinidades entre el Gobierno italiano y varios mandatarios latinoamericanos y el potencial econ\u00f3mico de la regi\u00f3n han devuelto relevancia al v\u00ednculo, tanto desde una perspectiva comercial como geopol\u00edtica.<\/p>\n\n\n\n<p class=\"wp-block-paragraph\">El desaf\u00edo consiste en transformar este impulso en una pol\u00edtica sostenida. Am\u00e9rica Latina no puede convertirse para Italia en una moda diplom\u00e1tica ni recobrar importancia \u00fanicamente cuando cambian los equilibrios ideol\u00f3gicos de la regi\u00f3n. Si el acercamiento depende de la afinidad entre determinados gobiernos, corre el riesgo de desaparecer con ellos.<\/p>\n\n\n\n<p class=\"wp-block-paragraph\">Los dos actores disponen de instrumentos para evitarlo: la IILA, <a href=\"https:\/\/iila.org\/es\/attivita\/conferencia-italia-america-latina-y-el-caribe-2\/\">las Conferencias Italia-Am\u00e9rica Latina y el Caribe,<\/a> la cooperaci\u00f3n internacional, la diplomacia econ\u00f3mica y la extensa red de comunidades de origen italiano. Pero esos mecanismos solo ser\u00e1n eficaces si responden a prioridades precisas y generan resultados reconocibles en \u00e1mbitos como el comercio, la transici\u00f3n energ\u00e9tica, la seguridad, la formaci\u00f3n y el fortalecimiento institucional.<\/p>\n\n\n\n<p class=\"wp-block-paragraph\">El v\u00ednculo entre Am\u00e9rica Latina e Italia fluye por las venas de una historia compartida, pero esa herencia, aunque facilita el acercamiento, no basta para sostenerlo. El objetivo no es reconstruir el pasado ni convertir los lazos culturales en una f\u00f3rmula ret\u00f3rica, sino aprovecharlos para construir una relaci\u00f3n m\u00e1s estable y equilibrada. Porque el futuro de esta alianza depender\u00e1 de la voluntad pol\u00edtica de traducir esa cercan\u00eda en proyectos concretos.<\/p>\n","protected":false},"excerpt":{"rendered":"<p>Am\u00e9rica Latina e Italia atraviesan una nueva etapa de acercamiento, apoyada en una historia compartida que busca traducirse en una alianza m\u00e1s estable.<\/p>\n","protected":false},"author":920,"featured_media":58693,"comment_status":"closed","ping_status":"closed","sticky":false,"template":"","format":"standard","meta":{"_acf_changed":false,"episode_type":"","audio_file":"","podmotor_file_id":"","podmotor_episode_id":"","cover_image":"","cover_image_id":"","duration":"","filesize":"","filesize_raw":"","date_recorded":"","explicit":"","block":"","itunes_episode_number":"","itunes_title":"","itunes_season_number":"","itunes_episode_type":"","footnotes":""},"categories":[16518],"tags":[14126],"gps":[],"class_list":["post-58692","post","type-post","status-publish","format-standard","has-post-thumbnail","category-relaiciones-internacionales","tag-debates-br-es"],"acf":[],"_links":{"self":[{"href":"https:\/\/latinoamerica21.com\/es\/wp-json\/wp\/v2\/posts\/58692","targetHints":{"allow":["GET"]}}],"collection":[{"href":"https:\/\/latinoamerica21.com\/es\/wp-json\/wp\/v2\/posts"}],"about":[{"href":"https:\/\/latinoamerica21.com\/es\/wp-json\/wp\/v2\/types\/post"}],"author":[{"embeddable":true,"href":"https:\/\/latinoamerica21.com\/es\/wp-json\/wp\/v2\/users\/920"}],"replies":[{"embeddable":true,"href":"https:\/\/latinoamerica21.com\/es\/wp-json\/wp\/v2\/comments?post=58692"}],"version-history":[{"count":1,"href":"https:\/\/latinoamerica21.com\/es\/wp-json\/wp\/v2\/posts\/58692\/revisions"}],"predecessor-version":[{"id":58696,"href":"https:\/\/latinoamerica21.com\/es\/wp-json\/wp\/v2\/posts\/58692\/revisions\/58696"}],"wp:featuredmedia":[{"embeddable":true,"href":"https:\/\/latinoamerica21.com\/es\/wp-json\/wp\/v2\/media\/58693"}],"wp:attachment":[{"href":"https:\/\/latinoamerica21.com\/es\/wp-json\/wp\/v2\/media?parent=58692"}],"wp:term":[{"taxonomy":"category","embeddable":true,"href":"https:\/\/latinoamerica21.com\/es\/wp-json\/wp\/v2\/categories?post=58692"},{"taxonomy":"post_tag","embeddable":true,"href":"https:\/\/latinoamerica21.com\/es\/wp-json\/wp\/v2\/tags?post=58692"},{"taxonomy":"gps","embeddable":true,"href":"https:\/\/latinoamerica21.com\/es\/wp-json\/wp\/v2\/gps?post=58692"}],"curies":[{"name":"wp","href":"https:\/\/api.w.org\/{rel}","templated":true}]}}