{"id":5972,"date":"2021-06-09T08:45:00","date_gmt":"2021-06-09T11:45:00","guid":{"rendered":"http:\/\/latinoamerica21.com\/?p=5972"},"modified":"2021-06-27T21:40:19","modified_gmt":"2021-06-28T00:40:19","slug":"ay-nicaragua-nicaraguita","status":"publish","type":"post","link":"https:\/\/latinoamerica21.com\/es\/ay-nicaragua-nicaraguita\/","title":{"rendered":"Ay, Nicaragua Nicarag\u00fcita"},"content":{"rendered":"\n<p>El asesinato del periodista y pol\u00edtico Pedro Joaqu\u00edn Chamorro por sicarios de la dictadura somocista en 1978 fue quiz\u00e1s la \u00faltima torpeza de la dictadura, la que precipit\u00f3 su ca\u00edda. En la actualidad, la proscripci\u00f3n y enjuiciamiento de su hija Cristiana y otros tres candidatos opositores al r\u00e9gimen de Ortega, quiz\u00e1s se convierta no solo en una torpeza m\u00e1s del \u201cdanielismo\u201d, sino en un preludio de su final. La situaci\u00f3n en Nicaragua, sin embargo, es mucho m\u00e1s compleja y no puede simplificarse bajo el discurso polarizante que divide al pa\u00eds en dos.<\/p>\n\n\n\n<h2 class=\"wp-block-heading\"><strong>El autoritarismo oficialista<\/strong><\/h2>\n\n\n\n<p>Desde el retorno de Daniel Ortega al poder en 2007, los valores del hist\u00f3rico Frente Sandinista de Liberaci\u00f3n Nacional (FSLN) se fueron degradando hasta convertir al gobierno en un r\u00e9gimen autoritario. Gran parte de esta tendencia responde a la actitud y decisi\u00f3n de la primera dama Rosario Murillo, quien, aprovechando la enfermedad de su marido lo ha ido desplazando junto a los viejos cuadros danielistas.<\/p>\n\n\n\n<p>Seg\u00fan un viejo sandinista, amigo personal de Daniel Ortega desde hace d\u00e9cadas y quien solicita la reserva de su nombre, cuando se habla de la situaci\u00f3n en Nicaragua no hay t\u00e9rminos medios. \u201cAlgunos s\u00f3lo repiten lo expresado por la oposici\u00f3n, otros, lo que arguye el gobierno. Pocos se detienen a reflexionar y analizar lo que ocurre con una mirada honesta y veraz\u2026 pues sabemos que los pol\u00edticos y otros referentes p\u00fablicos no lo har\u00e1n\u201d.<\/p>\n\n\n\n<p>Mientras <a href=\"http:\/\/latinoamerica21.com\/es\/el-dilema-nicaraguense-y-la-izquierda-latinoamericana\/\" target=\"_blank\" rel=\"noreferrer noopener\">parte de la izquierda, la m\u00e1s ortodoxa, se mantiene fiel al r\u00e9gimen<\/a> y no reconoce los errores del gobierno Ortega-Murillo a medida que se consolida el r\u00e9gimen autoritario, un gran sector de la oposici\u00f3n de derecha, en parte representada por Cristiana Chamorro, \u201cseguir\u00e1 obviando su propia historia de abusos&#8230; No se explayan sobre los verdaderos intereses que defienden, es decir, los de la alta burgues\u00eda local\u201d.<\/p>\n\n\n\n<div class=\"wp-block-image\"><figure class=\"alignright size-large is-resized\"><img loading=\"lazy\" decoding=\"async\" src=\"http:\/\/latinoamerica21.com\/wp-content\/uploads\/2021\/06\/228-D-1.jpg\" alt=\"\" class=\"wp-image-5976\" width=\"319\" height=\"394\" srcset=\"https:\/\/latinoamerica21.com\/wp-content\/uploads\/2021\/06\/228-D-1.jpg 319w, https:\/\/latinoamerica21.com\/wp-content\/uploads\/2021\/06\/228-D-1-243x300.jpg 243w\" sizes=\"auto, (max-width: 319px) 100vw, 319px\" \/><figcaption><em><sub>Foto de Canciller\u00eda de Ecuador<\/sub><\/em><\/figcaption><\/figure><\/div>\n\n\n\n<p>Otro ex sandinista, periodista y comunicador, ahora al servicio de una ONG humanitaria internacional, quien tambi\u00e9n pide la reserva de su nombre afirma que \u201cel danielismo, con su oportunismo, suplant\u00f3 los principios del sandinismo hist\u00f3rico, para trabajar en pos de beneficios personales, de familia y de grupo. Empero, no descuid\u00f3 a sus bases, a las que siempre apoy\u00f3\u201d.<\/p>\n\n\n\n<p>Rosario Murillo, conocida como \u201cla Chayito\u201d, cuenta adem\u00e1s con una amplia base de apoyos dado su intenso trabajo de inserci\u00f3n desde hace a\u00f1os en los sectores populares de la sociedad. La vicepresidenta se ha esforzado por alinear a la Juventud Sandinista a sus fines personales, a los cuales se suma una gran influencia sobre las organizaciones de mujeres y las que nuclean a los campesinos. Y as\u00ed es que se ha ido configurando un movimiento interno en el FSLN.<\/p>\n\n\n\n<p><strong>La oposici\u00f3n al r\u00e9gimen<\/strong><\/p>\n\n\n\n<p>Por otro lado, Cristiana Chamorro, la influyente periodista que anunci\u00f3 que se postular\u00eda como candidata en las pr\u00f3ximas elecciones presidenciales de noviembre, <a href=\"https:\/\/www.elmundo.es\/america\/blogs\/cronicascentroamerica\/2011\/03\/16\/por-tu-apellido-te-conoceran.html\" target=\"_blank\" rel=\"noreferrer noopener\">pertenece a una familia con una larga trayectoria pol\u00edtica y empresarial<\/a>, \u2014ha suministrado cinco presidentes de la Rep\u00fablica\u2014 y ha sido historicamente propietaria de medios de comunicaci\u00f3n, otrora casi monop\u00f3licos. Y en este marco, la familia defiende los objetivos de la clase a la cual pertenecen, es decir, la alta burgues\u00eda nicarag\u00fcense.<\/p>\n\n\n\n<p>Pero lo que se est\u00e1 presenciando no es un enfrentamiento entre el gobierno y la familia Chamorro. Hasta el momento otros tres candidatos presidenciales opositores han sido detenidos. Arturo Cruz, acusado de \u201catentar contra la sociedad nicarag\u00fcense\u201d, seg\u00fan el Ministerio, Juan Sebasti\u00e1n Chamorro \u2014primo de Cristiana\u2014 y F\u00e9lix Maradiaga, as\u00ed como otros l\u00edderes de la oposici\u00f3n.<\/p>\n\n\n\n<p>Las voces cr\u00edticas al gobierno de Ortega y Murillo, sin embargo, no se limitan a los candidatos opositores y la alta burgues\u00eda nicarag\u00fcense. Figuras influyentes del sandinismo como el ex vicepresidente de Ortega en su primer gobierno (1985-1990), el escritor Sergio Ram\u00edrez o el tambi\u00e9n ex miembro de la Junta Revolucionaria sandinista, el poeta y te\u00f3logo Ernesto Cardenal (fallecido en marzo de 2020) o el ex comandante sandinista Hugo Torres, adem\u00e1s de muchos otros ex aliados han denunciado en los ultimos a\u00f1os el creciente autoritarismo del r\u00e9gimen.<\/p>\n\n\n\n<p>En este marco, si bien Daniel Ortega se ha ido apartando en gran medida de los l\u00edderes hist\u00f3ricos, Murillo, desde su posici\u00f3n de vicepresidenta, ha venido socavando su poder al interior del FSLN y del gobierno, suplantando con su propia gente a los viejos cuadros afines a Daniel Orteg a medida que ha ido fortaleciendo sus propias bases.<\/p>\n\n\n\n<p>Estos apoyos, seg\u00fan ciertos analistas, podr\u00edan serle suficientes al oficialismo para ganar una elecci\u00f3n presidencial, aun sin cometer fraude. Sin embargo, la inseguridad y ambici\u00f3n del propio r\u00e9gimen, le ha llevado a cometer abusos de todo tipo. De este modo, la persecuci\u00f3n de Cristiana Chamorro y los dem\u00e1s lideres y periodistas de la oposici\u00f3n es una respuesta, no s\u00f3lo autoritaria sino irreflexiva, que el gobierno termina aplicando a sus competidores en una suerte de lawfare extremo, modalidad muy difundida entre los gobiernos de Am\u00e9rica Latina.&nbsp;<\/p>\n\n\n\n<hr class=\"wp-block-separator is-style-wide\"\/>\n\n\n\n<p class=\"has-text-align-right\"><strong><em>Episodio relacionado de nuestro\u00a0<a href=\"http:\/\/latinoamerica21.com\/podcast\/\">podcast<\/a><\/em>:<\/strong><\/p>\n\n\n\n<figure class=\"wp-block-embed is-type-rich is-provider-spotify wp-block-embed-spotify wp-embed-aspect-21-9 wp-has-aspect-ratio\"><div class=\"wp-block-embed__wrapper\">\n<iframe title=\"Spotify Embed: Elecciones y represi\u00f3n en Nicaragua\" style=\"border-radius: 12px\" width=\"100%\" height=\"152\" frameborder=\"0\" allowfullscreen allow=\"autoplay; clipboard-write; encrypted-media; fullscreen; picture-in-picture\" loading=\"lazy\" src=\"https:\/\/open.spotify.com\/embed\/episode\/0XhqJcbUxOoLhw231UoCKz?si=njgIkejxTAKjPEZyy0BAGA&#038;dl_branch=1&#038;utm_source=oembed\"><\/iframe>\n<\/div><\/figure>\n","protected":false},"excerpt":{"rendered":"<p>La persecuci\u00f3n de Cristiana Chamorro y los dem\u00e1s lideres y periodistas de la oposici\u00f3n es una respuesta, no s\u00f3lo autoritaria sino irreflexiva que el r\u00e9gimen termina aplicando a sus competidores en una suerte de lawfare extreme, modalidad muy difundida entre los gobiernos de Am\u00e9rica Latina. <\/p>\n","protected":false},"author":168,"featured_media":5973,"comment_status":"closed","ping_status":"closed","sticky":false,"template":"","format":"standard","meta":{"_acf_changed":false,"episode_type":"","audio_file":"","cover_image":"","cover_image_id":"","duration":"","filesize":"","filesize_raw":"","date_recorded":"","explicit":"","block":"","itunes_episode_number":"","itunes_title":"","itunes_season_number":"","itunes_episode_type":"","footnotes":""},"categories":[16512,16512,16481,16481,16497,16497],"tags":[],"gps":[],"class_list":{"0":"post-5972","1":"post","2":"type-post","3":"status-publish","4":"format-standard","5":"has-post-thumbnail","7":"category-nicaragua-es","9":"category-dictadura","11":"category-democracia"},"acf":[],"_links":{"self":[{"href":"https:\/\/latinoamerica21.com\/es\/wp-json\/wp\/v2\/posts\/5972","targetHints":{"allow":["GET"]}}],"collection":[{"href":"https:\/\/latinoamerica21.com\/es\/wp-json\/wp\/v2\/posts"}],"about":[{"href":"https:\/\/latinoamerica21.com\/es\/wp-json\/wp\/v2\/types\/post"}],"author":[{"embeddable":true,"href":"https:\/\/latinoamerica21.com\/es\/wp-json\/wp\/v2\/users\/168"}],"replies":[{"embeddable":true,"href":"https:\/\/latinoamerica21.com\/es\/wp-json\/wp\/v2\/comments?post=5972"}],"version-history":[{"count":0,"href":"https:\/\/latinoamerica21.com\/es\/wp-json\/wp\/v2\/posts\/5972\/revisions"}],"wp:featuredmedia":[{"embeddable":true,"href":"https:\/\/latinoamerica21.com\/es\/wp-json\/wp\/v2\/media\/5973"}],"wp:attachment":[{"href":"https:\/\/latinoamerica21.com\/es\/wp-json\/wp\/v2\/media?parent=5972"}],"wp:term":[{"taxonomy":"category","embeddable":true,"href":"https:\/\/latinoamerica21.com\/es\/wp-json\/wp\/v2\/categories?post=5972"},{"taxonomy":"post_tag","embeddable":true,"href":"https:\/\/latinoamerica21.com\/es\/wp-json\/wp\/v2\/tags?post=5972"},{"taxonomy":"gps","embeddable":true,"href":"https:\/\/latinoamerica21.com\/es\/wp-json\/wp\/v2\/gps?post=5972"}],"curies":[{"name":"wp","href":"https:\/\/api.w.org\/{rel}","templated":true}]}}