{"id":6006,"date":"2021-06-12T15:45:00","date_gmt":"2021-06-12T18:45:00","guid":{"rendered":"http:\/\/latinoamerica21.com\/?p=6006"},"modified":"2021-06-12T07:23:05","modified_gmt":"2021-06-12T10:23:05","slug":"mexico-a-mitad-del-sexenio","status":"publish","type":"post","link":"https:\/\/latinoamerica21.com\/es\/mexico-a-mitad-del-sexenio\/","title":{"rendered":"M\u00e9xico a mitad del sexenio"},"content":{"rendered":"\n<p>Los mexicanos concurrieron a votar el pasado 6 de junio. <a href=\"http:\/\/latinoamerica21.com\/es\/las-elecciones-mas-grandes-de-la-historia-de-mexico\/\" target=\"_blank\" rel=\"noreferrer noopener\">Eleg\u00edan 500 diputados, 15 gobernadores (de 32) y cerca de 2000 presidentes municipales, adem\u00e1s de autoridades locales<\/a>. La consulta se desarroll\u00f3 a mitad del mandato presidencial y se transform\u00f3 en un refer\u00e9ndum sobre la gesti\u00f3n de Andr\u00e9s Manuel L\u00f3pez Obrador (AMLO) tal como sucedi\u00f3 con sus antecesores.<\/p>\n\n\n\n<p>Los resultados preliminares son variados, que como suele ocurrir, permiten a cada actor pol\u00edtico destacar aquellos datos que le favorezcan. Para estos comicios los principales partidos conformaron dos grandes alianzas. La coalici\u00f3n oficialista se conform\u00f3 por el Movimiento de Renovaci\u00f3n Nacional (MORENA), fundado por AMLO, el partido Verde Ecologista y el Partido del Trabajo. Entre todos hasta hoy ten\u00edan mayor\u00eda absoluta en el Congreso.<\/p>\n\n\n\n<p>En la oposici\u00f3n se produjo un fen\u00f3meno in\u00e9dito. Despu\u00e9s del hurac\u00e1n de AMLO en su victoria de hace tres a\u00f1os, que arras\u00f3 con los partidos tradicionales, estos empezaron un proceso de convergencia que madur\u00f3 para estos comicios. As\u00ed se aliaron el viejo PRI, el derechista PAN y el socialdem\u00f3crata PRD. El objetivo era impedir que el gobierno alcanzase la mayor\u00eda calificada y pudiese reformar la constituci\u00f3n.&nbsp;<\/p>\n\n\n\n<p>El gobierno se instal\u00f3 hace tres a\u00f1os con un programa de cambios, la llamada Cuarta Transformaci\u00f3n, 4T, que busca combatir la corrupci\u00f3n, atender demandas sociales y operar una renovaci\u00f3n de la pol\u00edtica. Desde entonces, la sociedad mexicana se ha ido polarizando. La virulencia caracteriza el debate, la \u201ccomentocracia\u201d opositora (el mundo de los comentaristas) domina buena parte de los medios de comunicaci\u00f3n, en especial en la capital.<\/p>\n\n\n\n<p>El Gobierno no se queda atr\u00e1s, y desde su inicio, AMLO d\u00eda a d\u00eda acomete a primera hora las denominadas \u201cma\u00f1aneras\u201d, conferencias de prensa en las cuales comparece entregando su mensaje. Pocos dejan de reconocer que el presidente se comunica con buena parte de la poblaci\u00f3n y de paso marca la agenda. Los polos del debate van desde la denuncia de un nuevo autoritarismo de parte de la oposici\u00f3n, hasta la condena al corrupto \u201ccapitalismo de cuates\u201d que el Ejecutivo enrostra a sus adversarios.<\/p>\n\n\n\n<p><strong>Los resultados de la elecci\u00f3n<\/strong><\/p>\n\n\n\n<p>Asumamos que toda elecci\u00f3n tiene varios resultados: el num\u00e9rico, el pol\u00edtico y el comunicacional. Num\u00e9ricamente MORENA y sus aliados perdieron la gran mayor\u00eda que ten\u00edan en diputados, pero conservaron la mitad m\u00e1s uno, por lo tanto, pueden aprobar leyes y presupuestos, pero no les alcanza para aprobar reformas constitucionales. La oposici\u00f3n, por su lado, logr\u00f3 ponerle un dique a futuras reformas a la carta magna e impidi\u00f3 que el oficialismo obtuviese una mayor\u00eda calificada; pero sigue siendo minor\u00eda en el Congreso y en el pa\u00eds.<\/p>\n\n\n\n<p>Ante esta situaci\u00f3n, cada bando celebra lo que le conviene destacar. Eso en diputados.\u00a0 Porque en las elecciones para gobernadores, MORENA dio una paliza y se llev\u00f3 11 de 15 gobernaciones, el PAN solo gan\u00f3 dos y el PRI perdi\u00f3 todas las que ten\u00eda.\u00a0<\/p>\n\n\n\n<div class=\"wp-block-image\"><figure class=\"alignright size-large is-resized\"><img loading=\"lazy\" decoding=\"async\" src=\"http:\/\/latinoamerica21.com\/wp-content\/uploads\/2021\/06\/228-F-3-1-803x1024.jpg\" alt=\"\" class=\"wp-image-6010\" width=\"282\" height=\"360\" srcset=\"https:\/\/latinoamerica21.com\/wp-content\/uploads\/2021\/06\/228-F-3-1-803x1024.jpg 803w, https:\/\/latinoamerica21.com\/wp-content\/uploads\/2021\/06\/228-F-3-1-235x300.jpg 235w, https:\/\/latinoamerica21.com\/wp-content\/uploads\/2021\/06\/228-F-3-1-768x979.jpg 768w, https:\/\/latinoamerica21.com\/wp-content\/uploads\/2021\/06\/228-F-3-1.jpg 1052w\" sizes=\"auto, (max-width: 282px) 100vw, 282px\" \/><figcaption><em><sub>Foto de dimitridf en Foter.com<\/sub><\/em><\/figcaption><\/figure><\/div>\n\n\n\n<p>Lo anterior es lo num\u00e9rico. Pol\u00edticamente a la oposici\u00f3n su alianza le permiti\u00f3 recuperar parte de los parlamentarios perdidos hace tres a\u00f1os. La tajada mayor se la lleva el derechista PAN, que elige m\u00e1s de la mitad de los diputados opositores. El PRI llega segundo y el PRD casi pierde su registro por la baj\u00edsima votaci\u00f3n que obtuvo. En suma, la alianza le sirvi\u00f3 a la oposici\u00f3n, pero a unos m\u00e1s que a otros. Con todo, la alianza electoral convenci\u00f3 y los tres partidos han proclamado su voluntad de mantenerla en el Congreso. Probablemente la proyecten a la elecci\u00f3n presidencial. O sea, tendremos una oposici\u00f3n unida, hegemonizada probablemente por la derecha.<\/p>\n\n\n\n<p>El resultado medi\u00e1tico es lo que queda en la retina. Como ocurri\u00f3 en esa cumbre iberoamericana celebrada hace a\u00f1os donde se discut\u00eda un documento irrelevante que llev\u00f3 al inolvidable grito del Rey de Espa\u00f1a a Ch\u00e1vez: \u201c\u00bfporqu\u00e9 no te callas?\u201d.<\/p>\n\n\n\n<p>En las pasadas elecciones pocos se preocuparon del resultado en las provincias (salvo sus habitantes). Los ojos se concentraron en la capital, donde la oposici\u00f3n se llev\u00f3 la mitad de los municipios. La capital era el basti\u00f3n de la izquierda, y por cierto, un baluarte de AMLO.&nbsp;<\/p>\n\n\n\n<p>Da la curiosidad de que en esta ocasi\u00f3n qued\u00f3 virtualmente dividida entre el occidente (sede de sectores medios y acomodados) y oriente (donde vive \u201cla raza\u201d como suelen decir los mexicanos). En occidente gan\u00f3 la alianza opositora y en el oriente Morena. La hip\u00f3tesis probable es que una parte de los sectores medios migraron a la oposici\u00f3n.<\/p>\n\n\n\n<p>Las elecciones en Ciudad de M\u00e9xico tambi\u00e9n tuvieron efectos colaterales. Los aspirantes a suceder a AMLO empezaban a emerger. Los m\u00e1s notorios: el Canciller Ebrard y la jefa de gobierno capitalina, Claudia Sheilbaum.&nbsp; El retroceso compromete las posibilidades de esta \u00faltima. La explicaci\u00f3n se encuentra en las dificultades provocadas por la pandemia y el accidente de la l\u00ednea 12 del Metro que provoc\u00f3 varias muertes y la desconfianza en las autoridades. En la capital reside la mayor\u00eda de los medios, los corresponsales extranjeros, y la extendida y sofisticada intelectualidad.<\/p>\n\n\n\n<p><strong>\u00bfQue se viene?<\/strong><\/p>\n\n\n\n<p>Se viene la segunda parte del sexenio con un gobierno que conserva muchas divisiones y dispone ahora de una base de gobernadores. Tiene menos diputados, pero m\u00e1s control territorial. <a href=\"https:\/\/www.bbc.com\/mundo\/noticias-america-latina-57318556\" target=\"_blank\" rel=\"noreferrer noopener\">AMLO perdi\u00f3 el impulso arrollador de sus inicios,<\/a> pero mantiene fuerza suficiente para manejar las riendas del poder. MORENA, por lo tanto, deber\u00e1 concretar parte de su ambiciosa propuesta y empezar a preparar la sucesi\u00f3n a su carism\u00e1tico l\u00edder.<\/p>\n\n\n\n<p>La oposici\u00f3n, por su parte, se reagrup\u00f3. Pero adem\u00e1s de ofrecerse como un basti\u00f3n deber\u00e1 empezar a proponer un proyecto de pa\u00eds que compita con la 4T en el imaginario de los mexicanos. Por lo tanto, se avizora m\u00e1s polarizaci\u00f3n.<\/p>\n\n\n\n<p>En las elecciones vot\u00f3 poco m\u00e1s de la mitad de los ciudadanos habilitados. \u00bfPor qu\u00e9?&nbsp;&nbsp; Falta por hacer el an\u00e1lisis descarnado de la votaci\u00f3n, de qui\u00e9nes votaron, d\u00f3nde y por qu\u00e9. De momento, cabe destacar que casi no se han escuchado reclamos de fraude, algo tan com\u00fan en el M\u00e9xico reciente, cuando imperaba la idea de que \u201cnunca se llama a unas elecciones cuyo resultado no se conozca\u201d.&nbsp;<\/p>\n\n\n\n<p>La vida contin\u00faa. AMLO recibi\u00f3 a Kamala Harris, procedente de Guatemala, y la salud\u00f3 como \u201cpresidente\u201d.&nbsp; Las relaciones con EEUU son la prioridad internacional de M\u00e9xico y en la agenda est\u00e1 la migraci\u00f3n, el comercio y el combate al narcotr\u00e1fico. El izquierdista MORENA ha sabido desarrollar un entendimiento realista con los EEUU, algo no menor en Am\u00e9rica Latina.<\/p>\n\n\n\n<p>Terminaron las elecciones de medio tiempo y como se\u00f1ala el analista pol\u00edtico Rene Delgado, es momento de que los principales actores pol\u00edticos demuestren que no s\u00f3lo saben sumar \u2014calcular el numero de funcionarios electos\u2014, sino que tambi\u00e9n saben leer, o sea, interpretar lo que la sociedad mexicana les est\u00e1 diciendo.<\/p>\n\n\n\n<p><em><sub>Photo by dimitridf on Foter.com<\/sub><\/em><\/p>\n","protected":false},"excerpt":{"rendered":"<p>Como se\u00f1ala el analista pol\u00edtico Rene Delgado, es momento de que los principales actores pol\u00edticos demuestren que no s\u00f3lo saben sumar \u2014calcular el numero de funcionarios electos\u2014, sino que tambi\u00e9n saben leer, o sea, interpretar lo que la sociedad mexicana les est\u00e1 diciendo.<\/p>\n","protected":false},"author":226,"featured_media":6007,"comment_status":"closed","ping_status":"closed","sticky":false,"template":"","format":"standard","meta":{"_acf_changed":false,"episode_type":"","audio_file":"","cover_image":"","cover_image_id":"","duration":"","filesize":"","filesize_raw":"","date_recorded":"","explicit":"","block":"","itunes_episode_number":"","itunes_title":"","itunes_season_number":"","itunes_episode_type":"","footnotes":""},"categories":[16466,16466,16471,16471],"tags":[],"gps":[],"class_list":{"0":"post-6006","1":"post","2":"type-post","3":"status-publish","4":"format-standard","5":"has-post-thumbnail","7":"category-mexico","9":"category-elecciones"},"acf":[],"_links":{"self":[{"href":"https:\/\/latinoamerica21.com\/es\/wp-json\/wp\/v2\/posts\/6006","targetHints":{"allow":["GET"]}}],"collection":[{"href":"https:\/\/latinoamerica21.com\/es\/wp-json\/wp\/v2\/posts"}],"about":[{"href":"https:\/\/latinoamerica21.com\/es\/wp-json\/wp\/v2\/types\/post"}],"author":[{"embeddable":true,"href":"https:\/\/latinoamerica21.com\/es\/wp-json\/wp\/v2\/users\/226"}],"replies":[{"embeddable":true,"href":"https:\/\/latinoamerica21.com\/es\/wp-json\/wp\/v2\/comments?post=6006"}],"version-history":[{"count":0,"href":"https:\/\/latinoamerica21.com\/es\/wp-json\/wp\/v2\/posts\/6006\/revisions"}],"wp:featuredmedia":[{"embeddable":true,"href":"https:\/\/latinoamerica21.com\/es\/wp-json\/wp\/v2\/media\/6007"}],"wp:attachment":[{"href":"https:\/\/latinoamerica21.com\/es\/wp-json\/wp\/v2\/media?parent=6006"}],"wp:term":[{"taxonomy":"category","embeddable":true,"href":"https:\/\/latinoamerica21.com\/es\/wp-json\/wp\/v2\/categories?post=6006"},{"taxonomy":"post_tag","embeddable":true,"href":"https:\/\/latinoamerica21.com\/es\/wp-json\/wp\/v2\/tags?post=6006"},{"taxonomy":"gps","embeddable":true,"href":"https:\/\/latinoamerica21.com\/es\/wp-json\/wp\/v2\/gps?post=6006"}],"curies":[{"name":"wp","href":"https:\/\/api.w.org\/{rel}","templated":true}]}}