{"id":6167,"date":"2021-06-21T15:45:00","date_gmt":"2021-06-21T18:45:00","guid":{"rendered":"http:\/\/latinoamerica21.com\/?p=6167"},"modified":"2021-06-25T06:53:25","modified_gmt":"2021-06-25T09:53:25","slug":"cuba-y-la-eterna-primavera-negra","status":"publish","type":"post","link":"https:\/\/latinoamerica21.com\/es\/cuba-y-la-eterna-primavera-negra\/","title":{"rendered":"Cuba y la eterna primavera negra"},"content":{"rendered":"\n<p>El 21 de mayo el diario Granma, \u00d3rgano Oficial del Comit\u00e9 Central del Partido Comunista de Cuba, public\u00f3 un art\u00edculo titulado \u201cContin\u00faan las protestas&nbsp; y la represi\u00f3n en Colombia\u201d. No era la primera vez que se denunciaba la represi\u00f3n del Estado contra la ciudadan\u00eda. Lo mismo sucedi\u00f3 frente a las manifestaciones de Chile del 2019 con un art\u00edculo titulado: \u201cDatos demuestran la brutalidad policial en chile\u201d, y frente a las de Estados Unidos del 2020 donde un titular bastante m\u00e1s amarillista se preguntaba: \u201c\u00bfD\u00f3nde se fabrican los polic\u00edas asesinos?\u201d. Sin embargo, ante la violencia policial, el hostigamiento, las detenciones arbitrarias y el secuestro de opositores, periodistas y artistas en Cuba este mismo diario guarda silencio.<\/p>\n\n\n\n<p><strong>La primavera negra de 2003<\/strong><\/p>\n\n\n\n<p>En la madrugada del 18 de marzo del a\u00f1o 2003, en una acci\u00f3n coordinada por parte de agentes del Departamento de la Seguridad del Estado, o polic\u00eda pol\u00edtica cubana, se detuvieron a 75 personas entre opositores, periodistas y activistas acusados de colaborar con el \u201cenemigo\u201d y apoyar el bloqueo econ\u00f3mico de Estados Unidos hacia Cuba. Adem\u00e1s de las detenciones, se confiscaron computadores, archivos, fotos, m\u00e1quinas de escribir, fax, entre otros elementos que fueron usados como pruebas.<\/p>\n\n\n\n<p>D\u00edas despu\u00e9s, entre el 3 y el 7 de abril, se realizaron juicios sumarios en los que se les conden\u00f3 a penas de prisi\u00f3n que iban desde los seis hasta los 30 a\u00f1os, sin derecho a un juicio justo, o al menos, a una defensa. Con ello se trataba de enviar un mensaje pol\u00edtico hacia el gobierno de Estados Unidos con el fin de desincentivar cualquier tipo de agresi\u00f3n hacia Cuba, utilizando como chivos expiatorios a los disidentes dentro de la isla.<\/p>\n\n\n\n<p>Para darle visos de legalidad a la acci\u00f3n, se utiliz\u00f3 la Ley 88 de 1999, o \u201cLey Mordaza\u201d, en la que se establec\u00eda como finalidad \u201ctipificar y sancionar aquellos hechos dirigidos a apoyar, facilitar, o colaborar con los objetivos de la Ley \u00abHelms-Burton\u00bb, el bloqueo y la guerra econ\u00f3mica contra nuestro pueblo, encaminados a quebrantar el orden interno, desestabilizar el pa\u00eds y liquidar al Estado Socialista y la independencia de Cuba\u201d. Es decir, que cualquier acci\u00f3n en rechazo de las acciones del gobierno cubano y que pudiera asociarse a personas o miembros del gobierno de Estados Unidos hac\u00eda posible el uso de esta disposici\u00f3n para sancionar, perseguir y encarcelar.<\/p>\n\n\n\n<p>Y aunque muchos de los acusados, ni siquiera conoc\u00edan a James Cason, jefe de la oficina de intereses de los Estados Unidos en Cuba, se utiliz\u00f3 a este funcionario como una excusa para el encarcelamiento masivo, aduciendo que \u201cparticipaban de actividades subversivas\u201d lideradas por \u00e9l. Lo cierto es que mientras estos opositores, activistas y periodistas tuvieron que enfrentarse a esta justicia totalitaria, Fidel Castro no llev\u00f3 a cabo ninguna represalia contra el funcionario del gobierno de Estados Unidos y s\u00f3lo us\u00f3 a sus propios ciudadanos como una forma de demostrar su poder.<\/p>\n\n\n\n<p><strong>La primavera negra de 2021<\/strong><\/p>\n\n\n\n<p>Aunque las acciones represivas no han cesado desde 2003 y han sido muchas las primaveras crueles para los cubanos que piensan diferente, esta primavera de 2021 era especial porque se realizar\u00eda <a href=\"https:\/\/elpais.com\/internacional\/2021-04-18\/el-partido-comunista-cubano-no-tendra-a-un-castro-en-su-cupula-por-primera-vez.html\" target=\"_blank\" rel=\"noreferrer noopener\">el VIII Congreso del Partido Comunista de Cuba (PCC) en donde Ra\u00fal Castro se retirar\u00eda de la vida p\u00fablica.<\/a> Es as\u00ed como anticipadamente y previendo cualquier tipo de acci\u00f3n opositora, se realizaron cercos policiales a los miembros de la Uni\u00f3n Patri\u00f3tica de Cuba (UNPACU) y se aument\u00f3 su vigilancia y control por parte del Departamento de la Seguridad del Estado (DSE).<\/p>\n\n\n\n<div class=\"wp-block-image\"><figure class=\"aligncenter size-large is-resized\"><img loading=\"lazy\" decoding=\"async\" src=\"http:\/\/latinoamerica21.com\/wp-content\/uploads\/2021\/06\/230-E-23-1.jpg\" alt=\"\" class=\"wp-image-6168\" width=\"450\" height=\"294\" srcset=\"https:\/\/latinoamerica21.com\/wp-content\/uploads\/2021\/06\/230-E-23-1.jpg 689w, https:\/\/latinoamerica21.com\/wp-content\/uploads\/2021\/06\/230-E-23-1-300x196.jpg 300w\" sizes=\"auto, (max-width: 450px) 100vw, 450px\" \/><\/figure><\/div>\n\n\n\n<p>Como resultado de este ataque preventivo contra ciudadanos desarmados y pac\u00edficos, 60 miembros de la UNPACU comenzaron una huelga de hambre en rechazo a la represi\u00f3n injustificada y la vigilancia. 26 d\u00edas despu\u00e9s del anuncio de Jos\u00e9 Daniel Ferrer, l\u00edder de la UNPACU, termin\u00f3 la huelga de hambre tras el fin del cerco policial a la sede de la organizaci\u00f3n en Altamira en Santiago de Cuba. Pero lejos de terminar los d\u00edas de represi\u00f3n, se comenzar\u00edan nuevas formas de intimidaci\u00f3n, persecuci\u00f3n, secuestro y reclusi\u00f3n.<\/p>\n\n\n\n<p>Ya iniciado el Congreso del PCC, el artista Luis Manuel Otero Alc\u00e1ntara realiz\u00f3 en su casa un performance para recrear a trav\u00e9s de un \u201cgarrote vil\u201d la precariedad de la vida y el \u201cencarcelamiento\u201d que sufre la sociedad cubana. El DSE no se hizo esperar y, adem\u00e1s de irrumpir sin una orden judicial y detener al artista, le decomis\u00f3 sus obras y dio inicio a los oscuros d\u00edas del mes de abril, que adem\u00e1s de las repetidas detenciones del artista, dej\u00f3 como saldo la detenci\u00f3n de otros activistas, y su reclusi\u00f3n involuntaria en el hospital Calixto Garc\u00eda por cerca de un mes.<\/p>\n\n\n\n<p><strong>La prohibici\u00f3n de las protestas<\/strong><\/p>\n\n\n\n<p>El 30 de abril Esteban Rodr\u00edguez decidi\u00f3, tras no poder visitar a Luis Manuel Otero Alc\u00e1ntara, manifestarse en plena Calle Obispo de la ciudad de La Habana junto a otros activistas y periodistas. Y aunque se trat\u00f3 de una expresi\u00f3n pacifica de ciudadanos en contra de la represi\u00f3n, &nbsp;en una dictadura cualquier manifestaci\u00f3n de descontento es inaceptable y por ello Esteban y sus acompa\u00f1antes fueron conducidos por el DSE a una estaci\u00f3n de polic\u00eda. Desde esa fecha se encuentran detenidos y acusados de \u201cdesorden p\u00fablico y resistencia\u201d y aunque algunos han sido liberados, otros como Esteban ser\u00e1n trasladados a c\u00e1rceles de m\u00e1xima seguridad.<\/p>\n\n\n\n<p>Esteban no es el \u00fanico y esta primavera ha tenido mucho otros nombres como el de la periodista Ileana \u00c1lvarez, detenida en su casa por informar; Manuel de la Cruz expulsado del Instituto donde trabajaba por participar en una fiesta con Luis Manuel Otero Alc\u00e1ntara; Maykel Osorbo, rapero, detenido en repetidas ocasiones y conducido sin causa objetiva a una prisi\u00f3n de m\u00e1xima seguridad.<\/p>\n\n\n\n<p>Miguel D\u00edaz-Canel parece copiar las estrategias de 2003 para mostrar su poder y desincentivar cualquier foco de descontento. Mientras tanto, los medios oficialistas se visten de dem\u00f3cratas y defensores de los derechos humanos cuando se trata de juzgar la represi\u00f3n en otros pa\u00edses. Pero cuando se trata de reportear la represi\u00f3n hacia la UNPACU, el mismo Granma dice que se trata de \u201cfocos subversivos\u201d, y alude a la reclusi\u00f3n hospitalaria de Luis Manuel Otero Alc\u00e1ntara como \u201cla m\u00e1s reciente farsa contra Cuba\u201d.<\/p>\n\n\n\n<hr class=\"wp-block-separator is-style-wide\"\/>\n\n\n\n<p class=\"has-text-align-right\"><strong><em>Episodio relacionado de nuestro&nbsp;<a href=\"http:\/\/latinoamerica21.com\/podcast\/\">podcast<\/a><\/em>:<\/strong><\/p>\n\n\n\n<figure class=\"wp-block-embed is-type-rich is-provider-spotify wp-block-embed-spotify wp-embed-aspect-21-9 wp-has-aspect-ratio\"><div class=\"wp-block-embed__wrapper\">\n<iframe title=\"Spotify Embed: \u00bfApertura o continuidad en Cuba?\" style=\"border-radius: 12px\" width=\"100%\" height=\"152\" frameborder=\"0\" allowfullscreen allow=\"autoplay; clipboard-write; encrypted-media; fullscreen; picture-in-picture\" loading=\"lazy\" src=\"https:\/\/open.spotify.com\/embed\/episode\/5Ky7jGM3iMcjfwgBxaNjf9?utm_source=oembed\"><\/iframe>\n<\/div><\/figure>\n","protected":false},"excerpt":{"rendered":"<p>Los medios oficialistas se visten de dem\u00f3cratas y defensores de los derechos humanos cuando se trata de juzgar la represi\u00f3n estatal en otros pa\u00edses. Pero cuando se trata de reportear las persecuciones en la isla, el mismo Granma los tacha de \u201cfocos subversivos\u201d.<\/p>\n","protected":false},"author":119,"featured_media":6160,"comment_status":"closed","ping_status":"closed","sticky":false,"template":"","format":"standard","meta":{"_acf_changed":false,"episode_type":"","audio_file":"","cover_image":"","cover_image_id":"","duration":"","filesize":"","filesize_raw":"","date_recorded":"","explicit":"","block":"","itunes_episode_number":"","itunes_title":"","itunes_season_number":"","itunes_episode_type":"","footnotes":""},"categories":[16581,16581],"tags":[],"gps":[],"class_list":{"0":"post-6167","1":"post","2":"type-post","3":"status-publish","4":"format-standard","5":"has-post-thumbnail","7":"category-cuba-es"},"acf":[],"_links":{"self":[{"href":"https:\/\/latinoamerica21.com\/es\/wp-json\/wp\/v2\/posts\/6167","targetHints":{"allow":["GET"]}}],"collection":[{"href":"https:\/\/latinoamerica21.com\/es\/wp-json\/wp\/v2\/posts"}],"about":[{"href":"https:\/\/latinoamerica21.com\/es\/wp-json\/wp\/v2\/types\/post"}],"author":[{"embeddable":true,"href":"https:\/\/latinoamerica21.com\/es\/wp-json\/wp\/v2\/users\/119"}],"replies":[{"embeddable":true,"href":"https:\/\/latinoamerica21.com\/es\/wp-json\/wp\/v2\/comments?post=6167"}],"version-history":[{"count":0,"href":"https:\/\/latinoamerica21.com\/es\/wp-json\/wp\/v2\/posts\/6167\/revisions"}],"wp:featuredmedia":[{"embeddable":true,"href":"https:\/\/latinoamerica21.com\/es\/wp-json\/wp\/v2\/media\/6160"}],"wp:attachment":[{"href":"https:\/\/latinoamerica21.com\/es\/wp-json\/wp\/v2\/media?parent=6167"}],"wp:term":[{"taxonomy":"category","embeddable":true,"href":"https:\/\/latinoamerica21.com\/es\/wp-json\/wp\/v2\/categories?post=6167"},{"taxonomy":"post_tag","embeddable":true,"href":"https:\/\/latinoamerica21.com\/es\/wp-json\/wp\/v2\/tags?post=6167"},{"taxonomy":"gps","embeddable":true,"href":"https:\/\/latinoamerica21.com\/es\/wp-json\/wp\/v2\/gps?post=6167"}],"curies":[{"name":"wp","href":"https:\/\/api.w.org\/{rel}","templated":true}]}}