{"id":6547,"date":"2021-07-06T08:45:00","date_gmt":"2021-07-06T11:45:00","guid":{"rendered":"http:\/\/latinoamerica21.com\/?p=6547"},"modified":"2023-10-24T07:19:12","modified_gmt":"2023-10-24T10:19:12","slug":"las-angostas-cornisas-de-pedro-castillo","status":"publish","type":"post","link":"https:\/\/latinoamerica21.com\/es\/las-angostas-cornisas-de-pedro-castillo\/","title":{"rendered":"Las angostas cornisas de Pedro Castillo"},"content":{"rendered":"\n<p>El presidente electo de Per\u00fa, Pedro Castillo, parece haber vencido los m\u00faltiples obst\u00e1culos interpuestos por Keiko Fujimori, perdedora en la segunda vuelta de las elecciones del 6 de junio. Una vez sea proclamado ganador por el organismo electoral, tras una apretada victoria por apenas cuarenta mil votos entre casi 19 millones de votantes, Castillo deber\u00e1 tomar posesi\u00f3n del cargo el 28 de julio cuando el pa\u00eds conmemore el bicentenario de su independencia. A partir de all\u00ed, el nuevo presidente deber\u00e1 enfrentar los considerables desaf\u00edos que le esperan para los cinco a\u00f1os de mandato.<\/p>\n\n\n\n<p>Mientras tanto, a tres semanas de su derrota, la oponente \u2014hija del dictador Alberto Fujimori condenado a 25 a\u00f1os de prisi\u00f3n por corrupci\u00f3n y violaciones de derechos humanos\u2014 no ha reconocido la victoria de Castillo. Keiko Fujimori sostiene que un fraude la ha perjudicado, contin\u00faa organizando marchas de protesta \u2014que ya han ocasionado un muerto entre sus adversarios\u2014 y ha interpuesto m\u00faltiples recursos sin pruebas que no han tenido efecto. Estados Unidos, la Uni\u00f3n Europea y observadores internacionales han destacado la transparencia de los comicios.<\/p>\n\n\n\n<p><strong>Los desaf\u00edos de Castillo<\/strong><\/p>\n\n\n\n<p>Castillo, sin embargo, debe prepararse para una fase mucho m\u00e1s dura, cuando se le abran varios frentes en un cuadro social donde se multiplican demandas que exigen soluci\u00f3n. Actualmente, varios conflictos sociales afectan a diversos sectores de la sociedad, pero principalmente a las industrias extractivas. En mayo de este a\u00f1o, la Defensor\u00eda del Pueblo <a href=\"https:\/\/www.defensoria.gob.pe\/wp-content\/uploads\/2021\/06\/Reporte-Mensual-de-Conflictos-Sociales-N%C2%B0-207-Mayo-2021.pdf\">identificaba<\/a> 191 conflictos, que acaso se incrementen alentados por la llegada del nuevo gobierno.<\/p>\n\n\n\n<p>En primer lugar, el mandato de Castillo es leg\u00edtimo, pero con el respaldo de 50,1% del electorado resulta insuficiente para emprender una gran transformaci\u00f3n. En segundo lugar, el partido que lo present\u00f3 como candidato adhiere a un marxismo-leninismo conservador en materias como familia y g\u00e9nero, y mantiene un <a href=\"http:\/\/perulibre.pe\/wp-content\/uploads\/2020\/03\/ideario-peru-libre.pdf\">programa<\/a> anacr\u00f3nico. Y en tercer lugar, la primera vuelta electoral defini\u00f3 que haya diez partidos ocupando esca\u00f1os en el Congreso. En este marco, encabezar el Poder Ejecutivo no ser\u00e1 suficiente para llevar a cabo un cambio radical.<\/p>\n\n\n\n<p>Pedro Castillo lo sabe. Es un hombre de origen humilde, profesor y evang\u00e9lico que proviene de un peque\u00f1o poblado andino donde trabaj\u00f3 hasta ahora. Y es que en doscientos a\u00f1os de vida independiente, el pa\u00eds nunca vio llegar a la presidencia un hombre con ese perfil.<\/p>\n\n\n\n<p>Castillo se fogue\u00f3 como dirigente sindical del gremio magisterial y, cuando se decidi\u00f3 a entrar en pol\u00edtica, pretendi\u00f3 formar un partido sobre la base de los maestros del pa\u00eds, que son m\u00e1s de medio mill\u00f3n. La tarea de recoger firmas, a fin de inscribir el partido ante las autoridades electorales, se vio interrumpida en 2020 por las restricciones impuestas por la pandemia. Fue entonces cuando dirigentes de Per\u00fa Libre \u2014partido regional del centro del pa\u00eds que cuenta con inscripci\u00f3n electoral\u2014 le ofrecieron la candidatura ya que el fundador del partido y candidato a aspirar al cargo acababa de ser condenado por la justicia debido a su mal manejo de fondos p\u00fablicos.<\/p>\n\n\n\n<p><strong>Los fantasmas del comunismo<\/strong><\/p>\n\n\n\n<p>Al ideario radical de Per\u00fa Libre se sum\u00f3 la participaci\u00f3n de maestros vinculados al MOVADEF \u2014agrupaci\u00f3n que busca por v\u00edas legales aquello que se propuso alcanzar con las armas el Partido Comunista del Per\u00fa-Sendero Luminoso\u2014, lo cual provoc\u00f3 que los principales medios identificaran a Castillo con el comunismo. Esto sembr\u00f3 la idea de que de ser elegido el pa\u00eds se convertir\u00eda en una Venezuela.<\/p>\n\n\n\n<p>Pese a que la campa\u00f1a a favor de Keiko Fujimori se nutri\u00f3 del miedo al comunismo y del desprecio por el maestro campesino, la mayor\u00eda termin\u00f3 escogiendo al candidato que m\u00e1s se les asemejaba.<\/p>\n\n\n\n<p>\u201cEl profesor\u201d no esconde sus limitaciones y se ha refugiado en discursos que abundan en generalidades. De all\u00ed que algunos comentaristas coinciden en se\u00f1alar que no se sabe qu\u00e9 har\u00e1 en el cargo. No obstante, en mayo present\u00f3 un <a href=\"https:\/\/perulibre.pe\/plan-bicentenario.pdf\">plan de gobierno<\/a> para los primeros cien d\u00edas que evita radicalismos pero mantiene la necesidad de revisar los contratos que otorguen tratamientos excesivamente favorables a las explotaciones mineras y gas\u00edferas.<\/p>\n\n\n\n<p><strong>\u00bfC\u00f3mo ser\u00e1 la bancada oficialista?<\/strong><\/p>\n\n\n\n<p>El reciente acercamiento de asesores de la izquierda educada ajenos a Per\u00fa Libre, ha tonificado las definiciones del futuro gobierno y ha dado lugar a ciertos forcejeos con los l\u00edderes del partido, lo cual adelanta otro frente a la interna del gobierno.<\/p>\n\n\n\n<p>La fisura probablemente se replique en la representaci\u00f3n parlamentaria de Per\u00fa Libre que cuenta con 37 congresistas sobre un total de 130. Al parecer, una porci\u00f3n de ellos fue seleccionada por el propio Castillo y otra por la dirigencia de Per\u00fa Libre, por lo tanto, en las pr\u00f3ximas semanas se podr\u00e1 saber si el gobierno cuenta con una bancada propia o surgir\u00e1n las divisiones.<\/p>\n\n\n\n<p>Si los 37 congresistas actuaran unificadamente, probablemente se les sumar\u00edan otros 13 de la izquierda y el centro que en conjunto no alcanzar\u00edan a una mayor\u00eda. La derecha, en tanto, contar\u00eda con, cuando menos, tres fuerzas que suman 44 congresistas. Otros tres grupos, con 36 parlamentarios, probablemente se dividan o pacten con la derecha o con la izquierda seg\u00fan sus conveniencias.<\/p>\n\n\n\n<p>Castillo tendr\u00e1 que hilar muy fino para, de un lado, mantener unida a la bancada de Per\u00fa Libre y, de otro, contar con la flexibilidad necesaria para pactar con las fuerzas que muestren apertura a acuerdos circunstanciales. Si no lograra caminar por esa angosta cornisa, el Congreso podr\u00eda aprovechar cualquier paso en falso para vacar la presidencia.<\/p>\n\n\n\n<p><strong>El empresariado es el otro gran desaf\u00edo<\/strong><\/p>\n\n\n\n<p>Un frente adicional es el empresarial. Aunque desde este sector ha habido apoyo financiero para las campa\u00f1as de miedo al comunismo, el realismo se impuso a partir del domingo 27 cuando un <a href=\"https:\/\/elcomercio.pe\/opinion\/editorial\/jne-elecciones-2021-editorial-ya-estuvo-bueno-noticia\/\">editorial<\/a> del conservador diario El Comercio dijo \u2018basta\u2019 a los reclamos infundados de fraude de Fujimori.<\/p>\n\n\n\n<p>El anuncio de Castillo el d\u00eda anterior de que hab\u00eda pedido al actual presidente del Banco Central, Julio Velarde, permanecer en el cargo parece haber sido decisivo. El presidente electo <a href=\"https:\/\/canaln.pe\/actualidad\/pedro-castillo-pidio-permanencia-julio-velarde-al-frente-bcr-n436559\">afirm\u00f3<\/a> adem\u00e1s: \u201cNo somos chavistas, no somos comunistas, no le vamos a quitar sus propiedades a nadie, es falso. Somos democr\u00e1ticos, respetaremos la gobernabilidad, la institucionalidad peruana\u201d. La cotizaci\u00f3n del d\u00f3lar descendi\u00f3 y la Bolsa de Valores de Lima se reanim\u00f3.<\/p>\n\n\n\n<p>En esta semana parece haberse producido un divorcio entre los intereses empresariales y las ambiciones pol\u00edticas de quienes se acreditaban su representaci\u00f3n. M\u00e1s realistas los primeros, parecen haber aceptado la victoria de Castillo y estar prepar\u00e1ndose para convivir con el nuevo gobierno.<\/p>\n\n\n\n<p>Pero, claro est\u00e1, ser\u00e1 una aceptaci\u00f3n condicionada. En particular, los empresarios pondr\u00e1n atenci\u00f3n al maneje del gobierno de los conflictos sociales y a la b\u00fasqueda de soluciones que sean aceptables por los reclamantes y, al mismo tiempo, no alarmen a los mayores intereses econ\u00f3micos. Esta ser\u00e1 otra angosta cornisa a recorrer por un gobierno cargado de desaf\u00edos.<\/p>\n\n\n\n<hr class=\"wp-block-separator is-style-wide\"\/>\n\n\n\n<p class=\"has-text-align-right\"><strong><em>Episodio relacionado de nuestro&nbsp;<a href=\"http:\/\/latinoamerica21.com\/podcast\/\">podcast<\/a><\/em>:<\/strong><\/p>\n\n\n\n<figure class=\"wp-block-embed is-type-rich is-provider-spotify wp-block-embed-spotify wp-embed-aspect-21-9 wp-has-aspect-ratio\"><div class=\"wp-block-embed__wrapper\">\n<iframe title=\"Spotify Embed: Polarizaci\u00f3n y bicentenario del Per\u00fa\" style=\"border-radius: 12px\" width=\"100%\" height=\"152\" frameborder=\"0\" allowfullscreen allow=\"autoplay; clipboard-write; encrypted-media; fullscreen; picture-in-picture\" loading=\"lazy\" src=\"https:\/\/open.spotify.com\/embed\/episode\/35taN1rB95QFPAhCWOT0HX?utm_source=oembed\"><\/iframe>\n<\/div><\/figure>\n","protected":false},"excerpt":{"rendered":"<p>El presidente electo de Per\u00fa parece haber vencido los m\u00faltiples obst\u00e1culos interpuestos por Keiko Fujimori. Sin embargo, debe prepararse para una fase mucho m\u00e1s dura, cuando se le abran varios frentes con multiplican demandas que exigen soluci\u00f3n. <\/p>\n","protected":false},"author":54,"featured_media":6535,"comment_status":"closed","ping_status":"closed","sticky":false,"template":"","format":"standard","meta":{"_acf_changed":false,"episode_type":"","audio_file":"","cover_image":"","cover_image_id":"","duration":"","filesize":"","filesize_raw":"","date_recorded":"","explicit":"","block":"","itunes_episode_number":"","itunes_title":"","itunes_season_number":"","itunes_episode_type":"","footnotes":""},"categories":[16468,16468,16601,16601,16493,16493],"tags":[14126],"gps":[],"class_list":{"0":"post-6547","1":"post","2":"type-post","3":"status-publish","4":"format-standard","5":"has-post-thumbnail","7":"category-politica","9":"category-pedro-castillo-es","11":"category-peru","13":"tag-debates-br-es"},"acf":[],"_links":{"self":[{"href":"https:\/\/latinoamerica21.com\/es\/wp-json\/wp\/v2\/posts\/6547","targetHints":{"allow":["GET"]}}],"collection":[{"href":"https:\/\/latinoamerica21.com\/es\/wp-json\/wp\/v2\/posts"}],"about":[{"href":"https:\/\/latinoamerica21.com\/es\/wp-json\/wp\/v2\/types\/post"}],"author":[{"embeddable":true,"href":"https:\/\/latinoamerica21.com\/es\/wp-json\/wp\/v2\/users\/54"}],"replies":[{"embeddable":true,"href":"https:\/\/latinoamerica21.com\/es\/wp-json\/wp\/v2\/comments?post=6547"}],"version-history":[{"count":0,"href":"https:\/\/latinoamerica21.com\/es\/wp-json\/wp\/v2\/posts\/6547\/revisions"}],"wp:featuredmedia":[{"embeddable":true,"href":"https:\/\/latinoamerica21.com\/es\/wp-json\/wp\/v2\/media\/6535"}],"wp:attachment":[{"href":"https:\/\/latinoamerica21.com\/es\/wp-json\/wp\/v2\/media?parent=6547"}],"wp:term":[{"taxonomy":"category","embeddable":true,"href":"https:\/\/latinoamerica21.com\/es\/wp-json\/wp\/v2\/categories?post=6547"},{"taxonomy":"post_tag","embeddable":true,"href":"https:\/\/latinoamerica21.com\/es\/wp-json\/wp\/v2\/tags?post=6547"},{"taxonomy":"gps","embeddable":true,"href":"https:\/\/latinoamerica21.com\/es\/wp-json\/wp\/v2\/gps?post=6547"}],"curies":[{"name":"wp","href":"https:\/\/api.w.org\/{rel}","templated":true}]}}