{"id":6557,"date":"2021-07-10T08:45:00","date_gmt":"2021-07-10T11:45:00","guid":{"rendered":"http:\/\/latinoamerica21.com\/?p=6557"},"modified":"2022-08-24T20:41:42","modified_gmt":"2022-08-24T23:41:42","slug":"de-izquierdas-y-post-izquierdas","status":"publish","type":"post","link":"https:\/\/latinoamerica21.com\/es\/de-izquierdas-y-post-izquierdas\/","title":{"rendered":"De izquierdas y post-izquierdas"},"content":{"rendered":"\n<p>Durante el reciente proceso electoral peruano, cuando Pedro Castillo estaba en plena campa\u00f1a para la segunda vuelta, se gener\u00f3 cierta tensi\u00f3n entre los dos partidos de izquierda: <a href=\"https:\/\/dfmas.df.cl\/df-mas\/coffee-break\/la-mujer-detras-de-la-moderacion-de-castillo\" target=\"_blank\" rel=\"noreferrer noopener\">Juntos por el Per\u00fa, liderado por Veronika Mendoza <\/a>y Per\u00fa Libre de Castillo. Se trat\u00f3 de una diferencia en torno a cuestiones de g\u00e9nero, salud sexual y reproductiva. Las dos fuerzas pol\u00edticas acababan de firmar un acuerdo, pero se abri\u00f3 una brecha entre lo que la congresista electa por Per\u00fa Libre, Betsy Ch\u00e1vez, llam\u00f3 una izquierda \u201cpopular\u201d y una izquierda \u201cprogresista\u00bb.<\/p>\n\n\n\n<p>La izquierda popular, representada por Castillo, se opone al matrimonio igualitario, al aborto y a la fluidez de g\u00e9nero, mientras que la izquierda progresista, la de Mendoza, tiene un fuerte componente feminista, apuesta por la justicia social y se apoya en sectores de las clases medias urbanas.<\/p>\n\n\n\n<p><strong>\u00bfC\u00f3mo formar alianzas?<\/strong><\/p>\n\n\n\n<p>Este evento trae a colaci\u00f3n uno de los principales avatares de la pol\u00edtica actual, sobre todo en el campo de la izquierda. \u00bfC\u00f3mo formar alianzas y obtener mayor\u00edas electorales? El ejemplo de las diferencias en torno al g\u00e9nero y la salud sexual y reproductiva es s\u00f3lo un punto, de muchos otros. Hay posiciones discordantes respecto al nacionalismo o internacionalismo, laicismo vs secularismo, proteccionismo vs libre mercado, migraci\u00f3n, entre otras.<\/p>\n\n\n\n<p>Estas diferencias, hacen que el mayor desaf\u00edo para la izquierda no sea solo resolverlas, sino mantenerlas en una especie de campo magn\u00e9tico com\u00fan que podamos llamar \u201cla izquierda\u201d. El polo de atracci\u00f3n de dicho campo no deber\u00eda ser necesariamente concebido como un todo arm\u00f3nico e integrado, sino que puede albergar tensiones y diferencias.&nbsp;<\/p>\n\n\n\n<p>Per\u00fa es solamente un ejemplo. La coexistencia del apoyo a pol\u00edticas econ\u00f3micas y sociales progresistas y el apego a un conservadurismo moral y religioso marcar\u00e1 durante un buen tiempo la interpelaci\u00f3n populista de izquierda en Am\u00e9rica Latina. En otras regiones los dilemas no son iguales, pero guardan similitudes.<\/p>\n\n\n\n<p>Un ejemplo es el debate europeo en torno a la interpelaci\u00f3n de la clase obrera y los inc\u00f3modos posicionamientos a los que ello lleva en t\u00e9rminos de nacionalismo xenof\u00f3bico y antiinmigrante. El precio que se paga es que cuando no se es capaz de articular estas contradicciones, el pueblo se termina volcando a los Trumps y Bolsonaros del mundo.<\/p>\n\n\n\n<p><strong>Descolgarse de las grandes narrativas<\/strong><\/p>\n\n\n\n<p>Ante semejante disyuntiva, <a href=\"http:\/\/latinoamerica21.com\/es\/un-nuevo-giro-a-la-izquierda-en-america-latina\/\" target=\"_blank\" rel=\"noreferrer noopener\">han emergido voces dentro de la izquierda que han hecho un llamado a descolgarse de las grandes narrativas sobre pujas entre una \u201cizquierda\u201d y una \u201cderecha\u201d.<\/a> Esta es una campa\u00f1a m\u00e1s posmoderna, que habla del fin de las grandes narrativas sobre direcci\u00f3n general del Estado y enfoca la atenci\u00f3n en &nbsp;temas concretos de pol\u00edtica p\u00fablica.<\/p>\n\n\n\n<p>Este grupo alberga a pol\u00edticos como I\u00f1igo Errej\u00f3n de M\u00e1s Pa\u00eds, en Espa\u00f1a, que sin querer quitarle m\u00e9rito a las grandes narrativas sobre el horizonte normativo, insiste en la importancia de una praxis pol\u00edtica tem\u00e1tica, enfocada en problemas y soluciones de pol\u00edtica p\u00fablicas concretas, relacionadas con el cotidiano de la gente. En comentarios sobre la derrota de Pablo Iglesias en las recientes elecciones de la Comunidad de Madrid, se refiri\u00f3 a la insistencia de Iglesias en atacar al fascismo de Vox, en lugar de aterrizar en lo concreto.<\/p>\n\n\n\n<p>Anne Hidalgo, la alcaldesa de Par\u00eds, tambi\u00e9n parecer\u00eda transitar por esa v\u00eda de cara a las presidenciales francesas del 2022 al decir que quiere \u201ctrabajar con lo real\u201d, argumentando que el electorado ya no es partisano, sino que prefiere decidir sobre temas concretos y los compromisos que los pol\u00edticos deben asumir. La alcaldesa confiesa su desaz\u00f3n con respecto a la ca\u00edda de narrativas hist\u00f3ricas con las cu\u00e1les se siente identificada, pero que ya no resuenan entre los electores.&nbsp;<\/p>\n\n\n\n<p><strong>Priorizar lo concreto<\/strong><\/p>\n\n\n\n<p>Esta l\u00ednea de priorizar la atenci\u00f3n en lo concreto y en lo \u201cpropositivo-pr\u00e1ctico\u201d florecer\u00e1 en ciertos ambientes, pero en otros no lograr\u00e1 ser la \u00fanica o m\u00e1s importante soluci\u00f3n. Probablemente, porque la pol\u00edtica est\u00e1 llamada a responder a dos grandes exigencias. Por un lado, la presentaci\u00f3n de \u201cuna historia\u201d con un valor arquet\u00edpico donde una porci\u00f3n importante de la poblaci\u00f3n se encuentra a s\u00ed misma y sea capaz de relacionar esa historia con su propio sentir. Por otro, por la exigencia de ofrecer soluciones concretas a problemas reales como el hambre, el desempleo, deuda, d\u00e9ficit, corrupci\u00f3n, etc.&nbsp;<\/p>\n\n\n\n<p>Es posible que una de las principales inspiraciones sobrevenga cuando se alcance la coherencia entre esa \u201chistoria\u201d y las soluciones propuestas. Pero, esto no es lo usual. Hay liderazgos que se basan en grandes narrativas, pero no ofrecen soluciones, que ser\u00eda el caso de Pedro Castillo en Per\u00fa. Y otros que se concentran en un listado de soluciones pero pierden de vista el fin, como Sergio Fajardo en Colombia.<\/p>\n\n\n\n<p>Lo que puede ayudar a los liderazgos mantener un mejor enlace entre la gran narrativa y las medidas concretas es que los mismos cuenten con una referencia pol\u00edtica. Una funci\u00f3n que los partidos pol\u00edticos sol\u00edan proveer con su experiencia, ideas, intelectuales e institucionalidad. Sin embargo, hoy por hoy, la figura del partido pol\u00edtico tambi\u00e9n est\u00e1 en plena mutaci\u00f3n, por lo que se tiene que buscar otros tipos de referentes. Hay conjuntos m\u00e1s diversos que pueden conectar a los liderazgos con un horizonte normativo m\u00e1s s\u00f3lido, compuesto de convicciones\u00a0 argumentadas con ah\u00ednco y ciencia. De otro modo, nos quedaremos con la fluidez y fragmentaci\u00f3n de las redes y liderazgos sin referencias s\u00f3lidas, envueltos en\u00a0\u00a0la comunicaci\u00f3n efectista, con ribetes neo-caudillistas, personalistas y autocr\u00e1ticos.<\/p>\n\n\n\n<hr class=\"wp-block-separator has-alpha-channel-opacity\"\/>\n\n\n\n<p class=\"has-text-align-right\"><em><strong>Episodio relacionado de nuestro <a href=\"https:\/\/latinoamerica21.com\/es\/podcasts-es\/\">podcast<\/a><\/strong><\/em>:<\/p>\n\n\n\n<figure class=\"wp-block-embed is-type-rich is-provider-spotify wp-block-embed-spotify wp-embed-aspect-21-9 wp-has-aspect-ratio\"><div class=\"wp-block-embed__wrapper\">\n<iframe title=\"Spotify Embed: Liderazgos de izquierda en Am\u00e9rica Latina\" style=\"border-radius: 12px\" width=\"100%\" height=\"152\" frameborder=\"0\" allowfullscreen allow=\"autoplay; clipboard-write; encrypted-media; fullscreen; picture-in-picture\" loading=\"lazy\" src=\"https:\/\/open.spotify.com\/embed\/episode\/2jhRJIyau6pvG6p7ntyQYp?si=J2_XFm3dQyaWYhPfFCRvvQ&#038;utm_source=oembed\"><\/iframe>\n<\/div><\/figure>\n","protected":false},"excerpt":{"rendered":"<p>Durante la campa\u00f1a peruana se gener\u00f3 una diferencia entre los dos partidos de izquierda: Juntos por el Per\u00fa de Veronika Mendoza y Per\u00fa Libre de Castillo, en torno a cuestiones de g\u00e9nero, salud sexual y reproductiva que abri\u00f3 una brecha entre lo que una congresista llam\u00f3 una izquierda \u201cpopular\u201d y una izquierda \u201cprogresista\u00bb.<\/p>\n","protected":false},"author":103,"featured_media":6531,"comment_status":"closed","ping_status":"closed","sticky":false,"template":"","format":"standard","meta":{"_acf_changed":false,"episode_type":"","audio_file":"","cover_image":"","cover_image_id":"","duration":"","filesize":"","filesize_raw":"","date_recorded":"","explicit":"","block":"","itunes_episode_number":"","itunes_title":"","itunes_season_number":"","itunes_episode_type":"","footnotes":""},"categories":[16486,16924],"tags":[],"gps":[],"class_list":{"0":"post-6557","1":"post","2":"type-post","3":"status-publish","4":"format-standard","5":"has-post-thumbnail","7":"category-izquierda","8":"category-izquierda-en"},"acf":[],"_links":{"self":[{"href":"https:\/\/latinoamerica21.com\/es\/wp-json\/wp\/v2\/posts\/6557","targetHints":{"allow":["GET"]}}],"collection":[{"href":"https:\/\/latinoamerica21.com\/es\/wp-json\/wp\/v2\/posts"}],"about":[{"href":"https:\/\/latinoamerica21.com\/es\/wp-json\/wp\/v2\/types\/post"}],"author":[{"embeddable":true,"href":"https:\/\/latinoamerica21.com\/es\/wp-json\/wp\/v2\/users\/103"}],"replies":[{"embeddable":true,"href":"https:\/\/latinoamerica21.com\/es\/wp-json\/wp\/v2\/comments?post=6557"}],"version-history":[{"count":0,"href":"https:\/\/latinoamerica21.com\/es\/wp-json\/wp\/v2\/posts\/6557\/revisions"}],"wp:featuredmedia":[{"embeddable":true,"href":"https:\/\/latinoamerica21.com\/es\/wp-json\/wp\/v2\/media\/6531"}],"wp:attachment":[{"href":"https:\/\/latinoamerica21.com\/es\/wp-json\/wp\/v2\/media?parent=6557"}],"wp:term":[{"taxonomy":"category","embeddable":true,"href":"https:\/\/latinoamerica21.com\/es\/wp-json\/wp\/v2\/categories?post=6557"},{"taxonomy":"post_tag","embeddable":true,"href":"https:\/\/latinoamerica21.com\/es\/wp-json\/wp\/v2\/tags?post=6557"},{"taxonomy":"gps","embeddable":true,"href":"https:\/\/latinoamerica21.com\/es\/wp-json\/wp\/v2\/gps?post=6557"}],"curies":[{"name":"wp","href":"https:\/\/api.w.org\/{rel}","templated":true}]}}