{"id":6696,"date":"2021-07-15T08:45:00","date_gmt":"2021-07-15T11:45:00","guid":{"rendered":"http:\/\/latinoamerica21.com\/?p=6696"},"modified":"2021-07-14T06:31:10","modified_gmt":"2021-07-14T09:31:10","slug":"haiti-mucha-pobreza-y-poco-estado","status":"publish","type":"post","link":"https:\/\/latinoamerica21.com\/es\/haiti-mucha-pobreza-y-poco-estado\/","title":{"rendered":"Hait\u00ed, mucha pobreza y poco Estado"},"content":{"rendered":"\n<p>El asesinato del presidente Jovenel Mo\u00efse abre un escenario de incertidumbre sobre Hait\u00ed, y tambi\u00e9n en su entorno regional m\u00e1s inmediato. La primera pregunta es: \u00bfQuien manda? Obvio, aquel que controla a la Polic\u00eda y al Ej\u00e9rcito, y que adem\u00e1s es reconocido por los EEUU. Hasta ahora, Claude Joseph quien ejerc\u00eda como Primer Ministro al momento del asesinato del presidente es quien mantiene las riendas del poder tras decretar el estado de sitio.\u00a0\u00a0\u00a0<\/p>\n\n\n\n<p><strong>Los tres poderes del Estado est\u00e1n ac\u00e9falos<\/strong><\/p>\n\n\n\n<p><a href=\"http:\/\/latinoamerica21.com\/es\/haiti-entre-la-anarquia-politica-y-el-caos-social\/\" target=\"_blank\" rel=\"noreferrer noopener\">Institucionalmente la crisis no puede ser mayor ya que los tres poderes del Estado hoy est\u00e1n ac\u00e9falos<\/a>. El Ejecutivo ha quedado descabezado de una manera dram\u00e1tica. El Congreso en la pr\u00e1ctica no funciona desde 2020, al no convocarse las elecciones correspondientes en 2019.\u00a0 La c\u00fapula del Poder Judicial tampoco funciona por diversas causas y dos d\u00edas antes de su muerte el presidente design\u00f3 a un nuevo Primer Ministro: Ariel Henry, quien no alcanz\u00f3 a asumir el cargo en remplazo de Claude Joseph.<\/p>\n\n\n\n<p>Para complicar a\u00fan m\u00e1s la situaci\u00f3n, la Constituci\u00f3n de Hait\u00ed establece que Mo\u00efse deber\u00eda ser sustituido por el Presidente del Tribunal Supremo, quien muri\u00f3 recientemente de Covid-19.\u00a0 Por ello, lo que queda del Senado \u201410 de un total de 30 senadores\u2014 acord\u00f3 designar a Joseph Lambert, el hasta ahora Presidente del Senado como nuevo presidente. Pero el Primer Ministro en funciones ha ignorado de momento la designaci\u00f3n.\u00a0<\/p>\n\n\n\n<p><strong>El poder de las pandillas haitianas<\/strong><\/p>\n\n\n\n<p>Pero m\u00e1s all\u00e1 del sector formal, <a href=\"https:\/\/es.insightcrime.org\/noticias\/masacres-haiti-revelan-apoyo-policias-funcionarios-pandillas\/\" target=\"_blank\" rel=\"noreferrer noopener\">en Hait\u00ed proliferan las \u201cgang\u201d<\/a>, pandillas fuertemente armadas que controlan determinados territorios, especialmente en la capital. Estas se organizan en el \u201cG9\u201d, una federaci\u00f3n criminal liderada por Jimmy \u201cBarbecue\u201d Cherizier, un ex polic\u00eda que emplea un lenguaje populista, cr\u00edtico con los \u201coligarcas\u201d y que mantuvo nexos con sectores del oficialismo. No es el \u00fanico, muchos observadores advierten v\u00ednculos entre caudillos pol\u00edticos y empresariales con estas organizaciones criminales.<\/p>\n\n\n\n<p>Estas pandillas han podido desarrollarse debido a la debilidad del Estado para garantizar la seguridad. Para darse una idea, solo en el mes de junio asesinaron a 30 polic\u00edas y efectuaron mas de 200 secuestros. La polic\u00eda, de alrededor de 15.000 efectivos, en proceso de desarrollo a\u00fan, no controla todo el territorio. El gobierno de Mo\u00efse dispuso hace poco la reconstrucci\u00f3n de las FFAA, disueltas hace a\u00f1os, y de momento el primer contingente de 500 efectivos est\u00e1 concluyendo su formaci\u00f3n con asesor\u00eda mexicana.<\/p>\n\n\n\n<p>Consciente de su precariedad, el Primer Ministro interino le ha pedido a los EEUU apoyo de todo tipo. Pero por ahora, ni EE.UU. ni la ONU est\u00e1n en condiciones (y menos convencidos) de enviar tropas a la isla. Hasta su muerte, tanto EE.UU. como los organismos multilaterales le ven\u00edan exigiendo al presidente que llamara a elecciones y entregara el mando el 2022. Finalmente, estas hab\u00edan sido convocadas para septiembre de este a\u00f1o, pero ante el contexto actual es impensable que se puedan llevar adelante bajo unas condiciones m\u00ednimamente aceptables.&nbsp;<\/p>\n\n\n\n<p>Al caos pol\u00edtico se suma el desastre econ\u00f3mico que se profundiz\u00f3 aun m\u00e1s con la pandemia. Seg\u00fan datos de CEPAL y Banco Mundial, el 60% de la poblaci\u00f3n vive en la pobreza (alrededor de 6.3 millones) y de ellos, un 24% en pobreza extrema, la inseguridad alimentaria cr\u00f3nica alcanza a la mitad de la poblaci\u00f3n mientras que los d\u00f3lares escasean cada vez m\u00e1s. Y si bien la migraci\u00f3n ha sido una tradicional v\u00e1lvula de escape para los haitianos, la pandemia la ha bloqueado con el cierre de fronteras.<\/p>\n\n\n\n<p><strong>Efectos de la crisis en la regi\u00f3n<\/strong><\/p>\n\n\n\n<p>Sin embargo, una profundizaci\u00f3n de la crisis podr\u00eda derivar en una emigraci\u00f3n masiva. En primer lugar, hacia Rep\u00fablica Dominicana, que de momento cerr\u00f3 sus fronteras con cerca de 9.000 soldados. Otro destino, mas deseado, pero m\u00e1s complejo de alcanzar es Florida, muchas embarcaciones \u2014sin sistemas de navegaci\u00f3n\u2014 terminan arribando a las costas de Santiago de Cuba, mientras en menor medida otras buscan la Guyana francesa. Antes de la pandemia, los migrantes haitianos privilegiaron Brasil y en especial Chile.<\/p>\n\n\n\n<p>En el plano internacional, el asesinato del presidente abre varias interrogantes: \u00bfqui\u00e9n contrato a los mercenarios colombianos? \u00bfQui\u00e9n y c\u00f3mo se controla el accionar de empresas de seguridad privadas que se dedican a reclutarlos y equiparlos?\u00a0 Hasta ahora las investigaciones apuntan a CTU Security que opera desde Miami y que en propiedad del ciudadano venezolano Antonio Intriago Valera quien posee buenos socios en Colombia. A nivel local, la duda que queda por despejar, es qui\u00e9n o qui\u00e9nes son los autores intelectuales del magnicidio.<\/p>\n\n\n\n<p>M\u00e1s all\u00e1 de los autores y motivos de la muerte del presidente, el tema de fondo en Hait\u00ed es la carencia de la institucionalidad en un pa\u00eds expoliado hist\u00f3ricamente por las potencias coloniales y desbastado por el az\u00facar amargo, que liquid\u00f3 buena parte del campesinado para concentrar la tierra y la riqueza en pocas manos. En definitiva, un pa\u00eds con mucha pobreza y poco Estado.<\/p>\n","protected":false},"excerpt":{"rendered":"<p>El asesinato del presidente abre un escenario de incertidumbre sobre Hait\u00ed y su entorno regional m\u00e1s inmediato. Institucionalmente la crisis no puede ser mayor: los tres poderes del Estado hoy est\u00e1n ac\u00e9falos. <\/p>\n","protected":false},"author":226,"featured_media":6697,"comment_status":"closed","ping_status":"closed","sticky":false,"template":"","format":"standard","meta":{"_acf_changed":false,"episode_type":"","audio_file":"","cover_image":"","cover_image_id":"","duration":"","filesize":"","filesize_raw":"","date_recorded":"","explicit":"","block":"","itunes_episode_number":"","itunes_title":"","itunes_season_number":"","itunes_episode_type":"","footnotes":""},"categories":[16467,16467,16598,16598],"tags":[],"gps":[],"class_list":{"0":"post-6696","1":"post","2":"type-post","3":"status-publish","4":"format-standard","5":"has-post-thumbnail","7":"category-estado","9":"category-haiti-es"},"acf":[],"_links":{"self":[{"href":"https:\/\/latinoamerica21.com\/es\/wp-json\/wp\/v2\/posts\/6696","targetHints":{"allow":["GET"]}}],"collection":[{"href":"https:\/\/latinoamerica21.com\/es\/wp-json\/wp\/v2\/posts"}],"about":[{"href":"https:\/\/latinoamerica21.com\/es\/wp-json\/wp\/v2\/types\/post"}],"author":[{"embeddable":true,"href":"https:\/\/latinoamerica21.com\/es\/wp-json\/wp\/v2\/users\/226"}],"replies":[{"embeddable":true,"href":"https:\/\/latinoamerica21.com\/es\/wp-json\/wp\/v2\/comments?post=6696"}],"version-history":[{"count":0,"href":"https:\/\/latinoamerica21.com\/es\/wp-json\/wp\/v2\/posts\/6696\/revisions"}],"wp:featuredmedia":[{"embeddable":true,"href":"https:\/\/latinoamerica21.com\/es\/wp-json\/wp\/v2\/media\/6697"}],"wp:attachment":[{"href":"https:\/\/latinoamerica21.com\/es\/wp-json\/wp\/v2\/media?parent=6696"}],"wp:term":[{"taxonomy":"category","embeddable":true,"href":"https:\/\/latinoamerica21.com\/es\/wp-json\/wp\/v2\/categories?post=6696"},{"taxonomy":"post_tag","embeddable":true,"href":"https:\/\/latinoamerica21.com\/es\/wp-json\/wp\/v2\/tags?post=6696"},{"taxonomy":"gps","embeddable":true,"href":"https:\/\/latinoamerica21.com\/es\/wp-json\/wp\/v2\/gps?post=6696"}],"curies":[{"name":"wp","href":"https:\/\/api.w.org\/{rel}","templated":true}]}}