{"id":7027,"date":"2021-08-07T08:45:00","date_gmt":"2021-08-07T11:45:00","guid":{"rendered":"http:\/\/latinoamerica21.com\/?p=7027"},"modified":"2023-12-20T05:31:20","modified_gmt":"2023-12-20T08:31:20","slug":"en-el-largo-plazo-todos-estaremos-muertos-quizas-antes","status":"publish","type":"post","link":"https:\/\/latinoamerica21.com\/es\/en-el-largo-plazo-todos-estaremos-muertos-quizas-antes\/","title":{"rendered":"\u201cEn el largo plazo todos estaremos muertos\u201d, quiz\u00e1s antes"},"content":{"rendered":"\n<p>\u201c<em>En el largo plazo todos estaremos muertos<\/em>\u201d, es seguramente la frase m\u00e1s reconocida del celebre economista J. M. Keynes, con la cual en 1923 quiso llamar la atenci\u00f3n sobre la urgencia de abandonar el patr\u00f3n oro y as\u00ed evitar la depresi\u00f3n. Se necesitaban medidas en lo inmediato, el largo plazo no importaba. Pero las circunstancias cambian y los significados cambian. Desde inicios del 2020, fecha que bien podr\u00eda definir el comienzo del nuevo milenio, la humanidad confronta otra crisis, esta vez provocada por una pandemia con efectos que repercuten m\u00e1s all\u00e1 de lo econ\u00f3mico. Sin embargo, los problemas asociados a toda crisis \u2014desempleo, aumento de la pobreza, etc.\u2014 palidecen frente a las consecuencias que podr\u00eda sufrir el mundo de aumentar la temperatura promedio global por encima de los 2.0 C\u00ba.<\/p>\n\n\n\n<p>Estar\u00edamos pues, en presencia de nuevos problemas: un efecto domin\u00f3 de vastas consecuencias. La incertidumbre es profunda ya que podr\u00edamos asistir a la irrupci\u00f3n de fen\u00f3menos imprevistos y disruptivos, con impactos de todo tipo. Y resultar\u00eda in\u00fatil mirar al pasado en b\u00fasqueda de respuestas, ya que los modelos tradicionales no nos servir\u00edan de gu\u00eda.<\/p>\n\n\n\n<p>Los fen\u00f3menos clim\u00e1ticos conllevan fuertes riesgos f\u00edsicos con amplias repercusiones econ\u00f3micas. Aunque las explicaciones suenan innecesarias, pensemos en un empresario cuya planta se encuentra en una zona propensa a tornados o cualquier otro evento clim\u00e1tico. Las consecuencias est\u00e1n a la vista: el deterioro o perdida de su bien de capital (stock) afectar\u00eda sus ventas (flujos).<\/p>\n\n\n\n<p>En una perspectiva m\u00e1s amplia, los efectos del cambio clim\u00e1tico resultan cada d\u00eda m\u00e1s devastadores para las econom\u00edas nacionales. Afecta las principales variables macro como el nivel de empleo, inversiones o balanza de pagos, influye sobre el sistema financiero \u2014mayores riesgos, costos financieros, estabilidad\u2014 y tambi\u00e9n repercute sobre las finanzas p\u00fablicas a trav\u00e9s de los ingresos fiscales, la deuda o cotizaci\u00f3n de bonos soberanos.<\/p>\n\n\n\n<p><strong>Reducir el riesgo de las perdidas<\/strong><strong><\/strong><\/p>\n\n\n\n<p>Avanzar aceleradamente hacia la reducci\u00f3n del riesgo del cambio clim\u00e1tico reducir\u00eda a su vez el riesgo por p\u00e9rdidas. En el mediano plazo, esto se podr\u00eda alcanzar a trav\u00e9s de avances tecnol\u00f3gicos, reducci\u00f3n de costos de equipos renovables, implementaci\u00f3n de reglas y normativas, y un consumo verde.<\/p>\n\n\n\n<p>Avanzar en este sentido, sin embargo, <a href=\"https:\/\/www.bankofengland.co.uk\/speech\/2015\/breaking-the-tragedy-of-the-horizon-climate-change-and-financial-stability\">aumenta el riesgo financiero<\/a> asociado al problema de los activos varados: la p\u00e9rdida de valor de los bienes intensivos en carbono. Obviamente, este tipo de situaciones tambi\u00e9n perjudica a las empresas, disminuye la rentabilidad de los productores carbono-intensivo a quienes les termina siendo m\u00e1s rentable producir a menor capacidad o directamente cerrar la planta.<\/p>\n\n\n\n<p>La irrupci\u00f3n de este problema tambi\u00e9n repercute a nivel macroecon\u00f3mico a trav\u00e9s del empleo, las inversiones, el PBI y la balanza de pagos, afectando severamente a los pa\u00edses exportadores de petr\u00f3leo y gas. Obviamente, una ca\u00edda en las ventas externas afectar\u00eda las arcas publicas y <a href=\"https:\/\/www.financeministersforclimate.org\/news\/coalition-publishes-new-report-climate-related-risks-ministries-finance-overview\">la estabilidad del sistema financiero<\/a>.<strong><\/strong><\/p>\n\n\n\n<p>De forma creciente, los inversores ya consideran estos riesgos que est\u00e1n internalizadas en sus decisiones. De la misma manera, los pol\u00edticos deber\u00edan tenerlos en cuenta, pues ponen en peligro la estabilidad macroecon\u00f3mica de los pa\u00edses, tanto como cualquier posibilidad de desarrollo futuro. Y si no se consideran los riesgos macro-financieros que conlleva la transici\u00f3n y el proceso termina siendo impuesto por los principales socios comerciales, las p\u00e9rdidas pueden ser a\u00fan mayores.<\/p>\n\n\n\n<p><strong>Am<\/strong><strong>\u00e9<\/strong><strong>rica Latina y la explotaci\u00f3n de recursos naturales<\/strong><strong><\/strong><\/p>\n\n\n\n<p><a href=\"http:\/\/latinoamerica21.com\/es\/emisiones-cero-una-encrucijada-para-america-latina\/\" target=\"_blank\" rel=\"noreferrer noopener\">Am\u00e9rica Latina sigue un modelo de inserci\u00f3n global basado en la explotaci\u00f3n de los recursos naturales<\/a>, siendo la explotaci\u00f3n petrolera una de las industrias claves de varios pa\u00edses. No importa la orientaci\u00f3n pol\u00edtica, tampoco quien se apropia de la renta o si se trata de gobiernos neoliberales o neo-desarrollistas ya que ambos apuestan a los f\u00f3siles como fuente de divisas. Ya sea Colombia, Venezuela, Brasil, Argentina, Per\u00fa, Ecuador o Guyana, todos los gobiernos siguen apostando por los hidrocarburos.<\/p>\n\n\n\n<p>Pese a las se\u00f1ales que surgen de los principales socios comerciales, los gobiernos siguen licitando \u00e1reas de exploraci\u00f3n, ya sean offshore, como el caso de Argentina, o en el Amazonas como en el caso de Ecuador. Estas inversiones, cuya rentabilidad depende de los subsidios, perder\u00e1n inexorablemente todo valor en un futuro no muy lejano. Y esta situaci\u00f3n no est\u00e1 siendo considerada en las prospecciones macroecon\u00f3micas de los analistas.<\/p>\n\n\n\n<p>Dicha inconsistencia impide a los gobernantes ver los graves problemas de balanza comercial que nos esperan, la crisis de empleo que surgir\u00e1 entre aquellos que siguen apostando a la explotaci\u00f3n petrolera o la necesidad de dilapidar recursos fiscales para paliar la crisis financiera que se avecina.<\/p>\n\n\n\n<p>La amenaza del cambio clim\u00e1tico otorga un nuevo significado a la frase de J. M. Keynes y obliga a observar la macroeconom\u00eda con otros lentes. La grave situaci\u00f3n en la que nos encontramos debido a la pandemia, requiere fijar estrategias claras a fin de salir de la crisis, pero sin atarnos a objetivos que resulten contradictorios con los designios de la transici\u00f3n. Necesitamos actuar ahora, considerando las consecuencias futuras de nuestras acciones.<\/p>\n\n\n\n<p>No se puede pensar una estrategia de recuperaci\u00f3n sin considerar el objetivo de emisiones cero a mediano plazo. De no tenerlo en cuenta, empujaremos a nuestras sociedades a la extinci\u00f3n, y ya no en el largo plazo.<\/p>\n\n\n\n<p><em><sub>Foto de ANGELOUX no Foter.com<\/sub><\/em><\/p>\n","protected":false},"excerpt":{"rendered":"<p>Los problemas econ\u00f3micos asociados a toda crisis como el desempleo o el aumento de la pobreza palidecen frente a las consecuencias que podr\u00eda sufrir el mundo de aumentar la temperatura promedio global por encima de los 2.0 C\u00ba. <\/p>\n","protected":false},"author":213,"featured_media":7028,"comment_status":"closed","ping_status":"closed","sticky":false,"template":"","format":"standard","meta":{"_acf_changed":false,"episode_type":"","audio_file":"","cover_image":"","cover_image_id":"","duration":"","filesize":"","filesize_raw":"","date_recorded":"","explicit":"","block":"","itunes_episode_number":"","itunes_title":"","itunes_season_number":"","itunes_episode_type":"","footnotes":""},"categories":[16468,16468,16580,16580,16506,16506],"tags":[14128],"gps":[],"class_list":{"0":"post-7027","1":"post","2":"type-post","3":"status-publish","4":"format-standard","5":"has-post-thumbnail","7":"category-politica","9":"category-cambio-climatico","11":"category-economia","13":"tag-ideas-en-es"},"acf":[],"_links":{"self":[{"href":"https:\/\/latinoamerica21.com\/es\/wp-json\/wp\/v2\/posts\/7027","targetHints":{"allow":["GET"]}}],"collection":[{"href":"https:\/\/latinoamerica21.com\/es\/wp-json\/wp\/v2\/posts"}],"about":[{"href":"https:\/\/latinoamerica21.com\/es\/wp-json\/wp\/v2\/types\/post"}],"author":[{"embeddable":true,"href":"https:\/\/latinoamerica21.com\/es\/wp-json\/wp\/v2\/users\/213"}],"replies":[{"embeddable":true,"href":"https:\/\/latinoamerica21.com\/es\/wp-json\/wp\/v2\/comments?post=7027"}],"version-history":[{"count":0,"href":"https:\/\/latinoamerica21.com\/es\/wp-json\/wp\/v2\/posts\/7027\/revisions"}],"wp:featuredmedia":[{"embeddable":true,"href":"https:\/\/latinoamerica21.com\/es\/wp-json\/wp\/v2\/media\/7028"}],"wp:attachment":[{"href":"https:\/\/latinoamerica21.com\/es\/wp-json\/wp\/v2\/media?parent=7027"}],"wp:term":[{"taxonomy":"category","embeddable":true,"href":"https:\/\/latinoamerica21.com\/es\/wp-json\/wp\/v2\/categories?post=7027"},{"taxonomy":"post_tag","embeddable":true,"href":"https:\/\/latinoamerica21.com\/es\/wp-json\/wp\/v2\/tags?post=7027"},{"taxonomy":"gps","embeddable":true,"href":"https:\/\/latinoamerica21.com\/es\/wp-json\/wp\/v2\/gps?post=7027"}],"curies":[{"name":"wp","href":"https:\/\/api.w.org\/{rel}","templated":true}]}}