{"id":704,"date":"2018-02-15T05:28:51","date_gmt":"2018-02-15T08:28:51","guid":{"rendered":"http:\/\/latinoamerica21.com\/?p=704"},"modified":"2023-10-23T14:56:13","modified_gmt":"2023-10-23T17:56:13","slug":"la-inequidad-regional-el-lado-mas-oscuro-de-la-desigualdad","status":"publish","type":"post","link":"https:\/\/latinoamerica21.com\/es\/la-inequidad-regional-el-lado-mas-oscuro-de-la-desigualdad\/","title":{"rendered":"La inequidad regional: el lado m\u00e1s oscuro de la desigualdad"},"content":{"rendered":"\n<p>Que Am\u00e9rica Latina es la regi\u00f3n m\u00e1s desigual del mundo ya es un t\u00f3pico. El dato no tan difundido es la enorme inequidad econ\u00f3mica que existe entre las diferentes regiones dentro de los pa\u00edses latinoamericanos. Como ejemplo, el departamento de Choc\u00f3 \u2014el m\u00e1s pobre de Colombia\u2014 tardar\u00eda 200 a\u00f1os en alcanzar los niveles de renta per c\u00e1pita de Bogot\u00e1, seg\u00fan un estudio de la Organizaci\u00f3n para la Cooperaci\u00f3n y el Desarrollo Econ\u00f3micos (OCDE) sobre Colombia, del a\u00f1o 2015. En Am\u00e9rica Latina, los ingresos de las personas de las diferentes divisiones administrativas intermedias \u2014departamento, provincia, estado o regi\u00f3n\u2014 son nueve veces mayores en las m\u00e1s ricas que en las m\u00e1s pobres.<\/p>\n\n\n\n<p>En promedio, la disparidad econ\u00f3mica territorial es cuatro veces mayor entre los pa\u00edses latinoamericanos que entre los de la OCDE. Sin embargo, seg\u00fan el informe, <em>Descentralizaci\u00f3n fiscal y disparidades regionales en Am\u00e9rica Latina<\/em>, del Banco Interamericano de Desarrollo (BID), este tipo de desigualdad var\u00eda mucho entre los diferentes pa\u00edses. En pa\u00edses como Argentina y M\u00e9xico, el PIB per c\u00e1pita en las divisiones administrativas m\u00e1s pobres llega a ser 16 veces menor que en las m\u00e1s ricas, mientras que en el extremo opuesto, en pa\u00edses como Honduras y Uruguay, esta diferencia se reduce a solo tres veces. <\/p>\n\n\n\n<blockquote class=\"wp-block-quote is-layout-flow wp-block-quote-is-layout-flow\">\n<p>existe una alta y significativa correlaci\u00f3n entre la desigualdad en el ingreso regional y los ingresos tributarios propios de los gobiernos intermedios\u201d<\/p>\n<\/blockquote>\n\n\n\n<p>A pesar del crecimiento econ\u00f3mico y de la leve pero disminuci\u00f3n al fin y al cabo de la desigualdad en los pa\u00edses de la regi\u00f3n de las \u00faltimas d\u00e9cadas, las disparidades resultantes en los ingresos tributarios entre gobiernos intermedios no ha cambiado entre 2000 y 2012. De acuerdo con el informe antes citado, \u201cexiste una alta y significativa correlaci\u00f3n entre la desigualdad en el ingreso regional y los ingresos tributarios propios de los gobiernos intermedios\u201d, sobre todo en las econom\u00edas m\u00e1s grandes. De hecho, el 10% de las divisiones administrativas intermedias con mayor recaudaci\u00f3n impositiva tiene un ingreso ocho veces mayor que el 10% de las divisiones con menor recaudaci\u00f3n.<\/p>\n\n\n\n<p>Uno de los factores que determina estos <a href=\"https:\/\/latinoamerica21.com\/es\/impuestos-o-recortes-equilibrio-entre-el-gasto-y-la-deuda\/\">desequilibrios<\/a> horizontales es la descentralizaci\u00f3n impositiva que otorga potestades a gobiernos subnacionales que difieren entre s\u00ed en sus \u201ccapacidades fiscales y necesidades de gasto\u201d. La desigualdad en la recaudaci\u00f3n de las regiones tambi\u00e9n se debe, seg\u00fan el informe, a las variaciones del tama\u00f1o y las caracter\u00edsticas sociales y econ\u00f3micas del pa\u00eds, a la capacidad de gestionar ingresos y servicios, y a la creciente concentraci\u00f3n econ\u00f3mica en las grandes ciudades. Por ello, mientras ciertas administraciones alcanzan considerables niveles de bienestar y prosperidad, otras no cubren las necesidades b\u00e1sicas y permanecen estancadas a lo largo del tiempo.<\/p>\n\n\n\n<p>Hasta el momento, los sistemas de <a href=\"https:\/\/www.ief.es\/docs\/destacados\/publicaciones\/documentos_trabajo\/2016_18.pdf\">transferencias fiscales<\/a> no han contribuido a un mayor equilibrio. Han sido pocos los pa\u00edses latinoamericanos que han incorporado reformas puntuales en sus sistemas de transferencias fiscales con el objetivo de reducir las diferencias fiscales interregionales. De momento, ning\u00fan pa\u00eds ha realizado reformas profundas que compensen las grandes diferencias. Por ello, organismos, acad\u00e9micos y expertos consideran que, al igual que el informe del BID, una mayor igualaci\u00f3n fiscal entre regiones \u201ces un componente esencial de todo proceso de descentralizaci\u00f3n que procure un desarrollo territorial equitativo, integral y sostenible\u201d.<\/p>\n\n\n\n<p><em>Foto de United Nations Industrial Development Organization on Trend Hype \/ CC BY<\/em><\/p>\n","protected":false},"excerpt":{"rendered":"<p>Que somos la regi\u00f3n m\u00e1s desigual del mundo ya es un t\u00f3pico. El dato no tan difundido, es la enorme disparidad iones al interior de los pa\u00edses latinoamericanos. Como ejemplo, el departamento de Choc\u00f3, \u2014el m\u00e1s pobre de Colombia\u2014 tardar\u00eda 200 a\u00f1os en alcanzar los niveles de renta per c\u00e1pita de Bogot\u00e1.<\/p>\n","protected":false},"author":2,"featured_media":706,"comment_status":"closed","ping_status":"closed","sticky":false,"template":"","format":"standard","meta":{"_acf_changed":false,"episode_type":"","audio_file":"","cover_image":"","cover_image_id":"","duration":"","filesize":"","filesize_raw":"","date_recorded":"","explicit":"","block":"","itunes_episode_number":"","itunes_title":"","itunes_season_number":"","itunes_episode_type":"","footnotes":""},"categories":[16522,16510,16476,16522,16476,16510],"tags":[],"gps":[],"class_list":{"0":"post-704","1":"post","2":"type-post","3":"status-publish","4":"format-standard","5":"has-post-thumbnail","7":"category-pobreza","8":"category-desarrollo","9":"category-desigualdad-es"},"acf":[],"_links":{"self":[{"href":"https:\/\/latinoamerica21.com\/es\/wp-json\/wp\/v2\/posts\/704","targetHints":{"allow":["GET"]}}],"collection":[{"href":"https:\/\/latinoamerica21.com\/es\/wp-json\/wp\/v2\/posts"}],"about":[{"href":"https:\/\/latinoamerica21.com\/es\/wp-json\/wp\/v2\/types\/post"}],"author":[{"embeddable":true,"href":"https:\/\/latinoamerica21.com\/es\/wp-json\/wp\/v2\/users\/2"}],"replies":[{"embeddable":true,"href":"https:\/\/latinoamerica21.com\/es\/wp-json\/wp\/v2\/comments?post=704"}],"version-history":[{"count":0,"href":"https:\/\/latinoamerica21.com\/es\/wp-json\/wp\/v2\/posts\/704\/revisions"}],"wp:featuredmedia":[{"embeddable":true,"href":"https:\/\/latinoamerica21.com\/es\/wp-json\/wp\/v2\/media\/706"}],"wp:attachment":[{"href":"https:\/\/latinoamerica21.com\/es\/wp-json\/wp\/v2\/media?parent=704"}],"wp:term":[{"taxonomy":"category","embeddable":true,"href":"https:\/\/latinoamerica21.com\/es\/wp-json\/wp\/v2\/categories?post=704"},{"taxonomy":"post_tag","embeddable":true,"href":"https:\/\/latinoamerica21.com\/es\/wp-json\/wp\/v2\/tags?post=704"},{"taxonomy":"gps","embeddable":true,"href":"https:\/\/latinoamerica21.com\/es\/wp-json\/wp\/v2\/gps?post=704"}],"curies":[{"name":"wp","href":"https:\/\/api.w.org\/{rel}","templated":true}]}}