{"id":7068,"date":"2021-08-12T08:45:00","date_gmt":"2021-08-12T11:45:00","guid":{"rendered":"http:\/\/latinoamerica21.com\/?p=7068"},"modified":"2023-10-23T17:29:23","modified_gmt":"2023-10-23T20:29:23","slug":"guatemala-capturada-por-una-elite-corrupta","status":"publish","type":"post","link":"https:\/\/latinoamerica21.com\/es\/guatemala-capturada-por-una-elite-corrupta\/","title":{"rendered":"Guatemala capturada por una \u00e9lite corrupta"},"content":{"rendered":"\n<p>Para los guatemaltecos, el 2021 quedar\u00e1 marcado por el recrudecimiento del desgobierno, la corrupci\u00f3n y el afianzamiento de la cooptaci\u00f3n de todas las instituciones del Estado. El legado que dejaron las campa\u00f1as ciudadanas de 2015 contra el entonces presidente Otto P\u00e9rez Molina y su vicepresidenta, Roxana Baldetti, se vio truncado tras la embestida del ahora ex presidente Jimmy Morales y su c\u00edrculo de poder contra la CICIG y las instituciones que llevaban esta lucha.<\/p>\n\n\n\n<p><strong>La reversi\u00f3n del legado de la CICIG<\/strong><\/p>\n\n\n\n<p>Con la asunci\u00f3n de Alejandro Giammattei la situaci\u00f3n no mejor\u00f3. El actual presidente fue electo en unos comicios en los cuales supuestamente se enfrentaban dos concepciones pol\u00edtico-ideol\u00f3gicas, pero en realidad fue la disputa entre dos grupos con las mismas solapadas intenciones de convertir al Estado en su pi\u00f1ata personal.<\/p>\n\n\n\n<p>A pesar del contexto negativo, las investigaciones dirigidas por la defenestrada y expulsada CICIG (Comisi\u00f3n Internacional contra la Corrupci\u00f3n y la Impunidad en Guatemala), continuaron contra viento y marea bajo la direcci\u00f3n del fiscal Juan Francisco Sandoval, desde la Fiscal\u00eda Especial contra la Corrupci\u00f3n. Pero con el tiempo, fueron perdiendo credibilidad debido a la descarada cooptaci\u00f3n del Ministerio P\u00fablico por el grupo pol\u00edtico-empresarial que acompa\u00f1a a Giammattei.<\/p>\n\n\n\n<p>Fue as\u00ed que el discurso de apoyo a la lucha contra la corrupci\u00f3n fue quedando, paulatinamente, en una mera perorata vac\u00eda de contenido y de intenciones, mediante una lucha soterrada contra la Fiscal\u00eda Especial Contra la Corrupci\u00f3n y la Impunidad (FECI), que le imped\u00eda avanzar. Especialmente, cuando las indagaciones de los fiscales y sus auxiliares se acercaban al presidente, a su grupo de \u00edntimos y, sobre todo, a sus intereses <em>non sanctos<\/em>.&nbsp;<\/p>\n\n\n\n<p><strong>Los acuerdos secretos del presidente<\/strong><\/p>\n\n\n\n<p>De acuerdo a declaraciones del ex fiscal Sandoval, quien se encuentra autoexiliado, la fiscal general Consuelo Porras entorpec\u00eda sus investigaciones mediante todas las formas imaginables, legales o no. Pero la gota que habr\u00eda derramado el vaso, seg\u00fan expertos, habr\u00eda sido la investigaci\u00f3n alrededor de la llegada de <a href=\"https:\/\/twitter.com\/cmiguate\/status\/1423658666297790469\">dos aviones<\/a> privados a Guatemala con matr\u00edculas de Rusia y de Kazajist\u00e1n, que habr\u00edan trasladado al pa\u00eds empresarios de esos pa\u00edses para acordar \u201cfavores\u201d mutuos con el mism\u00edsimo presidente Giammattei.<\/p>\n\n\n\n<p>De acuerdo a fuentes que prefieren no revelar su identidad, la provisi\u00f3n de vacunas Sputnik V habr\u00eda sido negociada en este contexto. Sin embargo, tambi\u00e9n se habr\u00edan negociado licencias de explotaci\u00f3n y derechos mineros en el oriente del pa\u00eds, as\u00ed como la concesi\u00f3n en uno de los principales <a href=\"http:\/\/concriterio.gt\/los-visitantes-rusos-quieren-un-trozo-del-puerto-santo-tomas\/\">puertos del pa\u00eds<\/a>.<\/p>\n\n\n\n<p>Ir\u00f3nicamente, ser\u00edan contratos muy similares a los firmados durante la administraci\u00f3n de Otto P\u00e9rez Molina que resultaron en investigaciones por el pago de coimas millonarias a trav\u00e9s del ex secretario privado del depuesto y enjuiciado P\u00e9rez Molina.<\/p>\n\n\n\n<p><strong>El paro plurinacional<\/strong><\/p>\n\n\n\n<p>El malestar de muchos guatemaltecos, indignados por el despido del fiscal Juan Francisco Sandoval, as\u00ed como por el mal manejo de la pandemia, hasta el momento es visible principalmente en publicaciones de redes sociales y desde organizaciones de sociedad civil. Sin embargo, el rol de los pueblos originarios ha ido creciendo hasta desembocar en el llamado Paro Plurinacional del pasado 29 de julio.<\/p>\n\n\n\n<p>La movilizaci\u00f3n de m\u00e1s de 200,000 personas que provoc\u00f3 unos 90 bloqueos, fue liderada por la agrupaci\u00f3n ind\u00edgena 48 Cantones de Totonicap\u00e1n. En tanto que su secretario general, Mart\u00edn Toc, de 35 a\u00f1os, empieza, seg\u00fan dirigentes sociales guatemaltecos, a perfilarse como referente dentro de los movimientos de bases.<\/p>\n\n\n\n<p>Hasta el momento, quienes no han planteado una postura clara son las c\u00e1maras que aglutinan al sector empresarial y que juegan un papel importante dentro de la econom\u00eda guatemalteca. Algunos creen que est\u00e1n a la espera del devenir de los sucesos, en tanto otros estiman que guardar\u00e1n el habitual silencio c\u00f3mplice ante los desatinos de los pol\u00edticos y funcionarios del Estado.<\/p>\n\n\n\n<p><strong>La ambigua posici\u00f3n de Washington<\/strong><\/p>\n\n\n\n<p>Desde el Departamento de Estado de Estados Unidos se han emitido comentarios oficiales y oficiosos condenando el desconocimiento de la independencia de la Justicia en Guatemala. Sin embargo, por el momento, Washington no ha pasado a mayores.<\/p>\n\n\n\n<p>Con la excusa de no poder actuar directamente en cuestiones internas de un Estado soberano, por ahora los actuales inquilinos de la Casa Blanca parecen sopesar hasta d\u00f3nde presionar al \u00fanico presidente del conflictivo Tri\u00e1ngulo Norte que no les es esquivo. Mientras que el Departamento de Estado considera al salvadore\u00f1o Nayib Bukele como una piedra en el zapato y al hondure\u00f1o Juan Orlando Hern\u00e1ndez como un presidente de salida, <a href=\"http:\/\/latinoamerica21.com\/es\/lista-engel-washington-marca-la-cancha-pero-no-tanto\/\" target=\"_blank\" rel=\"noreferrer noopener\">Giammattei es el \u00fanico de los mandatarios considerado como socio<\/a> que le queda en la regi\u00f3n.<\/p>\n\n\n\n<p><strong>El futuro inmediato<\/strong><\/p>\n\n\n\n<p>El pasado nueve de agosto se concret\u00f3 otra jornada de protestas y se espera que las mismas prosigan. Pero es de esperar que la respuesta desde el gobierno nacional siga por la l\u00ednea del atrincheramiento y los o\u00eddos sordos mientras consolidan sus intereses a trav\u00e9s de todo tipo de corruptelas.<\/p>\n\n\n\n<p>Adem\u00e1s, es de esperar que el c\u00edrculo del poder pol\u00edtico-institucional se centre en eliminar la figura de Jord\u00e1n Rodas, Procurador de los Derechos Humanos, quien es visto como el \u00fanico gran obst\u00e1culo para la concreci\u00f3n de los planes del grupo que cogobierna con Giammattei.<\/p>\n\n\n\n<p>Nuevas convocatorias desde las organizaciones sociales podr\u00edan derivar en un mayor grado de inestabilidad. Pero por otro lado, esto tambi\u00e9n retrasar\u00eda a\u00fan m\u00e1s la llegada de las potenciales inversiones tan necesarios para superar la crisis econ\u00f3mica agravada por la pandemia de la Covid-19.<\/p>\n\n\n\n<p><em><sub>Foto de Presidencia de Guatemala<\/sub><\/em><\/p>\n","protected":false},"excerpt":{"rendered":"<p>A pesar de la expulsi\u00f3n de la CICIG por las \u00e9lites, sus investigaciones continuaron contra viento y marea. Pero cuando las indagaciones de los fiscales se acercaron al presidente Giammattei y sus allegados las investigaciones fueron bloqueadas por un Ministerio P\u00fablico cooptado por el gobierno.<\/p>\n","protected":false},"author":255,"featured_media":7072,"comment_status":"closed","ping_status":"closed","sticky":false,"template":"","format":"standard","meta":{"_acf_changed":false,"episode_type":"","audio_file":"","cover_image":"","cover_image_id":"","duration":"","filesize":"","filesize_raw":"","date_recorded":"","explicit":"","block":"","itunes_episode_number":"","itunes_title":"","itunes_season_number":"","itunes_episode_type":"","footnotes":""},"categories":[16468,16468,16474,16474,16494,16494],"tags":[],"gps":[],"class_list":{"0":"post-7068","1":"post","2":"type-post","3":"status-publish","4":"format-standard","5":"has-post-thumbnail","7":"category-politica","9":"category-corrupcion","11":"category-guatemala"},"acf":[],"_links":{"self":[{"href":"https:\/\/latinoamerica21.com\/es\/wp-json\/wp\/v2\/posts\/7068","targetHints":{"allow":["GET"]}}],"collection":[{"href":"https:\/\/latinoamerica21.com\/es\/wp-json\/wp\/v2\/posts"}],"about":[{"href":"https:\/\/latinoamerica21.com\/es\/wp-json\/wp\/v2\/types\/post"}],"author":[{"embeddable":true,"href":"https:\/\/latinoamerica21.com\/es\/wp-json\/wp\/v2\/users\/255"}],"replies":[{"embeddable":true,"href":"https:\/\/latinoamerica21.com\/es\/wp-json\/wp\/v2\/comments?post=7068"}],"version-history":[{"count":0,"href":"https:\/\/latinoamerica21.com\/es\/wp-json\/wp\/v2\/posts\/7068\/revisions"}],"wp:featuredmedia":[{"embeddable":true,"href":"https:\/\/latinoamerica21.com\/es\/wp-json\/wp\/v2\/media\/7072"}],"wp:attachment":[{"href":"https:\/\/latinoamerica21.com\/es\/wp-json\/wp\/v2\/media?parent=7068"}],"wp:term":[{"taxonomy":"category","embeddable":true,"href":"https:\/\/latinoamerica21.com\/es\/wp-json\/wp\/v2\/categories?post=7068"},{"taxonomy":"post_tag","embeddable":true,"href":"https:\/\/latinoamerica21.com\/es\/wp-json\/wp\/v2\/tags?post=7068"},{"taxonomy":"gps","embeddable":true,"href":"https:\/\/latinoamerica21.com\/es\/wp-json\/wp\/v2\/gps?post=7068"}],"curies":[{"name":"wp","href":"https:\/\/api.w.org\/{rel}","templated":true}]}}