{"id":726,"date":"2018-05-03T07:48:20","date_gmt":"2018-05-03T10:48:20","guid":{"rendered":"http:\/\/latinoamerica21.com\/?p=726"},"modified":"2022-12-07T15:06:53","modified_gmt":"2022-12-07T18:06:53","slug":"la-distribucion-y-la-desigualdad-en-america-latina","status":"publish","type":"post","link":"https:\/\/latinoamerica21.com\/es\/la-distribucion-y-la-desigualdad-en-america-latina\/","title":{"rendered":"La distribuci\u00f3n y la desigualdad en Am\u00e9rica Latina"},"content":{"rendered":"\n<p>Como ya sabemos, Am\u00e9rica Latina es la regi\u00f3n m\u00e1s desigual del mundo. Esta falta de equidad que tanto la caracteriza es sin duda una barrera importante para su desarrollo econ\u00f3mico. \u00bfPor qu\u00e9 nos cuesta tanto reducir la desigualdad de forma sostenida?<\/p>\n\n\n\n<p>La principal raz\u00f3n de que Am\u00e9rica Latina no logra reducir la <a href=\"https:\/\/latinoamerica21.com\/es\/la-inequidad-regional-el-lado-mas-oscuro-de-la-desigualdad\/\">desigualdad<\/a> es el precario sistema impositivo y su escasa fuerza redistributiva. Seg\u00fan datos del Banco Mundial, los pa\u00edses latinoamericanos son los que tienen la menor presi\u00f3n fiscal. Mientras la media de los pa\u00edses de la Organizaci\u00f3n de Cooperaci\u00f3n y Desarrollo Econ\u00f3mico (OCDE) est\u00e1 en alrededor del 35%, la media latinoamericana es cercana al 20%. Y sin impuestos no hay igualdad. <\/p>\n\n\n\n<p>Como explica el economista Claudio Lozano en el art\u00edculo <a href=\"http:\/\/nuso.org\/articulo\/sin-impuestos-no-hay-igualdad\/\"><em>Sin impuestos no hay igualdad<\/em><\/a>, publicado en la revista <em>Nueva Sociedad<\/em>, la escasa presi\u00f3n tributaria en Am\u00e9rica Latina impide una redistribuci\u00f3n seria en la regi\u00f3n. <\/p>\n\n\n\n<p>De acuerdo con el informe <a href=\"https:\/\/www.cepal.org\/es\/publicaciones\/40120-imperativo-la-igualdad-un-desarrollo-sostenible-america-latina-caribe\"><em>El imperativo de la igualdad<\/em><\/a>, de la CEPAL, mientras en los pa\u00edses de la OCDE, la desigualdad seg\u00fan el \u00edndice de Gini, disminuye 17% despu\u00e9s de la acci\u00f3n fiscal directa, en los pa\u00edses latinoamericanos el descenso que se logra despu\u00e9s de impuestos directos y transferencias p\u00fablicas es de apenas 3%. De hecho, en muchos pa\u00edses de la regi\u00f3n los sistemas impositivos no solo han sido hist\u00f3ricamente modestos en su redistribuci\u00f3n, sino que incluso han llegado a ser globalmente regresivos; quienes tienen mayores ingresos han pagado comparativamente menos impuestos que las personas de menos ingresos. <\/p>\n\n\n\n<blockquote class=\"wp-block-quote is-layout-flow wp-block-quote-is-layout-flow\">\n<p>las mejoras en la distribuci\u00f3n de la riqueza no se dieron gracias a progresos en los sistemas tributarios<\/p>\n<\/blockquote>\n\n\n\n<p>Incluso los gobiernos progresistas que mandaron en varios pa\u00edses latinoamericanos en los \u00faltimos a\u00f1os, aunque consiguieron logros significativos en temas de distribuci\u00f3n del ingreso, no consiguieron reformas tributarias substanciales. En mayor o menor medida, la desigualdad cay\u00f3 durante las \u00faltimas d\u00e9cadas en varios pa\u00edses como Brasil, Ecuador, Bolivia, Nicaragua y Argentina. Pero las mejoras en la distribuci\u00f3n de la riqueza no se dieron gracias a progresos en los sistemas tributarios. La redistribuci\u00f3n se dio sobre todo debido a subsidios financiados con otros tipos de ingresos, como los generados por la explotaci\u00f3n minera y la exportaci\u00f3n de materias primas. <\/p>\n\n\n\n<p>Al depender del <em>boom<\/em> de los <em>commodities<\/em> y de los sistemas de subsidios que f\u00e1cilmente pueden desaparecer, la redistribuci\u00f3n de la riqueza en Am\u00e9rica Latina no tiene una base s\u00f3lida. Y con el regreso de gobiernos de derecha a muchos pa\u00edses de la regi\u00f3n, las reformas seguramente ir\u00e1n en l\u00ednea con una reducci\u00f3n de impuestos y menor redistribuci\u00f3n tributaria.<\/p>\n\n\n\n<p>Hoy por hoy los economistas sabemos que la alta desigualdad es una barrera importante en el desarrollo econ\u00f3mico. Y Latinoam\u00e9rica no es la excepci\u00f3n. Las estructuras desiguales, heredadas de la \u00e9poca colonial, han impedido a los pa\u00edses latinoamericanos aprovechar al m\u00e1ximo sus posibilidades. Solo haciendo part\u00edcipe a toda la poblaci\u00f3n en el progreso econ\u00f3mico es la manera como un pa\u00eds puede crecer de forma sostenida. Y para ello, es fundamental un sector p\u00fablico fuerte y con capacidad redistributiva. Su papel en el desarrollo econ\u00f3mico y social ha sido evidente a lo largo de la historia. Tanto los pa\u00edses europeos como las econom\u00edas exitosas del sureste asi\u00e1tico empezaron a crecer de forma sostenida despu\u00e9s de haber redistribuido la riqueza y de hacerlo a trav\u00e9s de mecanismos tributarios s\u00f3lidos. Todos los pa\u00edses desarrollados, incluso los m\u00e1s neoliberales, son conscientes de la importancia de un sistema tributario fuerte y progresivo. Solamente con un sistema tributario s\u00f3lido y un pacto social en el que contribuyan m\u00e1s los que m\u00e1s tienen, se podr\u00e1n financiar bienes p\u00fablicos esenciales como infraestructuras, servicios p\u00fablicos e instituciones eficientes, y se podr\u00e1 alcanzar una identidad nacional que vaya m\u00e1s all\u00e1 de colores y banderas.<\/p>\n\n\n\n<p>La aversi\u00f3n a pagar impuestos en Am\u00e9rica Latina es una constante, y, a su vez, un lastre hist\u00f3rico. Generalmente, la clase alta y media alta ni sienten la obligaci\u00f3n moral de contribuir a las arcas p\u00fablicas ni son conscientes de su importancia, no solo para reducir la desigualdad, sino tambi\u00e9n para el buen desempe\u00f1o econ\u00f3mico del pa\u00eds en su conjunto. Esto se debe a que para muchos latinoamericanos, hablar de impuestos es sin\u00f3nimo de estatismo, derroche e ineficiencia, y la redistribuci\u00f3n, un concepto completamente ajeno a las responsabilidades individuales.<\/p>\n\n\n\n<p>Las consecuencias de nuestra incapacidad de entender el bien colectivo y no atacar decididamente la desigualdad son graves. Una sociedad desigual es una sociedad fracturada. Y esto se traduce en posiciones pol\u00edticas extremas, que, a su vez, generan conflicto social permanente. Blancos frente a criollos, liberales frente a conservadores, ciudades frente al campo, empresarios frente a trabajadores, izquierda frente a derecha\u2026 condenados persistentemente al conflicto recurrente que no nos permite progresar.<\/p>\n\n\n\n<p><em>Foto de Oscar Andr\u00e9s PV on Trend Hype \/ CC BY<\/em><\/p>\n","protected":false},"excerpt":{"rendered":"<p>Como ya sabemos, Am\u00e9rica Latina es la regi\u00f3n m\u00e1s desigual del mundo. Esta falta de equidad que tanto la caracteriza es sin duda una barrera importante para su desarrollo econ\u00f3mico. \u00bfPor qu\u00e9 nos cuesta tanto reducir la desigualdad de forma sostenida?<\/p>\n","protected":false},"author":3,"featured_media":727,"comment_status":"closed","ping_status":"closed","sticky":false,"template":"","format":"standard","meta":{"_acf_changed":false,"episode_type":"","audio_file":"","cover_image":"","cover_image_id":"","duration":"","filesize":"","filesize_raw":"","date_recorded":"","explicit":"","block":"","itunes_episode_number":"","itunes_title":"","itunes_season_number":"","itunes_episode_type":"","footnotes":""},"categories":[16599],"tags":[],"gps":[],"class_list":{"0":"post-726","1":"post","2":"type-post","3":"status-publish","4":"format-standard","5":"has-post-thumbnail","7":"category-internet-es"},"acf":[],"_links":{"self":[{"href":"https:\/\/latinoamerica21.com\/es\/wp-json\/wp\/v2\/posts\/726","targetHints":{"allow":["GET"]}}],"collection":[{"href":"https:\/\/latinoamerica21.com\/es\/wp-json\/wp\/v2\/posts"}],"about":[{"href":"https:\/\/latinoamerica21.com\/es\/wp-json\/wp\/v2\/types\/post"}],"author":[{"embeddable":true,"href":"https:\/\/latinoamerica21.com\/es\/wp-json\/wp\/v2\/users\/3"}],"replies":[{"embeddable":true,"href":"https:\/\/latinoamerica21.com\/es\/wp-json\/wp\/v2\/comments?post=726"}],"version-history":[{"count":0,"href":"https:\/\/latinoamerica21.com\/es\/wp-json\/wp\/v2\/posts\/726\/revisions"}],"wp:featuredmedia":[{"embeddable":true,"href":"https:\/\/latinoamerica21.com\/es\/wp-json\/wp\/v2\/media\/727"}],"wp:attachment":[{"href":"https:\/\/latinoamerica21.com\/es\/wp-json\/wp\/v2\/media?parent=726"}],"wp:term":[{"taxonomy":"category","embeddable":true,"href":"https:\/\/latinoamerica21.com\/es\/wp-json\/wp\/v2\/categories?post=726"},{"taxonomy":"post_tag","embeddable":true,"href":"https:\/\/latinoamerica21.com\/es\/wp-json\/wp\/v2\/tags?post=726"},{"taxonomy":"gps","embeddable":true,"href":"https:\/\/latinoamerica21.com\/es\/wp-json\/wp\/v2\/gps?post=726"}],"curies":[{"name":"wp","href":"https:\/\/api.w.org\/{rel}","templated":true}]}}