{"id":7277,"date":"2021-08-30T10:10:00","date_gmt":"2021-08-30T13:10:00","guid":{"rendered":"http:\/\/latinoamerica21.com\/?p=7277"},"modified":"2022-06-23T00:51:02","modified_gmt":"2022-06-23T03:51:02","slug":"el-liderazgo-politico-pandemico-y-las-mujeres-gobernantes","status":"publish","type":"post","link":"https:\/\/latinoamerica21.com\/es\/el-liderazgo-politico-pandemico-y-las-mujeres-gobernantes\/","title":{"rendered":"El \u201cliderazgo pol\u00edtico pand\u00e9mico\u201d y las mujeres gobernantes"},"content":{"rendered":"\n<p>En 2020 se dio un cambio significativo en la apreciaci\u00f3n de los liderazgos pol\u00edticos de las mujeres, aunque es muy pronto saber si esta valoraci\u00f3n persistir\u00e1 en el tiempo. La forma como algunas jefas de Estado o de gobierno manejaron la pandemia de la Covid-19 llev\u00f3 a que se realzara su gesti\u00f3n. En Brasil, por ejemplo, un estudio realizado con el apoyo de la Universidad de Sao Paulo y de la Universidad de Barcelona, <a href=\"https:\/\/papers.ssrn.com\/sol3\/papers.cfm?abstract_id=3883010\">que indag\u00f3 sobre la gesti\u00f3n de la pandemia por parte de los alcaldes y las alcaldesas<\/a>, muestra que las alcald\u00edas lideradas por mujeres mostraron una mortalidad 43,7% menor que las lideradas por los hombres.<\/p>\n\n\n\n<p><strong>Liderazgos femeninos frente a la pandemia<\/strong><\/p>\n\n\n\n<p>Un mes despu\u00e9s de que el director de la Organizaci\u00f3n Mundial de la Salud declarara que la Covid-19 era una pandemia, sali\u00f3 publicado un art\u00edculo en <a href=\"https:\/\/www.forbes.com\/sites\/avivahwittenbergcox\/2020\/04\/13\/what-do-countries-with-the-best-coronavirus-reponses-have-in-common-women-leaders\/?sh=7e95e2533dec\"><em>Forbes<\/em> en el que se se\u00f1al\u00f3 que los pa\u00edses que mejor la hab\u00edan manejado ten\u00edan en com\u00fan que eran gobernados por una mujer<\/a>. Se destac\u00f3 la labor realizada por Tsai Ing-wen, presidenta de Taiw\u00e1n; Angela Merkel, canciller de Alemania; las primeras ministras Jacinda Ardern, de Nueva Zelandia; Sanna Marin, de Finlandia; Katr\u00edn Jakobsd\u00f3ttir, de Islandia; Mette Frederiksen, de Dinamarca y Erna Solberg, de Noruega.<\/p>\n\n\n\n<p>A partir de entonces, se publicaron art\u00edculos de prensa en todo el mundo resaltando su gesti\u00f3n en el manejo de la pandemia. Se destacaron cualidades como el cuidado de la ciudadan\u00eda que privilegi\u00f3 la vida de las personas por encima de la racionalidad econ\u00f3mica. Todo ello con <a href=\"http:\/\/latinoamerica21.com\/es\/la-violencia-politica-contra-las-mujeres-en-america-latina\/\" target=\"_blank\" rel=\"noreferrer noopener\">un enfoque que no desmontaba los estereotipos de g\u00e9nero<\/a>, sino que en muchos casos los profundizaba y se segu\u00eda aplicando el doble rasero: <a href=\"https:\/\/www.cambridge.org\/core\/journals\/politics-and-gender\/article\/women-leaders-and-pandemic-performance-a-spurious-correlation\/69FA5BD035CEE66F0FFFC61DF037DD0E\">se evaluaban las conductas de manera distinta si las desarrollaba un hombre o una mujer<\/a>.<\/p>\n\n\n\n<p>Am\u00e9rica Latina no fue una excepci\u00f3n. <a href=\"https:\/\/www.lanacion.com.ar\/el-mundo\/sin-presidentas-y-con-pocas-ministras-que-lugar-ocupan-hoy-las-mujeres-en-el-poder-de-america-latina-nid14082021\/\">Aunque la regi\u00f3n actualmente no tiene mujeres gobernantes en la c\u00faspide del Poder Ejecutivo<\/a>, hay mujeres que dirigen gobiernos regionales o locales.<\/p>\n\n\n\n<p>El estudio mencionado al inicio del texto, adem\u00e1s de mostrar una mortalidad sensiblemente menor de las alcald\u00edas lideradas por mujeres, demuestra tambi\u00e9n que estas tuvieron un 30,4% menos de hospitalizaciones por Covid-19. Adem\u00e1s, los autores del estudio concluyeron que si la mitad de los municipios de Brasil hubiesen estado liderados por mujeres, la mortalidad en el pa\u00eds hubiese sido menor en un 15%.<\/p>\n\n\n\n<p>Es importante destacar que un enfoque excesivo en el g\u00e9nero de los liderazgos para determinar los factores de \u00e9xito en la gesti\u00f3n de la pandemia puede resultar contraproducente para las mujeres; <a href=\"https:\/\/www.vox.com\/2020\/5\/21\/21263766\/coronavirus-women-leaders-germany-new-zealand-taiwan-merkel\">se corre el riesgo de que se les eval\u00fae con mayor exigencia y que reciban un rechazo mayor si no cumplen con los est\u00e1ndares establecidos<\/a>.<\/p>\n\n\n\n<p><a><strong>\u00bfQu\u00e9 tienen en com\u00fan los pa\u00edses liderados por mujeres que han gestionado con \u00e9xito la pandemia?<\/strong><\/a><\/p>\n\n\n\n<p>Lo primero a destacar es que los siete pa\u00edses pertenecen al Norte global. Presentan una s\u00f3lida institucionalidad, alta inversi\u00f3n social, incluida la salud p\u00fablica (est\u00e1 demostrado que los pa\u00edses dirigidos por mujeres invierten m\u00e1s en esta \u00e1rea y eso est\u00e1 asociado con un menor n\u00famero de muertes por la Covid-19), est\u00e1n en <a href=\"https:\/\/www.ar.undp.org\/content\/argentina\/es\/home\/presscenter\/pressreleases\/2020\/IDH2020Antropoceno.htm\">los primeros lugares del \u00cdndice de Desarrollo Humano<\/a> y hay una <a href=\"https:\/\/www.unwomen.org\/es\/digital-library\/publications\/2021\/03\/women-in-politics-map-2021\">presencia alta de mujeres en los \u00f3rganos legislativos que est\u00e1 por encima del 30%<\/a> . &nbsp;&nbsp;<\/p>\n\n\n\n<p>Por lo tanto, estos pa\u00edses estaban entre los m\u00e1s preparados para gestionar la pandemia. Cabe destacar, no obstante, que se observaron diferencias entre estos pa\u00edses y otros liderados por hombres que tambi\u00e9n est\u00e1n entre los que tienen mayor \u00cdndice de Desarrollo Humano y una institucionalidad s\u00f3lida, como Suecia y Reino Unido.<\/p>\n\n\n\n<p>Esta informaci\u00f3n puede llevar a conclusiones simplistas de que las mujeres lo hicieron mejor por razones de g\u00e9nero, pero es necesario profundizar y responder a un conjunto de interrogantes: \u00bfc\u00f3mo fueron estas actuaciones? \u00bfqu\u00e9 medidas se tomaron? \u00bfqu\u00e9 determin\u00f3 una gesti\u00f3n exitosa?<\/p>\n\n\n\n<p><strong>Liderazgo pand\u00e9mico<\/strong><\/p>\n\n\n\n<p>Bas\u00e1ndose en una investigaci\u00f3n sobre la gesti\u00f3n de la pandemia de la primera ministra de Nueva Zelandia, <a href=\"https:\/\/www.bbc.com\/news\/world-asia-53274085\">Jacinta Ardern, considerada una de las m\u00e1s exitosas<\/a>, Suze Wilson desarroll\u00f3 el concepto de \u201cliderazgo pand\u00e9mico\u201d y los elementos que se tuvieron en cuenta en el manejo de la Covid-19. <a href=\"https:\/\/journals.sagepub.com\/doi\/10.1177\/1742715020929151\">Su estudio<\/a> establece un marco anal\u00edtico que permite evaluar las actuaciones de las siete mujeres gobernantes se\u00f1aladas en este art\u00edculo.<\/p>\n\n\n\n<p>El primer factor se refiere a la importancia que se le dio a las orientaciones y directrices de las personas expertas en pandemia a la hora de tomar decisiones. En el caso de \u00c1ngela Merkel, se asesor\u00f3 con una red de expertos provenientes de distintas agencias de salud p\u00fablica y universidades.<\/p>\n\n\n\n<p>Otro elemento a destacar es el manejo de informaci\u00f3n seria, cre\u00edble y oportuna, que llegue a la ciudadan\u00eda. La primera ministra neozelandesa ha sido elogiada por la manera c\u00f3mo ha manejado la informaci\u00f3n a trav\u00e9s de las redes sociales y se ha mantenido en contacto con la ciudadan\u00eda. Tambi\u00e9n destaca el caso de la primera ministra de Finlandia, quien us\u00f3 a <em>influencers <\/em>para informar a la poblaci\u00f3n m\u00e1s joven y evitar la propagaci\u00f3n del virus.<\/p>\n\n\n\n<p>La empat\u00eda ha sido uno de los factores altamente valorados en el contexto de la pandemia. Se han destacado los liderazgos que han reconocido p\u00fablicamente el impacto de las medidas tomadas en la vida cotidiana y el mensaje que han transmitido sobre la necesidad de unir esfuerzos. En este caso destaca la <a href=\"https:\/\/www.regjeringen.no\/en\/aktuelt\/statement-at-press-conference-for-kids\/id2694114\/\">primera ministra de Noruega, quien us\u00f3 la televisi\u00f3n para hablarle a la ni\u00f1ez de su pa\u00eds sobre el virus<\/a>.<\/p>\n\n\n\n<p>El manejo de aspectos pr\u00e1cticos por parte de quienes ejercen el liderazgo tambi\u00e9n ha sido importante. En ese sentido, Jacinda Ardern grab\u00f3 videos sobre la vida cotidiana para concientizar sobre el confinamiento, mientras que <a href=\"https:\/\/www.dw.com\/es\/angela-merkel-sobre-el-coronavirus-somos-una-comunidad-en-la-que-cada-vida-y-cada-persona-cuentan\/a-52830982\">\u00c1ngela Merkel explic\u00f3 que se garantizar\u00eda el abastecimiento permanente de alimentos e inst\u00f3 a la ciudadan\u00eda a evitar el acaparamiento<\/a>.<\/p>\n\n\n\n<p>Estas l\u00edderes actuaron, adem\u00e1s, de forma r\u00e1pida y oportuna, y aunque tomaron medidas impopulares que afectaron la econom\u00eda como el confinamiento obligatorio, las estrategias permitieron un manejo eficiente de la Covid-19. Pero no hay una relaci\u00f3n directa entre esta forma de actuar y el hecho de ser mujeres. Tambi\u00e9n algunos hombres gestionaron de forma eficiente la pandemia, aunque no se hable de ellos.<\/p>\n\n\n\n<p>Lo dicho anteriormente no desconoce el hecho que, por socializaci\u00f3n de g\u00e9nero, las mujeres lideresas hayan tenido m\u00e1s desarrollados ciertos rasgos fundamentales para el manejo de la pandemia, como la empat\u00eda y la cercan\u00eda con la poblaci\u00f3n.<\/p>\n\n\n\n<p>Que estos rasgos, considerados \u201ct\u00edpicamente\u201d femeninos, sean valorados de forma positiva, lo que no ocurr\u00eda anteriormente, parece abrir un camino nuevo en el estudio del liderazgo pol\u00edtico. Tambi\u00e9n hay que reconocer el impacto que tiene en la representaci\u00f3n simb\u00f3lica el hecho de que la gesti\u00f3n de las mujeres gobernantes sea evaluada positivamente.<\/p>\n\n\n\n<p><\/p>\n\n\n\n<hr class=\"wp-block-separator has-alpha-channel-opacity\"\/>\n\n\n\n<p class=\"has-text-align-right\"><strong><em>Episodio relacionado de nuestro\u00a0<\/em><\/strong><a href=\"https:\/\/latinoamerica21.com\/podcast\/\"><strong><em>podcast<\/em><\/strong><\/a><strong>:<\/strong><\/p>\n\n\n\n<figure class=\"wp-block-embed is-type-rich is-provider-spotify wp-block-embed-spotify wp-embed-aspect-21-9 wp-has-aspect-ratio\"><div class=\"wp-block-embed__wrapper\">\n<iframe title=\"Spotify Embed: Mujeres y poder en Am\u00e9rica Latina. 1era parte\" style=\"border-radius: 12px\" width=\"100%\" height=\"152\" frameborder=\"0\" allowfullscreen allow=\"autoplay; clipboard-write; encrypted-media; fullscreen; picture-in-picture\" loading=\"lazy\" src=\"https:\/\/open.spotify.com\/embed\/episode\/7m9R6TX3viEPixDyeRkTia?si=oAmFx0n9R2ascntCxv8Vww&#038;utm_source=oembed\"><\/iframe>\n<\/div><\/figure>\n","protected":false},"excerpt":{"rendered":"<p>Un estudio realizado con el apoyo de la Universidad de Sao Paulo y de la Universidad de Barcelona, que indag\u00f3 sobre la gesti\u00f3n de la pandemia, muestra que las alcald\u00edas lideradas por mujeres mostraron una mortalidad 43,7% menor que las lideradas por hombres.<\/p>\n","protected":false},"author":257,"featured_media":7280,"comment_status":"closed","ping_status":"closed","sticky":false,"template":"","format":"standard","meta":{"_acf_changed":false,"episode_type":"","audio_file":"","cover_image":"","cover_image_id":"","duration":"","filesize":"","filesize_raw":"","date_recorded":"","explicit":"","block":"","itunes_episode_number":"","itunes_title":"","itunes_season_number":"","itunes_episode_type":"","footnotes":""},"categories":[16496,16496],"tags":[],"gps":[],"class_list":{"0":"post-7277","1":"post","2":"type-post","3":"status-publish","4":"format-standard","5":"has-post-thumbnail","7":"category-mujeres"},"acf":[],"_links":{"self":[{"href":"https:\/\/latinoamerica21.com\/es\/wp-json\/wp\/v2\/posts\/7277","targetHints":{"allow":["GET"]}}],"collection":[{"href":"https:\/\/latinoamerica21.com\/es\/wp-json\/wp\/v2\/posts"}],"about":[{"href":"https:\/\/latinoamerica21.com\/es\/wp-json\/wp\/v2\/types\/post"}],"author":[{"embeddable":true,"href":"https:\/\/latinoamerica21.com\/es\/wp-json\/wp\/v2\/users\/257"}],"replies":[{"embeddable":true,"href":"https:\/\/latinoamerica21.com\/es\/wp-json\/wp\/v2\/comments?post=7277"}],"version-history":[{"count":0,"href":"https:\/\/latinoamerica21.com\/es\/wp-json\/wp\/v2\/posts\/7277\/revisions"}],"wp:featuredmedia":[{"embeddable":true,"href":"https:\/\/latinoamerica21.com\/es\/wp-json\/wp\/v2\/media\/7280"}],"wp:attachment":[{"href":"https:\/\/latinoamerica21.com\/es\/wp-json\/wp\/v2\/media?parent=7277"}],"wp:term":[{"taxonomy":"category","embeddable":true,"href":"https:\/\/latinoamerica21.com\/es\/wp-json\/wp\/v2\/categories?post=7277"},{"taxonomy":"post_tag","embeddable":true,"href":"https:\/\/latinoamerica21.com\/es\/wp-json\/wp\/v2\/tags?post=7277"},{"taxonomy":"gps","embeddable":true,"href":"https:\/\/latinoamerica21.com\/es\/wp-json\/wp\/v2\/gps?post=7277"}],"curies":[{"name":"wp","href":"https:\/\/api.w.org\/{rel}","templated":true}]}}