{"id":7540,"date":"2021-09-25T09:00:00","date_gmt":"2021-09-25T12:00:00","guid":{"rendered":"http:\/\/latinoamerica21.com\/?p=7540"},"modified":"2023-10-24T10:59:49","modified_gmt":"2023-10-24T13:59:49","slug":"mexico-impulsa-un-nuevo-modelo-de-integracion-en-america","status":"publish","type":"post","link":"https:\/\/latinoamerica21.com\/es\/mexico-impulsa-un-nuevo-modelo-de-integracion-en-america\/","title":{"rendered":"M\u00e9xico impulsa un nuevo modelo de integraci\u00f3n en Am\u00e9rica"},"content":{"rendered":"\n<p>La reci\u00e9n concluida VI Cumbre de Estados Latinoamericanos y del Caribe (CELAC), en la Ciudad de M\u00e9xico, ha generado diversas lecturas. En primera instancia, parecer\u00eda que este fue un intento de la Canciller\u00eda mexicana por liderar <a href=\"http:\/\/latinoamerica21.com\/es\/brasil-un-extrano-en-su-propio-continente\/\" target=\"_blank\" rel=\"noreferrer noopener\">un nuevo proceso de integraci\u00f3n regional desde una perspectiva progresista<\/a>. El objetivo ser\u00eda construir un nuevo acuerdo entre Am\u00e9rica Latina y el Caribe con Estados Unidos y Canad\u00e1, para buscar la integraci\u00f3n de las am\u00e9ricas antes el avance chino.<\/p>\n\n\n\n<p><strong>La ruta de la integraci\u00f3n seg\u00fan AMLO<\/strong><\/p>\n\n\n\n<p>La narrativa del gobierno de la 4T, como Andr\u00e9s Manuel L\u00f3pez Obrador ha denominado a su sexenio al igualarlo a las tres transformaciones clave de la historia de M\u00e9xico como la independencia, la Reforma y la Revoluci\u00f3n, ha sido expl\u00edcita en su relectura nacionalista de la historia patria y su ofensiva contra los gobiernos neoliberales precedentes.<\/p>\n\n\n\n<p>En el pasado, durante los a\u00f1os del priismo hegem\u00f3nico en los 70\u2019 y 80\u2019, presidentes mexicanos intentaron construir alianzas progresistas en la regi\u00f3n bajo el liderazgo de M\u00e9xico, aprovechando las tendencias geopol\u00edticas de la integraci\u00f3n tercermundista postcolonial. Mientras que, en la actualidad, la centralidad de Cuba en la celebraci\u00f3n de la Independencia Nacional mexicana, incluyendo la propuesta de declarar a la isla la \u201cnueva Numancia\u201d y Patrimonio de la Humanidad, reflejan la afinidad ideol\u00f3gica de L\u00f3pez Obrador por la Revoluci\u00f3n Cubana, a pesar de la desgastada credibilidad internacional del gobierno de la isla.<\/p>\n\n\n\n<p>En este marco, el Canciller Marcelo Ebrard, hab\u00eda reconocido recientemente que el modelo de la Organizaci\u00f3n de Estados Americanos (OEA) estaba agotado, pues era el reflejo de un dise\u00f1o de hegemon\u00eda geopol\u00edtica. En sus palabras, \u201cse acab\u00f3 la guerra fr\u00eda, pero surgi\u00f3 la supremac\u00eda de Estados Unidos, sigui\u00f3 la batalla en contra de cualquier opci\u00f3n que no les pareciera\u201d. La intervenci\u00f3n en el \u2018golpe\u2019 de Bolivia y el bloqueo a Cuba, a pesar de los 184 votos en Naciones Unidas, lo demostraban.<\/p>\n\n\n\n<p><strong>Una nueva relaci\u00f3n con Estados Unidos<\/strong><\/p>\n\n\n\n<p>En este contexto, el objetivo de la cumbre ser\u00eda construir un nuevo acuerdo entre Am\u00e9rica Latina y el Caribe con Estados Unidos y Canad\u00e1, respecto a \u201cc\u00f3mo se deben organizar ahora las Am\u00e9rica\u201d. El mensaje preciso de Ebrard fue que el objetivo no est\u00e1 en la OEA, sino en la relaci\u00f3n con Estados Unidos. Por lo tanto, los objetivos de la Cumbre de la CELAC para el gobierno de M\u00e9xico rebasan la refundaci\u00f3n de un organismo interamericano de cooperaci\u00f3n y desarrollo regional.<\/p>\n\n\n\n<p>Desde mi punto de vista, M\u00e9xico est\u00e1 mirando acertadamente los riesgos a mediano y largo plazo de la creciente hegemon\u00eda geopol\u00edtica de China frente a una Am\u00e9rica dividida y d\u00e9bil econ\u00f3mica y comercialmente.<\/p>\n\n\n\n<p>En esa l\u00ednea, <a href=\"https:\/\/www.jornada.com.mx\/notas\/2021\/07\/24\/politica\/238-aniversario-del-natalicio-de-simon-bolivar-desde-el-castillo-de-chapultepec\/\" target=\"_blank\" rel=\"noreferrer noopener\">el discurso del presidente mexicano del 24 de julio pasado en el 238 Aniversario del Natalicio de Sim\u00f3n Bol\u00edvar<\/a> fue fundamental. All\u00ed, L\u00f3pez Obrador reconoci\u00f3 el pasado injerencista de la potencia del norte en la regi\u00f3n y el agotamiento de un modelo de relaci\u00f3n con Am\u00e9rica Latina basada en la integraci\u00f3n o la oposici\u00f3n defensiva frente a EE UU. A cambio, propuso a los pa\u00edses de la regi\u00f3n dialogar y persuadir a los gobiernos estadounidenses de que \u201cuna nueva relaci\u00f3n es posible\u201d; es decir, una nueva convivencia entre los pa\u00edses soberanos de Am\u00e9rica.<\/p>\n\n\n\n<p>Seg\u00fan el l\u00edder mexicano, el momento es oportuno dado el crecimiento desmesurado de la econom\u00eda China en los \u00faltimos treinta a\u00f1os. El reto para los pa\u00edses latinoamericanos es \u201cfortalecernos econ\u00f3mica y comercialmente con Am\u00e9rica del Norte y todo el continente\u201d. De ah\u00ed, la propuesta de construir un organismo semejante a la Uni\u00f3n Europea, \u201cpero apegado a nuestra historia\u201d.<\/p>\n\n\n\n<p>La propuesta del presidente mexicano para los gobiernos latinoamericanos es trabajar en una integraci\u00f3n productiva con proyecci\u00f3n social que permita una \u201cmodernizaci\u00f3n desde abajo\u201d, basada en los principios de no intervenci\u00f3n, autodeterminaci\u00f3n, cooperaci\u00f3n y no sometimiento por ning\u00fan medio. Solo as\u00ed Am\u00e9rica Latina podr\u00e1 lograr una integraci\u00f3n soberana con Estados Unidos y Canad\u00e1 a fin de recuperar el terreno perdido frente al crecimiento imponente de la econom\u00eda China, y el logro de una geopol\u00edtica sin hegemon\u00eda en el futuro.<\/p>\n\n\n\n<p>Por lo tanto, el objetivo estrat\u00e9gico de la Canciller\u00eda mexicana para cuando entregue la presidencia pro tempore de la CELAC es haber alcanzado una integraci\u00f3n interamericana que fortalezca econ\u00f3micamente a EE UU y permita un equilibrio en la geopol\u00edtica internacional sin hegemon\u00eda de ning\u00fan pa\u00eds.<\/p>\n\n\n\n<p><strong>Las presiones del realismo pol\u00edtico<\/strong><\/p>\n\n\n\n<p>Lo interesante es que las presiones del realismo pol\u00edtico han jugado un papel importante en el dise\u00f1o de esta estrategia. D\u00edas previos a la Cumbre se celebr\u00f3 en Washington el Di\u00e1logo Econ\u00f3mico de Alto Nivel entre los gobiernos de EE UU y M\u00e9xico. All\u00ed, se cre\u00f3 un nuevo marco estrat\u00e9gico para la relaci\u00f3n bilateral y \u201clas herramientas para una prosperidad futura\u201d basada en una alianza estrat\u00e9gica de apoyo a EE UU en su lucha de largo plazo contra China y Rusia.<\/p>\n\n\n\n<p>Seg\u00fan fuentes period\u00edsticas mexicanas, en esta nueva guerra fr\u00eda digital M\u00e9xico ya tom\u00f3 partido al comprometerse a \u201capoyar una compatibilidad regulatoria y la mitigaci\u00f3n de riesgos en temas relacionados con las tecnolog\u00edas de informaci\u00f3n, comunicaci\u00f3n, redes, ciberseguridad, telecomunicaciones e infraestructura\u201d.<\/p>\n\n\n\n<p>No obstante, la Cumbre CELAC evidenci\u00f3 la magnitud del reto de la integraci\u00f3n latinoamericana al persistir importantes diferencias en la concepci\u00f3n del desarrollo, la integraci\u00f3n comercial y, sobre todo, la posici\u00f3n frente a los temas de la democracia y los derechos humanos. La oposici\u00f3n frontal de ciertos gobiernos de derecha frente a reg\u00edmenes autocr\u00e1ticos como Cuba, Venezuela y Nicaragua, y la reticencia de ciertos progresismos a la libertad de mercado y comercio podr\u00edan ser frenos importantes a la innovaci\u00f3n productiva, tecnol\u00f3gica y al mercado com\u00fan interamericano.<\/p>\n\n\n\n<p>Sin valores compartidos sobre los derechos y libertades civiles, pol\u00edticas y sociales le ser\u00e1 imposible a cualquier canciller\u00eda lograr el sue\u00f1o de Bol\u00edvar.<\/p>\n\n\n\n<p><em><sub>Foto de US Embassy _ Mexico<\/sub><\/em><\/p>\n","protected":false},"excerpt":{"rendered":"<p>La VI Cumbre de Estados Latinoamericanos y del Caribe (CELAC), en la Ciudad de M\u00e9xico, ha generado diversas lecturas. Una es que el objetivo de AMLO es construir un nuevo acuerdo de integraci\u00f3n de las am\u00e9ricas ante el avance chino.<\/p>\n","protected":false},"author":175,"featured_media":7541,"comment_status":"closed","ping_status":"closed","sticky":false,"template":"","format":"standard","meta":{"_acf_changed":false,"episode_type":"","audio_file":"","cover_image":"","cover_image_id":"","duration":"","filesize":"","filesize_raw":"","date_recorded":"","explicit":"","block":"","itunes_episode_number":"","itunes_title":"","itunes_season_number":"","itunes_episode_type":"","footnotes":""},"categories":[16466,16466,16468,16468,16518,16518],"tags":[14126],"gps":[],"class_list":{"0":"post-7540","1":"post","2":"type-post","3":"status-publish","4":"format-standard","5":"has-post-thumbnail","7":"category-mexico","9":"category-politica","11":"category-relaiciones-internacionales","13":"tag-debates-br-es"},"acf":[],"_links":{"self":[{"href":"https:\/\/latinoamerica21.com\/es\/wp-json\/wp\/v2\/posts\/7540","targetHints":{"allow":["GET"]}}],"collection":[{"href":"https:\/\/latinoamerica21.com\/es\/wp-json\/wp\/v2\/posts"}],"about":[{"href":"https:\/\/latinoamerica21.com\/es\/wp-json\/wp\/v2\/types\/post"}],"author":[{"embeddable":true,"href":"https:\/\/latinoamerica21.com\/es\/wp-json\/wp\/v2\/users\/175"}],"replies":[{"embeddable":true,"href":"https:\/\/latinoamerica21.com\/es\/wp-json\/wp\/v2\/comments?post=7540"}],"version-history":[{"count":0,"href":"https:\/\/latinoamerica21.com\/es\/wp-json\/wp\/v2\/posts\/7540\/revisions"}],"wp:featuredmedia":[{"embeddable":true,"href":"https:\/\/latinoamerica21.com\/es\/wp-json\/wp\/v2\/media\/7541"}],"wp:attachment":[{"href":"https:\/\/latinoamerica21.com\/es\/wp-json\/wp\/v2\/media?parent=7540"}],"wp:term":[{"taxonomy":"category","embeddable":true,"href":"https:\/\/latinoamerica21.com\/es\/wp-json\/wp\/v2\/categories?post=7540"},{"taxonomy":"post_tag","embeddable":true,"href":"https:\/\/latinoamerica21.com\/es\/wp-json\/wp\/v2\/tags?post=7540"},{"taxonomy":"gps","embeddable":true,"href":"https:\/\/latinoamerica21.com\/es\/wp-json\/wp\/v2\/gps?post=7540"}],"curies":[{"name":"wp","href":"https:\/\/api.w.org\/{rel}","templated":true}]}}